{"id":17689,"date":"2014-10-05T22:33:12","date_gmt":"2014-10-05T20:33:12","guid":{"rendered":"http:\/\/www.invarena.cz\/?p=17689"},"modified":"2014-10-05T22:33:57","modified_gmt":"2014-10-05T20:33:57","slug":"novy-zpusob-rozdelovani-dotaci","status":"publish","type":"post","link":"https:\/\/www.invarena.cz\/?p=17689","title":{"rendered":"Nov\u00fd zp\u016fsob rozd\u011blov\u00e1n\u00ed dotac\u00ed"},"content":{"rendered":"<p><strong> Soci\u00e1ln\u00ed organizace se p\u0159ipravuj\u00ed na nov\u00fd zp\u016fsob rozd\u011blov\u00e1n\u00ed dotac\u00ed. O tom, kam pen\u00edze od st\u00e1tu p\u016fjdou,budou nov\u011b rozhodovat samotn\u00e9 kraje, a nikoliv ministerstvo.<\/strong> <!--more--><\/p>\n<p><em><strong>\u010cesk\u00e1 televize &#8211; report\u00e1\u017e<\/strong><\/em><\/p>\n<p>Poskytovatel\u00e9 slu\u017eeb to v\u011bt\u0161inou v\u00edtaj\u00ed. Oni sami pr\u00fd l\u00e9pe rozum\u011bj\u00ed pot\u0159eb\u00e1m regionu. P\u0159\u00edjemce dotac\u00ed ale \u010dekaj\u00ed d\u016fsledn\u011bj\u0161\u00ed kontroly.<br \/>\nOb\u010dansk\u00e9 sdru\u017een\u00ed Amalthea se v\u011bnuje p\u011bstoun\u016fm a pom\u00e1h\u00e1 rodin\u00e1m, kter\u00e9 se dostaly do slo\u017eit\u00e9 situace kv\u016fli bydlen\u00ed nebo vztah\u016fm mezi partnery. Na svoje slu\u017eby po\u017eaduje ro\u010dn\u011b od st\u00e1tu 4 a\u017e 5 milion\u016f korun.<\/p>\n<p>David SVOBODA, \u0159editel, Amalthea:<br \/>\nKdybychom ty finance nem\u011bli v dostate\u010dn\u00e9 m\u00ed\u0159e, tak to samoz\u0159ejm\u011b ohroz\u00ed poskytov\u00e1n\u00ed t\u00e9 slu\u017eby.<\/p>\n<p>redaktor:<br \/>\nKolik pen\u011bz sdru\u017een\u00ed dostane, budou nov\u011b rozhodovat \u00fa\u0159edn\u00edci a zastupitel\u00e9 kraje. \u017d\u00e1dosti o dotace p\u0159ipravuj\u00ed i dal\u0161\u00ed organizace v soci\u00e1ln\u00edch slu\u017eb\u00e1ch.<\/p>\n<p>Petr KREJ\u010c\u00cd, \u0159editel, Soci\u00e1ln\u00ed slu\u017eby m\u011bsta Pardubic:<br \/>\nKrajsk\u00fd \u00fa\u0159ad velmi dob\u0159e zn\u00e1 na\u0161e pot\u0159eby, v\u00ed o n\u00e1s, zn\u00e1me se. P\u0159edpokl\u00e1d\u00e1m, \u017ee to pro n\u00e1s m\u016f\u017ee b\u00fdt jist\u00fdm zp\u016fsobem v\u00fdhoda.<\/p>\n<p>redaktor:<br \/>\nVeden\u00ed kraje slibuje spravedliv\u00e9 rozd\u011blov\u00e1n\u00ed pen\u011bz. P\u00e9\u010di o d\u011bti, seniory nebo posti\u017een\u00e9 chce m\u00edt pod v\u011bt\u0161\u00ed kontrolou.<\/p>\n<p>Helena ZAH\u00c1LKOV\u00c1, vedouc\u00ed odboru soci\u00e1ln\u00edch v\u011bc\u00ed, K\u00da Pardubick\u00e9ho kraje:<br \/>\nUr\u010dit\u011b bude d\u016fsledn\u011bj\u0161\u00ed a kontrola bude v\u00edce nav\u00e1zan\u00e1 na smlouvy a krit\u00e9ria, kter\u00e1 m\u00e1me stanoven\u00e1 pro jednotliv\u00e9 slu\u017eby.<\/p>\n<p>redaktor:<br \/>\nZ celkov\u00fdch t\u00e9m\u011b\u0159 8 miliard korun by organizace v regionu m\u011bly dostat v\u00edc ne\u017e 5 %.<\/p>\n<p>Helena ZAH\u00c1LKOV\u00c1, vedouc\u00ed odboru soci\u00e1ln\u00edch v\u011bc\u00ed, K\u00da Pardubick\u00e9ho kraje:<br \/>\nP\u0159edpokl\u00e1d\u00e1me, \u017ee by to mohlo b\u00fdt kolem 420 milion\u016f korun pro Pardubick\u00fd kraj.<\/p>\n<p>redaktor:<br \/>\nPoskytovatel\u00e9 soci\u00e1ln\u00edch slu\u017eeb mohou \u017e\u00e1dosti pos\u00edlat od \u0159\u00edjna. V domov\u011b pro seniory nap\u0159\u00edklad doufaj\u00ed, \u017ee dotace pom\u016f\u017eou vy\u0159e\u0161it nedostatek o\u0161et\u0159ovatel\u016f.<\/p>\n<p>Monika KOPECK\u00c1, vedouc\u00ed Domova pro seniory, Pardubice:<br \/>\n<span class=\"highlight\">Zdravotn\u00ed<\/span> stav na\u0161ich klient\u016f se hor\u0161\u00ed a pot\u0159ebujeme nav\u00fd\u0161it po\u010det person\u00e1lu, kter\u00fd by tady tu p\u00e9\u010di<\/p>\n<p>redaktor:<br \/>\nPro srovn\u00e1n\u00ed: zat\u00edmco v roce 2007 Soci\u00e1ln\u00ed slu\u017eby m\u011bsta Pardubic hospoda\u0159ily se stomilionov\u00fdm rozpo\u010dtem, kv\u016fli rostouc\u00edm n\u00e1klad\u016fm a roz\u0161i\u0159ov\u00e1n\u00ed slu\u017eeb je tato \u010d\u00e1stka letos u\u017e o 60 milion\u016f vy\u0161\u0161\u00ed.<\/p>\n<p>ilustra\u010dn\u00ed foto: Cohdra \/ MorgueFile<\/p>\n","protected":false},"excerpt":{"rendered":"<div class=\"mh-excerpt\"><p>Soci\u00e1ln\u00ed organizace se p\u0159ipravuj\u00ed na nov\u00fd zp\u016fsob rozd\u011blov\u00e1n\u00ed dotac\u00ed. O tom, kam pen\u00edze od st\u00e1tu p\u016fjdou,budou nov\u011b rozhodovat samotn\u00e9 kraje, a nikoliv ministerstvo.<\/p>\n<\/div>","protected":false},"author":1,"featured_media":14576,"comment_status":"open","ping_status":"closed","sticky":false,"template":"","format":"standard","meta":{"footnotes":""},"categories":[1],"tags":[],"class_list":["post-17689","post","type-post","status-publish","format-standard","has-post-thumbnail","hentry","category-nezarazene"],"_links":{"self":[{"href":"https:\/\/www.invarena.cz\/index.php?rest_route=\/wp\/v2\/posts\/17689","targetHints":{"allow":["GET"]}}],"collection":[{"href":"https:\/\/www.invarena.cz\/index.php?rest_route=\/wp\/v2\/posts"}],"about":[{"href":"https:\/\/www.invarena.cz\/index.php?rest_route=\/wp\/v2\/types\/post"}],"author":[{"embeddable":true,"href":"https:\/\/www.invarena.cz\/index.php?rest_route=\/wp\/v2\/users\/1"}],"replies":[{"embeddable":true,"href":"https:\/\/www.invarena.cz\/index.php?rest_route=%2Fwp%2Fv2%2Fcomments&post=17689"}],"version-history":[{"count":0,"href":"https:\/\/www.invarena.cz\/index.php?rest_route=\/wp\/v2\/posts\/17689\/revisions"}],"wp:featuredmedia":[{"embeddable":true,"href":"https:\/\/www.invarena.cz\/index.php?rest_route=\/wp\/v2\/media\/14576"}],"wp:attachment":[{"href":"https:\/\/www.invarena.cz\/index.php?rest_route=%2Fwp%2Fv2%2Fmedia&parent=17689"}],"wp:term":[{"taxonomy":"category","embeddable":true,"href":"https:\/\/www.invarena.cz\/index.php?rest_route=%2Fwp%2Fv2%2Fcategories&post=17689"},{"taxonomy":"post_tag","embeddable":true,"href":"https:\/\/www.invarena.cz\/index.php?rest_route=%2Fwp%2Fv2%2Ftags&post=17689"}],"curies":[{"name":"wp","href":"https:\/\/api.w.org\/{rel}","templated":true}]}}