{"id":17690,"date":"2014-10-02T09:47:20","date_gmt":"2014-10-02T07:47:20","guid":{"rendered":"http:\/\/www.invarena.cz\/?p=17690"},"modified":"2014-10-02T09:47:20","modified_gmt":"2014-10-02T07:47:20","slug":"chranene-dilny-bojuji-o-preziti","status":"publish","type":"post","link":"https:\/\/www.invarena.cz\/?p=17690","title":{"rendered":"Chr\u00e1n\u011bn\u00e9 d\u00edlny bojuj\u00ed o p\u0159e\u017eit\u00ed"},"content":{"rendered":"<p><strong>Liberec m\u00e1 za sebou konferenci o zam\u011bstn\u00e1v\u00e1n\u00ed zdravotn\u011b posti\u017een\u00fdch lid\u00ed. Chr\u00e1n\u011bn\u00e9 d\u00edlny, kter\u00e9 pr\u00e1ci nab\u00edzej\u00ed, doslova bojuj\u00ed o p\u0159e\u017eit\u00ed. Na konferenci p\u0159ijeli odborn\u00edci z \u010cesk\u00e9 n\u00e1rodn\u00ed rady osob se <span class=\"highlight\">zdravotn\u00edm<\/span> posti\u017een\u00edm a tak\u00e9 z Rakouska. \/ilustra\u010dn\u00ed sn\u00edmek\/<\/strong> <!--more--><\/p>\n<p><em><strong>\u010cesk\u00fd rozhlas &#8211; report\u00e1\u017e<\/strong><\/em><\/p>\n<p>Lid\u00e9 z libereck\u00e9 chr\u00e1n\u011bn\u00e9 d\u00edlny Drak, kte\u0159\u00ed se konference z\u00fa\u010dastnili, by byli r\u00e1di, kdyby se rakousk\u00fdm syst\u00e9mem podpory posti\u017een\u00fdch n\u00e1\u0161 st\u00e1t inspiroval.<\/p>\n<p>Ekonomka chr\u00e1n\u011bn\u00e9 d\u00edlny D.R.A.K. v Liberci Martina Hanke ocenila syst\u00e9m podpory zam\u011bstn\u00e1v\u00e1n\u00ed zdravotn\u011b posti\u017een\u00fdch lid\u00ed v Rakousku.<\/p>\n<p>Martina HANKE, ekonomka chr\u00e1n\u011bn\u00e9 d\u00edlny D.R.A.K. v Liberci:<br \/>\nOni maj\u00ed hodn\u011b dob\u0159e propracovan\u00fd ten syst\u00e9m podchycen\u00ed t\u011bch zdravotn\u011b posti\u017een\u00fdch osob, se kter\u00fdmi vlastn\u011b pracuj\u00ed od za\u010d\u00e1tku toho handicapu. Sna\u017e\u00ed se je diagnostikovat z r\u016fzn\u00fdch \u00fahl\u016f pohledu pracovn\u00edho i soci\u00e1ln\u00edch. Sna\u017e\u00ed se jim vytvo\u0159it takov\u00fd pl\u00e1n dal\u0161\u00ed pr\u00e1ce s nimi, kter\u00fd jim umo\u017e\u0148uje vr\u00e1tit se do pracovn\u00edho procesu v n\u011bkter\u00e9 organizaci nebo u podnikatele.<\/p>\n<p>V \u010cesku je to tak, \u017ee pen\u00edze dost\u00e1vaj\u00ed chr\u00e1n\u011bn\u00e9 d\u00edlny. Hrad\u00ed se ale jen osobn\u00ed a provozn\u00ed n\u00e1klady, eventu\u00e1ln\u011b taky pr\u00e1ce asistent\u016f. Hled\u00e1n\u00ed zak\u00e1zek je ale v posledn\u00ed dob\u011b velmi t\u011b\u017ek\u00e9. Zam\u011bstnanci D.R.A.K.u tvrd\u00ed, \u017ee se v\u011bt\u0161ina z nich musela sm\u00ed\u0159it s t\u00edm, \u017ee mus\u00ed d\u011blat, co je pot\u0159eba. Nap\u0159\u00edklad V\u00edtek te\u010f d\u011bl\u00e1 v\u00e1no\u010dn\u00ed ozdoby, d\u0159\u00edve ale pracoval v zoo.<\/p>\n<p>redaktorka:<br \/>\nBlanka Hofmanov\u00e1 je vyu\u010den\u00e1 \u0161vadlena.<\/p>\n<p>Blanka HOFMANOV\u00c1, :<br \/>\nP\u0159edt\u00edm jsem d\u011blala v Koloseum, v cukr\u00e1rn\u011b.<\/p>\n<p>Ivana BERN\u00c1THOV\u00c1, redaktorka:<br \/>\nTe\u010f je ale Blanka \u0161\u0165astn\u00e1, proto\u017ee pracuje v \u0161ic\u00ed d\u00edln\u011b. Bere mzdu a \u010d\u00e1ste\u010dn\u00fd invalidn\u00ed d\u016fchod a pen\u00edze nav\u00edc si pak u\u017e\u00edv\u00e1 na v\u00fdletech s vnou\u010daty. \u0160koda ale je, \u017ee v chr\u00e1n\u011bn\u00e9 d\u00edln\u011b nen\u00ed pr\u00e1ce pro v\u00edc lid\u00ed. Povzdechne si Martina Hanke.<\/p>\n<p>Martina HANKE, ekonomka chr\u00e1n\u011bn\u00e9 d\u00edlny D.R.A.K. v Liberci:<br \/>\nNep\u0159ib\u00edr\u00e1me nov\u00e9 pracovn\u00edky, m\u00e1me plnou kapacitu, kolem 30 lid\u00ed se tu pohybuje. Ti lid\u00e9 pracuj\u00ed na \u010d\u00e1ste\u010dn\u00e9 \u00favazky, to znamen\u00e1, \u017ee se n\u00e1m tady st\u0159\u00eddaj\u00ed.<\/p>\n<p>redaktorka:<br \/>\nMistrov\u00e1 na d\u00edln\u011b Jitka H\u00e1skov\u00e1 si sv\u00e9 lidi chv\u00e1l\u00ed. Maj\u00ed n\u00e1pady a jsou \u0161ikovn\u00ed.<\/p>\n<p>Jitka H\u00c1SKOV\u00c1, mistrov\u00e1 na d\u00edln\u011b:<br \/>\nZa\u010d\u00edn\u00e1me pl\u00edst zvone\u010dky, and\u011bl\u00ed\u010dky, te\u010f jsme za\u010dali i komin\u00edky, takov\u00e1 jakoby v\u011bc, kter\u00e1 je celoro\u010dn\u00ed. No, a na ty V\u00e1noce vlastn\u011b t\u00e1mhle vzadu d\u011bl\u00e1 kolegyn\u011b v\u00e1no\u010dn\u00ed ozdoby z kor\u00e1lk\u016f, kter\u00fd teda z\u00edsk\u00e1v\u00e1me z dar\u016f. A d\u00e1l tady m\u00e1m je\u0161t\u011b jednu d\u00edlnu vedle, tam teda se v\u011bnujeme potisku textilu, reklamn\u00ed z\u00e1le\u017eitostem. Tak\u017ee v\u00fd\u0161ivka na t\u0159eba mont\u00e9rky pro u\u010d\u0148ovsk\u00e9 \u0161koly.<\/p>\n<p>redaktorka:<br \/>\nNejv\u00edc zak\u00e1zek z\u00edsk\u00e1v\u00e1 D.R.A.K. pro \u0161ic\u00ed d\u00edlnu, kde se te\u010f \u0161ij\u00ed panenky pro d\u011bti, kter\u00e9 trp\u00ed autismem a taky sou\u010dasn\u00fd hit &#8211; prac\u00ed pl\u00ednkov\u00e9 kalhotky.<\/p>\n<p>Jitka H\u00c1SKOV\u00c1,<br \/>\nHor\u0161\u00ed potom u\u017e je to pro z\u00edsk\u00e1v\u00e1n\u00ed zak\u00e1zek v mont\u00e1\u017en\u00ed d\u00edln\u011b, kde ty zak\u00e1zky maj\u00ed nahodil\u00fd kr\u00e1tkodob\u00fd charakter. Sna\u017e\u00edme se je kompenzovat kreativn\u00ed \u010dinnost\u00ed, kde ty v\u00fdrobky potom se sna\u017e\u00edme prod\u00e1vat na p\u0159\u00edle\u017eitostn\u00fdch trz\u00edch.<\/p>\n<p>redaktorka:<br \/>\nTe\u010f si D.R.A.K. vybavil modern\u00ed kuchy\u0148 a bude ji spolu se s\u00e1lem nab\u00edzet k pron\u00e1jmu na nejr\u016fzn\u011bj\u0161\u00ed soukrom\u00e9 a podnikov\u00e9 oslavy.<\/p>\n","protected":false},"excerpt":{"rendered":"<div class=\"mh-excerpt\"><p>Liberec m\u00e1 za sebou konferenci o zam\u011bstn\u00e1v\u00e1n\u00ed zdravotn\u011b posti\u017een\u00fdch lid\u00ed. Chr\u00e1n\u011bn\u00e9 d\u00edlny, kter\u00e9 pr\u00e1ci nab\u00edzej\u00ed, doslova bojuj\u00ed o p\u0159e\u017eit\u00ed. Na konferenci p\u0159ijeli odborn\u00edci z \u010cesk\u00e9 <a class=\"mh-excerpt-more\" href=\"https:\/\/www.invarena.cz\/?p=17690\" title=\"Chr\u00e1n\u011bn\u00e9 d\u00edlny bojuj\u00ed o p\u0159e\u017eit\u00ed\">[&#8230;]<\/a><\/p>\n<\/div>","protected":false},"author":1,"featured_media":1171,"comment_status":"open","ping_status":"closed","sticky":false,"template":"","format":"standard","meta":{"footnotes":""},"categories":[7],"tags":[],"class_list":["post-17690","post","type-post","status-publish","format-standard","has-post-thumbnail","hentry","category-spolecnost"],"_links":{"self":[{"href":"https:\/\/www.invarena.cz\/index.php?rest_route=\/wp\/v2\/posts\/17690","targetHints":{"allow":["GET"]}}],"collection":[{"href":"https:\/\/www.invarena.cz\/index.php?rest_route=\/wp\/v2\/posts"}],"about":[{"href":"https:\/\/www.invarena.cz\/index.php?rest_route=\/wp\/v2\/types\/post"}],"author":[{"embeddable":true,"href":"https:\/\/www.invarena.cz\/index.php?rest_route=\/wp\/v2\/users\/1"}],"replies":[{"embeddable":true,"href":"https:\/\/www.invarena.cz\/index.php?rest_route=%2Fwp%2Fv2%2Fcomments&post=17690"}],"version-history":[{"count":0,"href":"https:\/\/www.invarena.cz\/index.php?rest_route=\/wp\/v2\/posts\/17690\/revisions"}],"wp:featuredmedia":[{"embeddable":true,"href":"https:\/\/www.invarena.cz\/index.php?rest_route=\/wp\/v2\/media\/1171"}],"wp:attachment":[{"href":"https:\/\/www.invarena.cz\/index.php?rest_route=%2Fwp%2Fv2%2Fmedia&parent=17690"}],"wp:term":[{"taxonomy":"category","embeddable":true,"href":"https:\/\/www.invarena.cz\/index.php?rest_route=%2Fwp%2Fv2%2Fcategories&post=17690"},{"taxonomy":"post_tag","embeddable":true,"href":"https:\/\/www.invarena.cz\/index.php?rest_route=%2Fwp%2Fv2%2Ftags&post=17690"}],"curies":[{"name":"wp","href":"https:\/\/api.w.org\/{rel}","templated":true}]}}