{"id":17696,"date":"2014-10-02T07:48:00","date_gmt":"2014-10-02T05:48:00","guid":{"rendered":"http:\/\/www.invarena.cz\/?p=17696"},"modified":"2014-10-02T07:48:34","modified_gmt":"2014-10-02T05:48:34","slug":"letosni-cenu-makropulos-za-praci-pro-seniory-dostaly-prachatice","status":"publish","type":"post","link":"https:\/\/www.invarena.cz\/?p=17696","title":{"rendered":"Leto\u0161n\u00ed Cenu Makropulos za pr\u00e1ci pro seniory dostaly Prachatice"},"content":{"rendered":"<p><strong>Leto\u0161n\u00ed Cenu Makropulos za pr\u00e1ci pro seniory p\u0159evzali na benefi\u010dn\u00edm ve\u010deru pro ob\u010dansk\u00e9 sdru\u017een\u00ed \u017divot 90 v historick\u00e9 budov\u011b N\u00e1rodn\u00edho divadla z rukou ministra zdravotnictv\u00ed Svatopluka N\u011bme\u010dka (\u010cSSD) z\u00e1stupci M\u011bsta Prachatice.<\/strong> <!--more--><\/p>\n<p>Cena byla letos ud\u011blena posedm\u00e9, na slavnostn\u00ed ceremoni\u00e1l nav\u00e1zalo ji\u017e tradi\u010dn\u011b benefi\u010dn\u00ed p\u0159edstaven\u00ed opery Jakob\u00edn od Anton\u00edna Dvo\u0159\u00e1ka.<\/p>\n<p>&#8222;Ocen\u011bn\u00ed z\u00edskali Prachati\u010dt\u00ed za mnohalet\u00e9 a systematick\u00e9 zlep\u0161ov\u00e1n\u00ed kvality \u017eivota tamn\u00edch senior\u016f, na n\u011bm\u017e spolupracuj\u00ed s nest\u00e1tn\u00edmi organizacemi, \u0161kolsk\u00fdmi za\u0159\u00edzen\u00edmi i c\u00edrkvemi,&#8220; sd\u011blil ministr.<\/p>\n<p>Ocenil zejm\u00e9na to, \u017ee se nejedn\u00e1 o izolovan\u00e9 projekty zam\u011b\u0159en\u00e9 pouze na seniory. Do vytv\u00e1\u0159en\u00ed dobr\u00fdch mezigenera\u010dn\u00edch vztah\u016f a p\u0159\u00e1telsk\u00e9 atmosf\u00e9ry jsou zapojeni i mlad\u00ed lid\u00e9, dobrovoln\u00edci \u010di \u017e\u00e1ci \u0161kol, a samoz\u0159ejm\u011b tak\u00e9 sami senio\u0159i prost\u0159ednictv\u00edm nejr\u016fzn\u011bj\u0161\u00edch program\u016f.<\/p>\n<p>Resortn\u00ed cena se ud\u011bluje ka\u017edoro\u010dn\u011b v Mezin\u00e1rodn\u00ed den senior\u016f, ten p\u0159ipad\u00e1 pr\u00e1v\u011b na dne\u0161ek. Cena Makropulos, inspirovan\u00e1 divadeln\u00ed hrou Karla \u010capka V\u011bc Makropulos, p\u0159edstavuje poselstv\u00ed resortu, kter\u00fd se v\u00fdznamn\u011b pod\u00edl\u00ed na prodlou\u017een\u00ed lidsk\u00e9ho \u017eivota. Vybran\u00e9 projekty z oblasti zdravotn\u011b soci\u00e1ln\u00ed p\u00e9\u010de mohou d\u00edky tomuto ocen\u011bn\u00ed z\u00edskat pot\u0159ebnou publicitu, kter\u00e1 pak v praxi pom\u00e1h\u00e1 bo\u0159it m\u00fdty a stereotypy v p\u0159\u00edstupu ke st\u00e1\u0159\u00ed, shrnul ministr.<\/p>\n","protected":false},"excerpt":{"rendered":"<div class=\"mh-excerpt\"><p>Leto\u0161n\u00ed Cenu Makropulos za pr\u00e1ci pro seniory p\u0159evzali na benefi\u010dn\u00edm ve\u010deru pro ob\u010dansk\u00e9 sdru\u017een\u00ed \u017divot 90 v historick\u00e9 budov\u011b N\u00e1rodn\u00edho divadla z rukou ministra zdravotnictv\u00ed <a class=\"mh-excerpt-more\" href=\"https:\/\/www.invarena.cz\/?p=17696\" title=\"Leto\u0161n\u00ed Cenu Makropulos za pr\u00e1ci pro seniory dostaly Prachatice\">[&#8230;]<\/a><\/p>\n<\/div>","protected":false},"author":1,"featured_media":2922,"comment_status":"open","ping_status":"closed","sticky":false,"template":"","format":"standard","meta":{"footnotes":""},"categories":[7],"tags":[],"class_list":["post-17696","post","type-post","status-publish","format-standard","has-post-thumbnail","hentry","category-spolecnost"],"_links":{"self":[{"href":"https:\/\/www.invarena.cz\/index.php?rest_route=\/wp\/v2\/posts\/17696","targetHints":{"allow":["GET"]}}],"collection":[{"href":"https:\/\/www.invarena.cz\/index.php?rest_route=\/wp\/v2\/posts"}],"about":[{"href":"https:\/\/www.invarena.cz\/index.php?rest_route=\/wp\/v2\/types\/post"}],"author":[{"embeddable":true,"href":"https:\/\/www.invarena.cz\/index.php?rest_route=\/wp\/v2\/users\/1"}],"replies":[{"embeddable":true,"href":"https:\/\/www.invarena.cz\/index.php?rest_route=%2Fwp%2Fv2%2Fcomments&post=17696"}],"version-history":[{"count":0,"href":"https:\/\/www.invarena.cz\/index.php?rest_route=\/wp\/v2\/posts\/17696\/revisions"}],"wp:featuredmedia":[{"embeddable":true,"href":"https:\/\/www.invarena.cz\/index.php?rest_route=\/wp\/v2\/media\/2922"}],"wp:attachment":[{"href":"https:\/\/www.invarena.cz\/index.php?rest_route=%2Fwp%2Fv2%2Fmedia&parent=17696"}],"wp:term":[{"taxonomy":"category","embeddable":true,"href":"https:\/\/www.invarena.cz\/index.php?rest_route=%2Fwp%2Fv2%2Fcategories&post=17696"},{"taxonomy":"post_tag","embeddable":true,"href":"https:\/\/www.invarena.cz\/index.php?rest_route=%2Fwp%2Fv2%2Ftags&post=17696"}],"curies":[{"name":"wp","href":"https:\/\/api.w.org\/{rel}","templated":true}]}}