{"id":17721,"date":"2014-10-03T11:27:28","date_gmt":"2014-10-03T09:27:28","guid":{"rendered":"http:\/\/www.invarena.cz\/?p=17721"},"modified":"2014-10-03T11:27:28","modified_gmt":"2014-10-03T09:27:28","slug":"festival-mezi-ploty-zaplni-o-vikendu-areal-nemocnice-v-bohnicich","status":"publish","type":"post","link":"https:\/\/www.invarena.cz\/?p=17721","title":{"rendered":"Festival Mezi ploty zapln\u00ed o v\u00edkendu are\u00e1l nemocnice v Bohnic\u00edch"},"content":{"rendered":"<p><strong>\u00a0O v\u00edkendu se v are\u00e1lu pra\u017esk\u00e9 Psychiatrick\u00e9 nemocnice Bohnice uskute\u010dn\u00ed festival Mezi ploty, letos obohacen\u00fd ve\u0159ejnou sb\u00edrkou na pomoc du\u0161evn\u011b nemocn\u00fdm. <\/strong><br \/>\n<!--more--><\/p>\n<p>&#8222;Vedle kulturn\u00edch z\u00e1\u017eitk\u016f chceme letos pro n\u00e1v\u0161t\u011bvn\u00edky otev\u0159\u00edt volnou komunikaci o probl\u00e9mech du\u0161e a nen\u00e1siln\u011b nab\u00eddnout pomoc v\u0161em, kte\u0159\u00ed za\u017e\u00edvaj\u00ed stres, nap\u011bt\u00ed, \u00fazkost, du\u0161evn\u00ed krizi nebo jen t\u011b\u017ek\u00e9 \u017eivotn\u00ed obdob\u00ed,&#8220; \u0159ekl dnes \u0159editel p\u0159ehl\u00eddky Robert Kozler.<\/p>\n<p>Mezi ploty svoj\u00ed \u00fa\u010dast\u00ed podpo\u0159\u00ed nap\u0159\u00edklad Tom\u00e1\u0161 Klus, Lou Fan\u00e1nek Hagen se skupinou T\u0159i sestry, \u010cechomor, Ewa Farna, Sto zv\u00ed\u0159at, \u010cokovoko, Michal Hor\u00e1\u010dek s \u010cesk\u00fdm kalend\u00e1\u0159em, Lenka Filipov\u00e1 se svou dcerou Lenny, Celeste Buckingham, Dan B\u00e1rta a Robert Balzar Trio, Michal Mal\u00e1tn\u00fd, zn\u00e1m\u00fd z hudebn\u00ed skupiny Chinaski, s programem v\u011bnovan\u00fdm d\u011btem, Tonya Graves, V\u00e1clav Neck\u00e1\u0159, Laco D\u00e9czi, Pavel \u0160porcl a des\u00edtky dal\u0161\u00edch p\u0159edstavitel\u016f kulturn\u00ed sc\u00e9ny. Vedle um\u011blc\u016f se festivalu z\u00fa\u010dastn\u00ed i renomovan\u00ed psychiat\u0159i a psychologov\u00e9, kte\u0159\u00ed n\u00e1v\u0161t\u011bvn\u00edky oslov\u00ed kr\u00e1tkou p\u0159edn\u00e1\u0161kou.<\/p>\n<p>U p\u0159\u00edle\u017eitosti nedo\u017eit\u00fdch 78. narozenin prezidenta V\u00e1clava Havla za\u0159adil festival na program \u010dten\u00ed z jeho d\u00edla. \u00daryvky z Dopis\u016f Olze p\u0159e\u010dtou v sobotu 4. \u0159\u00edjna ve\u010der jeho dlouholet\u00ed p\u0159\u00e1tel\u00e9 Josef Abrh\u00e1m a Jan Ka\u010der.<\/p>\n<p>Kulturn\u00ed program se odehraje na \u0161esti sc\u00e9n\u00e1ch, n\u00e1v\u0161t\u011bvn\u00edk\u016fm se poprv\u00e9 otev\u0159e prostor kostela bohnick\u00e9 nemocnice. &#8222;Jsme vst\u0159\u00edcn\u00ed i k d\u011btsk\u00fdm div\u00e1k\u016fm, a tak na jednom p\u00f3diu vystoup\u00ed soubory a um\u011blci maj\u00edc\u00ed potenci\u00e1l zaujmout celou rodinu. Nap\u0159\u00edklad ji\u017e zm\u00edn\u011bn\u00fd Michal Mal\u00e1tn\u00fd, soubor Buchty a loutky, Sto zv\u00ed\u0159at nebo Divadlo du\u0161\u00ed sp\u0159\u00edzn\u011bn\u00fdch. O interaktivn\u00ed z\u00e1bavu pro d\u011bti se postaraj\u00ed odd\u00edly pra\u017esk\u00e9ho Jun\u00e1ka \u010di v\u00fdtvarn\u00fd Ekoateli\u00e9r,&#8220; dodal Kozler.<\/p>\n<p>V r\u00e1mci Relaxa\u010dn\u00ed z\u00f3ny, kter\u00e1 nab\u00eddne velkou d\u00e1vku jazzu, vystoup\u00ed mimo jin\u00e9 Ond\u0159ej Ruml a Marta T\u00f6pferov\u00e1. Mezi ploty jsou v\u0161ak nejen hudebn\u00ed, ale i divadeln\u00ed festival. Proto tu nebude chyb\u011bt brn\u011bnsk\u00e9 HaDivadlo, divadlo VOSTO5, hudebn\u011b-divadeln\u00ed duo Aniby ne\u0159ekla s Annou Pol\u00edvkovou nebo dom\u00e1c\u00ed Bohnick\u00e1 divadeln\u00ed spole\u010dnost.<\/p>\n<p>Sou\u010d\u00e1st\u00ed \u0161ir\u0161\u00ed iniciativy Mezi ploty je spolupr\u00e1ce s \u010ceskou televiz\u00ed, kter\u00e1 odvys\u00edl\u00e1 dnes ve\u010der na \u010cT24 mimo\u0159\u00e1dn\u00fd Hyde Park v\u011bnovan\u00fd tomuto projektu a 4. \u0159\u00edjna na \u010cT2 po\u0159ad se Simonou Bab\u010d\u00e1kovou.<\/p>\n<p>ilustra\u010dn\u00ed foto: Flickr.com<\/p>\n","protected":false},"excerpt":{"rendered":"<div class=\"mh-excerpt\"><p>\u00a0O v\u00edkendu se v are\u00e1lu pra\u017esk\u00e9 Psychiatrick\u00e9 nemocnice Bohnice uskute\u010dn\u00ed festival Mezi ploty, letos obohacen\u00fd ve\u0159ejnou sb\u00edrkou na pomoc du\u0161evn\u011b nemocn\u00fdm.<\/p>\n<\/div>","protected":false},"author":1,"featured_media":8962,"comment_status":"open","ping_status":"closed","sticky":false,"template":"","format":"standard","meta":{"footnotes":""},"categories":[17],"tags":[],"class_list":["post-17721","post","type-post","status-publish","format-standard","has-post-thumbnail","hentry","category-kultura"],"_links":{"self":[{"href":"https:\/\/www.invarena.cz\/index.php?rest_route=\/wp\/v2\/posts\/17721","targetHints":{"allow":["GET"]}}],"collection":[{"href":"https:\/\/www.invarena.cz\/index.php?rest_route=\/wp\/v2\/posts"}],"about":[{"href":"https:\/\/www.invarena.cz\/index.php?rest_route=\/wp\/v2\/types\/post"}],"author":[{"embeddable":true,"href":"https:\/\/www.invarena.cz\/index.php?rest_route=\/wp\/v2\/users\/1"}],"replies":[{"embeddable":true,"href":"https:\/\/www.invarena.cz\/index.php?rest_route=%2Fwp%2Fv2%2Fcomments&post=17721"}],"version-history":[{"count":0,"href":"https:\/\/www.invarena.cz\/index.php?rest_route=\/wp\/v2\/posts\/17721\/revisions"}],"wp:featuredmedia":[{"embeddable":true,"href":"https:\/\/www.invarena.cz\/index.php?rest_route=\/wp\/v2\/media\/8962"}],"wp:attachment":[{"href":"https:\/\/www.invarena.cz\/index.php?rest_route=%2Fwp%2Fv2%2Fmedia&parent=17721"}],"wp:term":[{"taxonomy":"category","embeddable":true,"href":"https:\/\/www.invarena.cz\/index.php?rest_route=%2Fwp%2Fv2%2Fcategories&post=17721"},{"taxonomy":"post_tag","embeddable":true,"href":"https:\/\/www.invarena.cz\/index.php?rest_route=%2Fwp%2Fv2%2Ftags&post=17721"}],"curies":[{"name":"wp","href":"https:\/\/api.w.org\/{rel}","templated":true}]}}