{"id":17729,"date":"2014-10-04T12:37:47","date_gmt":"2014-10-04T10:37:47","guid":{"rendered":"http:\/\/www.invarena.cz\/?p=17729"},"modified":"2014-10-17T22:27:13","modified_gmt":"2014-10-17T20:27:13","slug":"fotograf-s-jinym-uhlem-pohledu","status":"publish","type":"post","link":"https:\/\/www.invarena.cz\/?p=17729","title":{"rendered":"Fotograf s jin\u00fdm \u00fahlem pohledu"},"content":{"rendered":"<p><strong>Medaile ze Sydney, t\u0159i z Pekingu a je\u0161t\u011b jedna z Lond\u00fdna. V\u0161echny bronzov\u00e9. Jan Pov\u00fd\u0161il je jedn\u00edm z nej\u00fasp\u011b\u0161n\u011bj\u0161\u00edch \u010desk\u00fdch paralympionik\u016f. Jeho \u017eivot je spojen s plav\u00e1n\u00edm. Nejen\u017ee s\u00e1m z\u00e1vod\u00ed, ale tak\u00e9 plavce fotografuje.<\/strong><!--more--><\/p>\n<p>A to p\u0159esto, nebo pr\u00e1v\u011b proto, \u017ee mu jedna n\u00e1v\u0161t\u011bva baz\u00e9nu p\u0159ed sedmn\u00e1cti lety zm\u011bnila \u017eivot. Zranil se po p\u00e1du ze skluzavky. Ochrnul a od t\u00e9 doby je na voz\u00edku.<\/p>\n<p><strong>&#8211; Kdy jste m\u011bl naposled na prstech varh\u00e1nky?<\/strong><\/p>\n<p>To u\u017e bude dob\u0159e \u010dtrn\u00e1ct dn\u00ed, proto\u017ee jsem se moment\u00e1ln\u011b v\u011bnoval v\u00edc reprezentaci voz\u00ed\u010dk\u00e1\u0159sk\u00e9ho ragby ne\u017e plav\u00e1n\u00ed.<\/p>\n<p><strong>&#8211; Kolik \u010dasu tr\u00e1v\u00edte v baz\u00e9nu a jak tr\u00e9ninky vypadaj\u00ed?<\/strong><\/p>\n<p>Moje tr\u00e9ninkov\u00e9 nasazen\u00ed vypad\u00e1 moment\u00e1ln\u011b sp\u00ed\u0161 na to, \u017ee jsem v\u00edc ragbista ne\u017e plavec. Proti ide\u00e1lu m\u00e1m o \u010dty\u0159i tr\u00e9ninky t\u00fddn\u011b m\u00e9n\u011b ve vod\u011b, jenom t\u0159i a\u017e \u010dty\u0159i. Ale na druhou stranu, kone\u010dn\u011b jsem se stal \u010dlenem A reprezentace ragby, tak\u017ee se sna\u017e\u00edm svoje s\u00edly distribuovat podle toho, na co se zrovna v\u00edc soust\u0159ed\u00edm. Jinak je to v podstat\u011b klasick\u00fd plaveck\u00fd tr\u00e9nink, samoz\u0159ejm\u011b, \u017ee rychlostn\u011b a kilometrov\u011b upraven\u00fd na moje schopnosti.<\/p>\n<p><strong>&#8211; Jak se li\u0161\u00ed od plavc\u016f bez handicapu?<\/strong><\/p>\n<p>D\u00e1 se \u0159\u00edct, \u017ee v optim\u00e1ln\u00edm tr\u00e9ninku naplavu p\u0159ibli\u017en\u011b o t\u0159etinu m\u00ed\u0148.<\/p>\n<p><strong>&#8211; Jak dopadlo to plaveck\u00e9 rozhodov\u00e1n\u00ed? Budete d\u00e1l sout\u011b\u017eit?<\/strong><\/p>\n<p>Budu. Te\u010f jsem se vr\u00e1til ze z\u00e1vodu. Reprezenta\u010dn\u00ed tren\u00e9rka by mi neodpustila, kdybych skon\u010dil.<\/p>\n<p><strong>&#8211; Nevrac\u00ed se v\u00e1m ve vod\u011b vzpom\u00ednky na va\u0161i nehodu?<\/strong><\/p>\n<p>Nevrac\u00ed. Ono nen\u00ed moc, co by se vracelo. Voda mi nijak neubl\u00ed\u017eila a rozhodn\u011b jsem si ji kv\u016fli tomu nezo\u0161klivil.<\/p>\n<p><strong>&#8211; Jak jste se dostal zp\u011bt &#8222;do norm\u00e1lu&#8220;?<\/strong><\/p>\n<p>Vlastn\u011b jednodu\u0161e. Ohromn\u011b mi pomohli lidi kolem. Rodina, spolu\u017e\u00e1ci, kamar\u00e1di, spoluhr\u00e1\u010di z pozemn\u00edho hokeje. A nav\u00edc jsem v\u011bd\u011bl, \u017ee m\u00e1m jen rok na to, abych se dostal do stavu, kdy budu schopen nav\u0161t\u011bvovat st\u0159edn\u00ed \u0161kolu, na kterou jsem se tehdy zrovna dostal. Co\u017e byl dal\u0161\u00ed krok k norm\u00e1lu. A tak n\u011bjak p\u0159irozen\u011b jsem zaplul zase ke sportovn\u00edmu \u017eivotu, i kdy\u017e tentokr\u00e1t ne na zelen\u00e9 h\u0159i\u0161t\u011b, ale do baz\u00e9nu.<\/p>\n<p><strong>&#8211; Co pro v\u00e1s jako nov\u00e1\u010dka na voz\u00edku bylo nejt\u011b\u017e\u0161\u00ed?<\/strong><\/p>\n<p>To, co pro v\u0161echny, nau\u010dit se obl\u00edkat, zav\u00e1zat si tkani\u010dky a tak d\u00e1le. Zvl\u00e1dat i men\u0161\u00ed obrubn\u00edky a samoz\u0159ejm\u011b ne\u017e se do toho \u010dlov\u011bk trochu dostane, tak i men\u0161\u00ed kopce. A na \u00fapln\u00e9m za\u010d\u00e1tku samoz\u0159ejm\u011b i takov\u00e1 prkotina jako si p\u0159esednout z postele na voz\u00edk. Ale to se d\u00e1 velmi rychle nau\u010dit.<\/p>\n<p><strong>&#8211; Jak na v\u00e1s reagovali spolu\u017e\u00e1ci? Zm\u011bnil se jejich p\u0159\u00edstup?<\/strong><\/p>\n<p>To bylo to nejlep\u0161\u00ed, prost\u011b m\u011b brali takov\u00fdho, jak\u00fd jsem. Jasn\u011b, \u017ee v roce 1998 nebylo \u00fapln\u011b standardn\u00ed, aby na b\u011b\u017en\u00e9 st\u0159edn\u00ed \u0161kole studoval n\u011bkdo na voz\u00edku. Ale vzali m\u011b v klidu mezi sebe, mo\u017en\u00e1 i proto, \u017ee jsem bo\u0159il jak\u00fdsi m\u00fdtus o tom, \u017ee student s handicapem je ten nejchyt\u0159ej\u0161\u00ed a zodpov\u011bdn\u00fd. M\u016fj p\u0159\u00edstup ke studiu byl typu &#8222;hlavn\u011b prol\u00e9zt a moc se nanad\u0159\u00edt, a kdy\u017e p\u016fjde do tuh\u00fdho, v\u0161echno okecat&#8220;. A moje zodpov\u011bdnost s odevzd\u00e1v\u00e1n\u00edm dom\u00e1c\u00edch \u00fakol\u016f se stala zn\u00e1mou mezi profesorsk\u00fdm sborem!<\/p>\n<p><strong>&#8211; Tak\u017ee vlastn\u011b rebel&#8230;<\/strong><\/p>\n<p>Se spolu\u017e\u00e1ky jsme tajn\u011b kou\u0159ili za \u0161kolou, pro\u017eili prvn\u00ed kocoviny. Tak bych si tipnul, \u017ee se mnou moc probl\u00e9my nem\u011bli. Sp\u00ed\u0161 naopak si navykli, \u017ee jim d\u00edky mn\u011b i leccos projde. Proto\u017ee mi &#8222;d\u011blali doprovod, a proto jdeme p\u016flka t\u0159\u00eddy pozd\u011b&#8220;. (sm\u00edch)<\/p>\n<p><strong>&#8211; Setk\u00e1te se dnes s n\u011bjakou nep\u0159im\u011b\u0159enou reakc\u00ed nebo neznalost\u00ed okol\u00ed?<\/strong><\/p>\n<p>Ob\u010das se stane, \u017ee p\u0159ijde &#8222;typickej strejda&#8220; a hrozn\u011b ochotn\u011b se vrhne ku pomoci. Co\u017e je ob\u010das a\u017e sm\u011b\u0161n\u00e9, ale na druhou stranu je fajn, \u017ee maj\u00ed snahu, i kdy\u017e pom\u00e1haj\u00ed i p\u0159esto, \u017ee nechci. Asi m\u00e1m \u0161t\u011bst\u00ed, \u017ee se mi nep\u0159im\u011b\u0159en\u00e9 reakce vyh\u00fdbaj\u00ed a neznalosti nen\u00ed u\u017e tolik, kolik j\u00ed bylo. I d\u00edky tomu, \u017ee funguj\u00ed programy typu chodicilide. cz.<\/p>\n<p><strong>&#8211; Vypr\u00e1v\u00ed si <span class=\"highlight\">voz\u00ed\u010dk\u00e1\u0159i<\/span> mezi sebou vtipy o <span class=\"highlight\">voz\u00ed\u010dk\u00e1\u0159\u00edch<\/span>?<\/strong><\/p>\n<p>Kdyby jenom o <span class=\"highlight\">voz\u00ed\u010dk\u00e1\u0159\u00edch<\/span>! Ob\u010das je to humor velmi z\u00e1sadn\u011b p\u0159es hranu b\u011b\u017en\u00e9ho vtipu. Ale na druhou stranu v\u0161ichni v\u00edme, \u017ee jsme na tom podobn\u011b, a proto si m\u016f\u017eeme podobn\u00fd vtip s p\u0159ehledem dovolit.<\/p>\n<p><strong>&#8211; Jak\u00fd nap\u0159\u00edklad? <\/strong><\/p>\n<p>Nejsou to klasick\u00e9 vtipy, te\u010f z hlavy m\u011b \u017e\u00e1dn\u00fd nenapad\u00e1. Je to sp\u00ed\u0161 situa\u010dn\u00ed humor, bav\u00edme se t\u00edm, co se d\u011bje v tu chv\u00edli.<\/p>\n<p><strong>&#8211; Co v\u00e1s \u017eivot na voz\u00edku nau\u010dil? Jak v\u00e1m zm\u011bnil vn\u00edm\u00e1n\u00ed a priority?<\/strong><\/p>\n<p>Nijak. To, co m\u011b mo\u017en\u00e1 trochu zm\u011bnilo, bylo setk\u00e1n\u00ed se smrt\u00ed, proto\u017ee si daleko v\u00edc dok\u00e1\u017eu spoustu situac\u00ed u\u017e\u00edt jen d\u00edky tomu, \u017ee v\u00edm, \u017ee u\u017e by nikdy nemusely nastat. A priority to zm\u011bn\u00ed hlavn\u011b finan\u010dn\u011b. Na v\u0161echno pot\u0159ebujete o n\u011bco v\u00edc pen\u011bz ne\u017e chod\u00edc\u00ed lid. Mo\u017en\u00e1 to zn\u00ed cynicky, ale bohu\u017eel to tak je. M\u016f\u017eete si \u017eivot u\u017e\u00edvat naplno, ale pokud \u0159e\u0161\u00edte, jestli zaplatit n\u00e1jem, asistenta, naftu do auta, posilovnu a tak d\u00e1le&#8230; po\u0159\u00e1d budete n\u011bkde v hlav\u011b \u0159e\u0161it pen\u00edze. T\u0159eba i to, \u017ee nem\u00e1te na nov\u00fd voz\u00edk.<\/p>\n<p><strong>&#8211; Nebo nov\u00fd fo\u0165\u00e1k&#8230; U\u017e n\u011bkolik let tak\u00e9 fot\u00edte. Co v\u00e1s bav\u00ed fotografovat nejv\u00edc?<\/strong><\/p>\n<p>Jednozna\u010dn\u011b sport a v tom hraje prim plav\u00e1n\u00ed. No a samoz\u0159ejm\u011b, \u017ee kr\u00e1snou svle\u010denou \u017eenou taky nepohrdnu. A k tomu \u010dernob\u00edl\u00e1 report\u00e1\u017e na jak\u00e9koli t\u00e9ma. T\u00edm, \u017ee jsem se nechal hodn\u011b ovlivnit Anton\u00ednem Kratochv\u00edlem, m\u00e1m celkem jasno. I proto asi ned\u011bl\u00e1m klasickou sportovn\u00ed fotku.<\/p>\n<p><strong>&#8211; U fotky je d\u016fle\u017eit\u00fd hlavn\u011b \u00fahel pohledu. Pova\u017eujete to, \u017ee ho m\u00e1te jin\u00fd ne\u017e chod\u00edc\u00ed fotograf, za v\u00fdhodu, nebo nev\u00fdhodu? Nebo jinak: kdy se to uk\u00e1zalo jako v\u00fdhoda a kdy jako nev\u00fdhoda?<\/strong><\/p>\n<p>M\u00e1m sv\u016fj unik\u00e1tn\u00ed pohled, na kter\u00fd spousta &#8222;nevoz\u00edkov\u00fdch&#8220; fotograf\u016f zapomene. A p\u0159itom by jim sta\u010dilo jen p\u0159id\u0159epnout. Ale na druhou stranu, kolikr\u00e1t bych vyu\u017eil nadhled, kter\u00fd si m\u016f\u017ee dop\u0159\u00e1t fotograf stoj\u00edc\u00ed nade mnou, p\u0159\u00edpadn\u011b o p\u00e1r schod\u016f v\u00fd\u0161. Ale kdy\u017e se nau\u010d\u00edte vyu\u017e\u00edt toho, co m\u016f\u017eete, zapomenete na to, co nem\u016f\u017eete, a to je to, co se po\u010d\u00edt\u00e1. To je ale blb\u00e1 v\u011bta, co? Nicm\u00e9n\u011b platn\u00e1.<\/p>\n<p>ilustra\u010dn\u00ed foto: Flickr.com<\/p>\n<p><strong>DESATERO <\/strong><\/p>\n<p><strong><em>Jak komunikovat s lidmi se zdravotn\u00edm posti\u017een\u00edm<\/em> <\/strong><\/p>\n<p>1. Zaho\u010fte soucit, rad\u011bji n\u00e1m dejte \u0161anci. Pro\u010d ne soucit nebo l\u00edtost? Proto\u017ee n\u00e1m ni\u010dem nepomohou, jsou nefunk\u010dn\u00ed a v\u011bt\u0161inou n\u00e1s dost\u00e1vaj\u00ed do pod\u0159\u00edzen\u00e9, nerovnocenn\u00e9 pozice. Rad\u011bji n\u00e1m dejte \u0161anci, vezm\u011bte n\u00e1s mezi sebe. 2. Nev\u00e1hejte n\u00e1s oslovit. Je t\u011b\u017ek\u00e9 nav\u00e1zat o\u010dn\u00ed kontakt, kdy\u017e nevid\u00edme, vstoupit do hovoru, kdy\u017e nesly\u0161\u00edme, nebo na sebe upozornit pohybem. P\u0159itom sta\u010d\u00ed m\u00e1lo, lehk\u00fd dotyk, zam\u00e1v\u00e1n\u00ed nebo jen chvilka pozornosti&#8230; 3. Mluvte s n\u00e1mi, ne o n\u00e1s. I kdy\u017e n\u011bkdy pot\u0159ebujeme doprovod, tlumo\u010dn\u00edka nebo asistenta, jsme st\u00e1le schopni komunikovat a rozhodovat se sami za sebe. 4. Komunikujte s empati\u00ed. P\u0159edstavte si sebe na na\u0161em m\u00edst\u011b a komunikujte podle toho \u2013 \u0159\u00edkejte n\u00e1m o v\u011bcech, kter\u00e9 nem\u016f\u017eeme vid\u011bt, uka\u017ete n\u00e1m, co nem\u016f\u017eeme sly\u0161et, p\u0159isedn\u011bte k n\u00e1m. 5. Nebojte se trapas\u016f! \u017d\u00e1dn\u00e9 slovo, kter\u00fdm ud\u011bl\u00e1te &#8222;krok vp\u0159ed&#8220; sm\u011brem k n\u00e1m, nem\u016f\u017ee b\u00fdt \u0161patn\u00e9! Jinak \u0159e\u010deno \u2013 i s <span class=\"highlight\">nevidom\u00fdmi<\/span> lidmi se v klidu jd\u011bte d\u00edvat na film, i <span class=\"highlight\">nesly\u0161\u00edc\u00ed<\/span> \u010dlov\u011bk mohl sly\u0161et zaj\u00edmav\u00fd drb a s <span class=\"highlight\">voz\u00ed\u010dk\u00e1\u0159em<\/span> si bez ostychu sko\u010dte na kafe. 6. Bu\u010fte p\u0159irozen\u00ed a spont\u00e1nn\u00ed! Co v\u00e1m b\u011b\u017e\u00ed hlavou? N\u011bco nech\u00e1pete, nerozum\u00edte, nejste si jisti? Nebudujte bari\u00e9ry nev\u011bdomosti a nebojte se t\u00e9ma otev\u0159\u00edt. 7. Nepodce\u0148ujte n\u00e1s, hledejte cesty s n\u00e1mi! Stejn\u011b jako vy se cel\u00fd \u017eivot u\u010d\u00edme p\u0159ekon\u00e1vat svoje omezen\u00ed. Ka\u017ed\u00fd jsme jin\u00fd a \u010dasto dok\u00e1\u017eeme mnohem v\u00edc, ne\u017e \u010dek\u00e1te. 8. Nemanipulujte s n\u00e1mi, nejsme v\u011bc! Osobn\u00ed svoboda a samostatnost jsou pro n\u00e1s stejn\u011b d\u016fle\u017eit\u00e9 jako pro v\u00e1s. Pokud n\u00e1m chcete pomoci, oslovte n\u00e1s a zeptejte se, zda pomoc pot\u0159ebujeme. 9. Nepla\u0161te se! Naslouchejte! P\u0159\u00edli\u0161n\u00e1 horlivost a neodborn\u00e1 manipulace m\u016f\u017eou b\u00fdt nep\u0159\u00edjemn\u00e9 a n\u011bkdy nebezpe\u010dn\u00e9. Proto naslouchejte, bu\u010fte trp\u011bliv\u00ed, zeptejte se, jak nejl\u00e9pe pomoci. Um\u00edme v\u00e1m poradit. 10. Poj\u010fte s n\u00e1mi, nejen vedle n\u00e1s. Uvid\u00edte, m\u016f\u017eeme b\u00fdt partne\u0159i!<\/p>\n<p><a href=\"http:\/\/www.idnes.cz\">Mlad\u00e1 fronta Dnes<\/a>\u00a0\u00a0\u00a0\u00a0\u00a0\u00a0\u00a0\u00a0 http:\/\/www.idnes.cz<\/p>\n","protected":false},"excerpt":{"rendered":"<div class=\"mh-excerpt\"><p>Medaile ze Sydney, t\u0159i z Pekingu a je\u0161t\u011b jedna z Lond\u00fdna. V\u0161echny bronzov\u00e9. Jan Pov\u00fd\u0161il je jedn\u00edm z nej\u00fasp\u011b\u0161n\u011bj\u0161\u00edch \u010desk\u00fdch paralympionik\u016f. Jeho \u017eivot je spojen <a class=\"mh-excerpt-more\" href=\"https:\/\/www.invarena.cz\/?p=17729\" title=\"Fotograf s jin\u00fdm \u00fahlem pohledu\">[&#8230;]<\/a><\/p>\n<\/div>","protected":false},"author":1,"featured_media":16880,"comment_status":"open","ping_status":"closed","sticky":false,"template":"","format":"standard","meta":{"footnotes":""},"categories":[7],"tags":[],"class_list":["post-17729","post","type-post","status-publish","format-standard","has-post-thumbnail","hentry","category-spolecnost"],"_links":{"self":[{"href":"https:\/\/www.invarena.cz\/index.php?rest_route=\/wp\/v2\/posts\/17729","targetHints":{"allow":["GET"]}}],"collection":[{"href":"https:\/\/www.invarena.cz\/index.php?rest_route=\/wp\/v2\/posts"}],"about":[{"href":"https:\/\/www.invarena.cz\/index.php?rest_route=\/wp\/v2\/types\/post"}],"author":[{"embeddable":true,"href":"https:\/\/www.invarena.cz\/index.php?rest_route=\/wp\/v2\/users\/1"}],"replies":[{"embeddable":true,"href":"https:\/\/www.invarena.cz\/index.php?rest_route=%2Fwp%2Fv2%2Fcomments&post=17729"}],"version-history":[{"count":0,"href":"https:\/\/www.invarena.cz\/index.php?rest_route=\/wp\/v2\/posts\/17729\/revisions"}],"wp:featuredmedia":[{"embeddable":true,"href":"https:\/\/www.invarena.cz\/index.php?rest_route=\/wp\/v2\/media\/16880"}],"wp:attachment":[{"href":"https:\/\/www.invarena.cz\/index.php?rest_route=%2Fwp%2Fv2%2Fmedia&parent=17729"}],"wp:term":[{"taxonomy":"category","embeddable":true,"href":"https:\/\/www.invarena.cz\/index.php?rest_route=%2Fwp%2Fv2%2Fcategories&post=17729"},{"taxonomy":"post_tag","embeddable":true,"href":"https:\/\/www.invarena.cz\/index.php?rest_route=%2Fwp%2Fv2%2Ftags&post=17729"}],"curies":[{"name":"wp","href":"https:\/\/api.w.org\/{rel}","templated":true}]}}