{"id":17730,"date":"2014-10-04T12:40:33","date_gmt":"2014-10-04T10:40:33","guid":{"rendered":"http:\/\/www.invarena.cz\/?p=17730"},"modified":"2014-10-17T22:27:07","modified_gmt":"2014-10-17T20:27:07","slug":"utocit-na-vozickare-neni-normalni","status":"publish","type":"post","link":"https:\/\/www.invarena.cz\/?p=17730","title":{"rendered":"&#8222;\u00dato\u010dit na voz\u00ed\u010dk\u00e1\u0159e nen\u00ed norm\u00e1ln\u00ed&#8220;"},"content":{"rendered":"<p><strong>Traumatick\u00fd z\u00e1\u017eitek m\u00e1 za sebou t\u0159iadvacetilet\u00fd Luk\u00e1\u0161 Kr\u00e1l, kter\u00e9ho ve st\u0159edu p\u0159ed polednem na tramvajov\u00e9 zast\u00e1vce v Ostrav\u011b p\u0159epadl osmn\u00e1ctilet\u00fd mu\u017e a ukradl mu mobil. <\/strong><!--more--><\/p>\n<p>&#8222;\u010cekal jsem na zast\u00e1vce na tramvaj a najednou m\u011b n\u011bkdo chytil zezadu za vlasy a ude\u0159il mi hlavou o zadn\u00ed madlo voz\u00edku,&#8220; popisuje \u00fatok Luk\u00e1\u0161 Kr\u00e1l. Kv\u016fli nemoci se mu prakticky nevyvinuly kr\u010dn\u00ed svaly, a tak nem\u011bl \u017e\u00e1dnou \u0161anci r\u00e1nu zm\u00edrnit.<\/p>\n<p>&#8222;Pak mi vzal z ruky mobil a utekl pry\u010d. Byl jsem \u00fapln\u011b v \u0161oku, mo\u017en\u00e1 i p\u00e1r vte\u0159in v bezv\u011bdom\u00ed, pomohl mi a\u017e \u0159idi\u010d p\u0159ij\u00ed\u017ed\u011bj\u00edc\u00ed tramvaje.&#8220;<\/p>\n<p>O \u00fatoku okam\u017eit\u011b informoval policisty. Ti na m\u00edsto vyslali n\u011bkolik voz\u016f, jedna z hl\u00eddek po chvilce \u00fato\u010dn\u00edka podle popisu na\u0161la.<\/p>\n<p>&#8222;V\u0161imli si mlad\u00edka v doprovodu \u017eeny, kter\u00fd p\u0159esn\u011b odpov\u00eddal popisu \u00fato\u010dn\u00edka. B\u011bhem kontroly obou vy\u0161lo najevo, \u017ee \u017eena u sebe skr\u00fdv\u00e1 mobiln\u00ed telefon, kter\u00fd nepat\u0159il ani jednomu z nich, ale p\u0159epaden\u00e9mu mu\u017ei,&#8220; \u0159ekla ostravsk\u00e1 policejn\u00ed mluv\u010d\u00ed Daniela Vl\u010dkov\u00e1. &#8222;V sou\u010dasnosti je osmn\u00e1ctilet\u00fd mu\u017e obvin\u011bn z trestn\u00e9ho \u010dinu loupe\u017ee a jeho sedma\u010dty\u0159icetilet\u00e1 spole\u010dnice z trestn\u00e9ho \u010dinu pod\u00edlnictv\u00ed. Kriminalist\u00e9 v tuto chv\u00edli podali st\u00e1tn\u00edmu z\u00e1stupci podn\u011bt k pod\u00e1n\u00ed n\u00e1vrhu na vzet\u00ed obou obvin\u011bn\u00fdch do vazby.&#8220;<\/p>\n<p>Luk\u00e1\u0161 Kr\u00e1l ale na z\u00e1v\u011bry vy\u0161et\u0159ov\u00e1n\u00ed ne\u010dekal. Je\u0161t\u011b ve st\u0159edu vytvo\u0159il str\u00e1nku popisuj\u00edc\u00ed jak samotn\u00fd \u00fatok, tak i \u00fato\u010dn\u00edka, v\u010detn\u011b jeho jm\u00e9na a fotografie.<\/p>\n<p>A koment\u00e1\u0159e pod jeho p\u0159\u00edsp\u011bvky za\u010daly rychle nab\u00edrat na drsnosti. Velk\u00e1 \u010d\u00e1st p\u0159\u00edsp\u011bvk\u016f byla v\u00fdrazn\u011b protiromsky lad\u011bna a necitovateln\u00e1.<\/p>\n<p>Luk\u00e1\u0161 Kr\u00e1l se proti t\u011bmto p\u0159\u00edsp\u011bvk\u016fm nijak nevymezoval, naopak \u017e\u00e1dal o sd\u00edlen\u00ed a \u0161\u00ed\u0159en\u00ed.<br \/>\nA to popudilo aktivisty bojuj\u00edc\u00ed proti rasismu. A z Luk\u00e1\u0161e Kr\u00e1le se r\u00e1zem stal v jejich o\u010d\u00edch rasista vyz\u00fdvaj\u00edc\u00ed k protiromsk\u00fdm akc\u00edm. Ostravsk\u00e1 politolo\u017eka Ji\u0159ina Pavl\u00edkov\u00e1 je ale jin\u00e9ho n\u00e1zoru.<\/p>\n<p>&#8222;To, co se stalo je p\u0159\u00ed\u0161ern\u00e9, za\u00fato\u010dit na <span class=\"highlight\">voz\u00ed\u010dk\u00e1\u0159e<\/span> p\u0159ece nem\u016f\u017ee b\u00fdt norm\u00e1ln\u00ed,&#8220; \u0159\u00edk\u00e1. &#8222;S ohledem na zp\u016fsob \u00fatoku se d\u00e1 pln\u011b pochopit i n\u00e1sledn\u00e1 reakce a vytvo\u0159en\u00ed internetov\u00fdch str\u00e1nek. Byl pln\u00fd emoc\u00ed, nav\u00edc se \u010dlov\u011bk na voz\u00edku nem\u016f\u017ee takov\u00e9mu ataku nijak br\u00e1nit, takov\u00e9 v\u011bci se hluboko zar\u00fdvaj\u00ed i do zdrav\u00fdch lid\u00ed.&#8220;<\/p>\n<p>Snaha o vyu\u017eit\u00ed \u00fatoku v p\u0159edvolebn\u00ed kampani ale m\u016f\u017ee Luk\u00e1\u0161i Kr\u00e1lovi podle politolo\u017eky vyj\u00edt.<br \/>\n&#8222;S ohledem na to, jak\u00e1 je v sou\u010dasn\u00e9 Ostrav\u011b atmosf\u00e9ra, by zve\u0159ejn\u011bn\u00ed jeho p\u0159\u00edpadu mohlo pomoci,&#8220; komentovala fakt, \u017ee Luk\u00e1\u0161 Kr\u00e1l s\u00e1m p\u0159iznal, \u017ee informace o sv\u00e9m napaden\u00ed roz\u0161i\u0159oval i s my\u0161lenkami na p\u0159edvolebn\u00ed kampa\u0148.<\/p>\n<p>&#8222;N\u00e1siln\u00e9 p\u0159epaden\u00ed je odsouzen\u00edhodn\u00fd \u010din. T\u00edm sp\u00ed\u0161, \u017ee se jedn\u00e1 o \u010dlov\u011bka upoutan\u00e9ho na <span class=\"highlight\">invalidn\u00ed<\/span> voz\u00edk, kter\u00fd se nem\u016f\u017ee nijak br\u00e1nit. N\u00e1sledn\u00e1 reakce Luk\u00e1\u0161e Kr\u00e1le nebyla adekv\u00e1tn\u00ed, co\u017e s\u00e1m s odstupem \u010dasu p\u0159izn\u00e1v\u00e1, vznikla v\u0161ak jako d\u016fsledek vypjat\u00e9 situace a strachu o \u017eivot,&#8220; \u0159ekl volebn\u00ed l\u00eddr hnut\u00ed Ano Tom\u00e1\u0161 Macura.<\/p>\n<p><a href=\"http:\/\/www.idnes.cz\">Mlad\u00e1 fronta DNES\u00a0\u00a0\u00a0\u00a0\u00a0\u00a0\u00a0\u00a0 http:\/\/www.idnes.cz<\/a><\/p>\n","protected":false},"excerpt":{"rendered":"<div class=\"mh-excerpt\"><p>Traumatick\u00fd z\u00e1\u017eitek m\u00e1 za sebou t\u0159iadvacetilet\u00fd Luk\u00e1\u0161 Kr\u00e1l, kter\u00e9ho ve st\u0159edu p\u0159ed polednem na tramvajov\u00e9 zast\u00e1vce v Ostrav\u011b p\u0159epadl osmn\u00e1ctilet\u00fd mu\u017e a ukradl mu mobil.<\/p>\n<\/div>","protected":false},"author":1,"featured_media":1346,"comment_status":"open","ping_status":"closed","sticky":false,"template":"","format":"standard","meta":{"footnotes":""},"categories":[7],"tags":[],"class_list":["post-17730","post","type-post","status-publish","format-standard","has-post-thumbnail","hentry","category-spolecnost"],"_links":{"self":[{"href":"https:\/\/www.invarena.cz\/index.php?rest_route=\/wp\/v2\/posts\/17730","targetHints":{"allow":["GET"]}}],"collection":[{"href":"https:\/\/www.invarena.cz\/index.php?rest_route=\/wp\/v2\/posts"}],"about":[{"href":"https:\/\/www.invarena.cz\/index.php?rest_route=\/wp\/v2\/types\/post"}],"author":[{"embeddable":true,"href":"https:\/\/www.invarena.cz\/index.php?rest_route=\/wp\/v2\/users\/1"}],"replies":[{"embeddable":true,"href":"https:\/\/www.invarena.cz\/index.php?rest_route=%2Fwp%2Fv2%2Fcomments&post=17730"}],"version-history":[{"count":0,"href":"https:\/\/www.invarena.cz\/index.php?rest_route=\/wp\/v2\/posts\/17730\/revisions"}],"wp:featuredmedia":[{"embeddable":true,"href":"https:\/\/www.invarena.cz\/index.php?rest_route=\/wp\/v2\/media\/1346"}],"wp:attachment":[{"href":"https:\/\/www.invarena.cz\/index.php?rest_route=%2Fwp%2Fv2%2Fmedia&parent=17730"}],"wp:term":[{"taxonomy":"category","embeddable":true,"href":"https:\/\/www.invarena.cz\/index.php?rest_route=%2Fwp%2Fv2%2Fcategories&post=17730"},{"taxonomy":"post_tag","embeddable":true,"href":"https:\/\/www.invarena.cz\/index.php?rest_route=%2Fwp%2Fv2%2Ftags&post=17730"}],"curies":[{"name":"wp","href":"https:\/\/api.w.org\/{rel}","templated":true}]}}