{"id":17738,"date":"2014-10-06T22:47:17","date_gmt":"2014-10-06T20:47:17","guid":{"rendered":"http:\/\/www.invarena.cz\/?p=17738"},"modified":"2014-10-06T22:50:08","modified_gmt":"2014-10-06T20:50:08","slug":"zacina-jiz-sesty-rocnik-tydne-socialnich-sluzeb","status":"publish","type":"post","link":"https:\/\/www.invarena.cz\/?p=17738","title":{"rendered":"Za\u010dal  T\u00fdden soci\u00e1ln\u00edch slu\u017eeb"},"content":{"rendered":"<p><strong>Profesion\u00e1ln\u011b poskytovan\u00e9 soci\u00e1ln\u00ed slu\u017eby jsou sou\u010d\u00e1st\u00ed ka\u017ed\u00e9 modern\u00ed spole\u010dnosti, pro kterou je d\u016fle\u017eit\u00fd d\u016fstojn\u00fd \u017eivot a integrace v\u0161ech skupin obyvatel. C\u00edlem celost\u00e1tn\u00edho T\u00fddne soci\u00e1ln\u00edch slu\u017eeb je proto tyto slu\u017eby p\u0159edstavit ve\u0159ejnosti a upozornit ji na probl\u00e9my, s kter\u00fdmi se pot\u00fdkaj\u00ed. Za\u010d\u00edn\u00e1 v pond\u011bl\u00ed 6. \u0159\u00edjna.<\/strong><br \/>\n<!--more--><br \/>\nT\u00fdden soci\u00e1ln\u00edch slu\u017eeb, kter\u00fd vyhla\u0161uje Asociace poskytovatel\u016f soci\u00e1ln\u00edch slu\u017eeb \u010cR ve spolupr\u00e1ci s Ministerstvem pr\u00e1ce a soci\u00e1ln\u00edch v\u011bc\u00ed, ka\u017ed\u00fd rok p\u0159ibli\u017euje zodpov\u011bdnou pr\u00e1ci lid\u00ed, kte\u0159\u00ed v t\u00e9to oblasti pracuj\u00ed. \u201eNa\u0161im c\u00edlem je uk\u00e1zat, \u017ee soci\u00e1ln\u00ed slu\u017eby v \u010cesk\u00e9 republice jsou kvalitn\u00ed, \u017ee pom\u00e1haj\u00ed statis\u00edc\u016fm lid\u00ed a \u017ee zachov\u00e1vaj\u00ed lidskou d\u016fstojnost a sob\u011bsta\u010dnost,\u201c uvedla ministryn\u011b pr\u00e1ce a soci\u00e1ln\u00edch v\u011bc\u00ed Michaela Marksov\u00e1.<\/p>\n<p>\u201eJsem velmi r\u00e1da, \u017ee se n\u00e1m na vl\u00e1d\u011b poda\u0159ilo vyjednat to, \u017ee kolem 100 000 zam\u011bstnanc\u016f soci\u00e1ln\u00edch slu\u017eeb dostane p\u0159id\u00e1no. Tito pracovn\u00edci se staraj\u00ed o seniory, ment\u00e1ln\u011b i zdravotn\u011b posti\u017een\u00e9 pacienty a jejich platy jsou p\u0159itom velmi n\u00edzk\u00e9, kv\u016fli \u010demu\u017e \u010dasto odch\u00e1zej\u00ed jinam. Spole\u010dnost pak nem\u00e1 dostatek t\u011bchto pracovn\u00edk\u016f. V\u011b\u0159\u00edm, \u017ee nav\u00fd\u0161en\u00ed prost\u0159edk\u016f jim alespo\u0148 trochu pom\u016f\u017ee,\u201c dodala ministryn\u011b.<\/p>\n<p>Tak\u00e9 letos T\u00fdden soci\u00e1ln\u00edch slu\u017eeb zah\u00e1j\u00ed slavnostn\u00ed vyhl\u00e1\u0161en\u00ed v\u00fdsledk\u016f celost\u00e1tn\u00ed v\u00fdtvarn\u00e9 sout\u011b\u017ee \u0160\u0165astn\u00e9 st\u00e1\u0159\u00ed o\u010dima d\u011bt\u00ed, do kter\u00e9 bylo v tomto roce zasl\u00e1no v\u00edce ne\u017e 1600 prac\u00ed. P\u0159ed\u00e1n\u00ed cen v\u00edt\u011bz\u016fm se kon\u00e1 v \u00fater\u00fd 7. \u0159\u00edjna v pra\u017esk\u00e9m opatstv\u00ed Emauzy.<\/p>\n<p>\u201eT\u00fdden soci\u00e1ln\u00edch slu\u017eeb je ka\u017edoro\u010dn\u011b obdob\u00edm, b\u011bhem kter\u00e9ho prob\u00edhaj\u00ed des\u00edtky r\u016fzn\u00fdch aktivit zam\u011b\u0159en\u00fdch jak na ve\u0159ejnost, tak na zam\u011bstnance, zam\u011bstnavatele a dal\u0161\u00ed odborn\u00edky z oblasti poskytov\u00e1n\u00ed soci\u00e1ln\u00edch slu\u017eeb,\u201c uvedl prezident Asociace poskytovatel\u016f soci\u00e1ln\u00edch slu\u017eeb Ji\u0159\u00ed Horeck\u00fd.<\/p>\n<p>Hlavn\u00ed ud\u00e1lost\u00ed bude op\u011bt V\u00fdro\u010dn\u00ed kongres poskytovatel\u016f soci\u00e1ln\u00edch slu\u017eeb \u010cR prob\u00edhaj\u00edc\u00ed v hotelu Palc\u00e1t a Galerii Van\u010durova v T\u00e1bo\u0159e 9. a 10. \u0159\u00edjna. Ji\u017e \u0161est\u00e9ho ro\u010dn\u00edku kongresu se z\u00fa\u010dastn\u00ed mj. ministryn\u011b Marksov\u00e1, ve\u0159ejn\u00e1 ochr\u00e1nkyn\u011b pr\u00e1v Anna \u0160abatov\u00e1 a dal\u0161\u00ed v\u00fdznamn\u00e9 osobnosti a odborn\u00edci z oblasti soci\u00e1ln\u00edch slu\u017eeb a souvisej\u00edc\u00edch obor\u016f. Pro cca 600 \u00fa\u010dastn\u00edk\u016f jsou p\u0159ipraveny odborn\u00e9 p\u0159edn\u00e1\u0161ky, voliteln\u00e9 sekce a workshopy. \u010ctvrte\u010dn\u00ed ve\u010der bude pat\u0159it spole\u010densk\u00e9mu galave\u010deru, na kter\u00e9m mj. n\u011bkolik reziden\u010dn\u00edch za\u0159\u00edzen\u00ed soci\u00e1ln\u00ed p\u00e9\u010de obdr\u017e\u00ed certifik\u00e1ty \u201eZna\u010dka kvality v soci\u00e1ln\u00edch slu\u017eb\u00e1ch\u201c a \u201eZelen\u00fd domov\u201c. Poprv\u00e9 je sou\u010d\u00e1st\u00ed p\u00e1te\u010dn\u00edho programu ve spolupr\u00e1ci s australsk\u00fdmi odborn\u00edky prost\u0159ednictv\u00edm videokonference realizovan\u00e9 \u010cesko-australsk\u00e9 f\u00f3rum p\u00e9\u010de o seniory.<\/p>\n<p>T\u00fdden soci\u00e1ln\u00edch slu\u017eeb zahrnuje i \u0159adu tzv. doprovodn\u00fdch aktivit poskytovatel\u016f soci\u00e1ln\u00edch slu\u017eeb, org\u00e1n\u016f ve\u0159ejn\u00e9 spr\u00e1vy, z\u00e1jmov\u00fdch sdru\u017een\u00ed a dal\u0161\u00edch organizac\u00ed. Mezi n\u011b pat\u0159\u00ed nap\u0159\u00edklad vyhl\u00e1\u0161en\u00ed v\u00fdsledk\u016f celost\u00e1tn\u00ed sout\u011b\u017ee o nejlep\u0161\u00ed periodikum domov\u016f pro seniory a domov\u016f se zvl\u00e1\u0161tn\u00edm re\u017eimem \u201eZlat\u00e9 listy 2013\u201c 8. \u0159\u00edjna v Domov\u011b pro seniory He\u0159man\u016fv M\u011bstec \u010di dny otev\u0159en\u00fdch dve\u0159\u00ed v n\u011bkolika stovk\u00e1ch za\u0159\u00edzen\u00ed poskytuj\u00edc\u00edch soci\u00e1ln\u00ed slu\u017eby. Petr Hab\u00e1\u0148<br \/>\ntiskov\u00fd mluv\u010d\u00ed MPSV<\/p>\n<p>Zden\u011bk Ka\u0161p\u00e1rek<br \/>\nPR specialista APSS \u010cR<\/p>\n<p>ilustra\u010dn\u00ed foto: Flickr.com<\/p>\n","protected":false},"excerpt":{"rendered":"<div class=\"mh-excerpt\"><p>Profesion\u00e1ln\u011b poskytovan\u00e9 soci\u00e1ln\u00ed slu\u017eby jsou sou\u010d\u00e1st\u00ed ka\u017ed\u00e9 modern\u00ed spole\u010dnosti, pro kterou je d\u016fle\u017eit\u00fd d\u016fstojn\u00fd \u017eivot a integrace v\u0161ech skupin obyvatel. C\u00edlem celost\u00e1tn\u00edho T\u00fddne soci\u00e1ln\u00edch slu\u017eeb <a class=\"mh-excerpt-more\" href=\"https:\/\/www.invarena.cz\/?p=17738\" title=\"Za\u010dal  T\u00fdden soci\u00e1ln\u00edch slu\u017eeb\">[&#8230;]<\/a><\/p>\n<\/div>","protected":false},"author":1,"featured_media":14875,"comment_status":"open","ping_status":"closed","sticky":false,"template":"","format":"standard","meta":{"footnotes":""},"categories":[7,9],"tags":[],"class_list":["post-17738","post","type-post","status-publish","format-standard","has-post-thumbnail","hentry","category-spolecnost","category-zpravy"],"_links":{"self":[{"href":"https:\/\/www.invarena.cz\/index.php?rest_route=\/wp\/v2\/posts\/17738","targetHints":{"allow":["GET"]}}],"collection":[{"href":"https:\/\/www.invarena.cz\/index.php?rest_route=\/wp\/v2\/posts"}],"about":[{"href":"https:\/\/www.invarena.cz\/index.php?rest_route=\/wp\/v2\/types\/post"}],"author":[{"embeddable":true,"href":"https:\/\/www.invarena.cz\/index.php?rest_route=\/wp\/v2\/users\/1"}],"replies":[{"embeddable":true,"href":"https:\/\/www.invarena.cz\/index.php?rest_route=%2Fwp%2Fv2%2Fcomments&post=17738"}],"version-history":[{"count":0,"href":"https:\/\/www.invarena.cz\/index.php?rest_route=\/wp\/v2\/posts\/17738\/revisions"}],"wp:featuredmedia":[{"embeddable":true,"href":"https:\/\/www.invarena.cz\/index.php?rest_route=\/wp\/v2\/media\/14875"}],"wp:attachment":[{"href":"https:\/\/www.invarena.cz\/index.php?rest_route=%2Fwp%2Fv2%2Fmedia&parent=17738"}],"wp:term":[{"taxonomy":"category","embeddable":true,"href":"https:\/\/www.invarena.cz\/index.php?rest_route=%2Fwp%2Fv2%2Fcategories&post=17738"},{"taxonomy":"post_tag","embeddable":true,"href":"https:\/\/www.invarena.cz\/index.php?rest_route=%2Fwp%2Fv2%2Ftags&post=17738"}],"curies":[{"name":"wp","href":"https:\/\/api.w.org\/{rel}","templated":true}]}}