{"id":17745,"date":"2014-10-06T22:08:57","date_gmt":"2014-10-06T20:08:57","guid":{"rendered":"http:\/\/www.invarena.cz\/?p=17745"},"modified":"2014-10-06T22:08:57","modified_gmt":"2014-10-06T20:08:57","slug":"samostatne-bydleni-pro-handicapovane","status":"publish","type":"post","link":"https:\/\/www.invarena.cz\/?p=17745","title":{"rendered":"Samostatn\u00e9 bydlen\u00ed pro handicapovan\u00e9"},"content":{"rendered":"<p><strong>Samostatn\u00fd byt je snem mnoha lid\u00ed. <span class=\"highlight\">Zdravotn\u011b<\/span> <span class=\"highlight\">posti\u017een\u00e9mu<\/span> p\u00e1ru z Brunt\u00e1lu se ten jejich kone\u010dn\u011b splnil. Dostali byt. Vd\u011b\u010d\u00ed za to lidem z organizace Sagapo, kter\u00e1 <span class=\"highlight\">posti\u017een\u00e9<\/span> pom\u00e1h\u00e1 vr\u00e1tit zp\u00e1tky do b\u011b\u017en\u00e9ho \u017eivota.<\/strong> <!--more--><strong>\u010cesk\u00e1 televize &#8211; report\u00e1\u017e<\/strong><\/p>\n<p>Jarom\u00edr s Ren\u00e1tou dnes poprv\u00e9 v\u00edtali ve sv\u00e9m byt\u011b sv\u00e9 kamar\u00e1dy a p\u0159\u00e1tel\u00e9. I kdy\u017e spolu chod\u00ed u\u017e dlouho, sen o spole\u010dn\u00e9m bydlen\u00ed si splnili a\u017e dnes.<\/p>\n<p>Jarom\u00edr KOV\u00c1\u010c, :<br \/>\nMy jsme se sezn\u00e1mili v Ostrav\u011b na.<\/p>\n<p>Ren\u00e1ta DOHN\u00c1LKOV\u00c1, :<br \/>\nNa z\u00e1bav\u011b.<\/p>\n<p>Jarom\u00edr KOV\u00c1\u010c, :<br \/>\nNa sout\u011b\u017ei. Tak jsme si dali tane\u010dek a potom u\u017e to.<\/p>\n<p>Ren\u00e1ta DOHN\u00c1LKOV\u00c1, :<br \/>\nJsme si padli do oka u\u017e.<\/p>\n<p>Jarom\u00edr KOV\u00c1\u010c, :<br \/>\nDo oka a u\u017e jsme asi tak 12 rok\u016f spolu.<\/p>\n<p>redaktor:<br \/>\nVe\u0161ker\u00e9 za\u0159\u00edzen\u00ed si pak koupili sami z u\u0161et\u0159en\u00fdch pen\u011bz. Oba jsou tak\u00e9 klienty organizace Sagapo. Pr\u00e1v\u011b jejich pracovn\u00edci jim pomohli sehnat n\u00e1jemn\u00ed byt a vy\u0159\u00eddit na \u00fa\u0159adech v\u0161echny formality.<\/p>\n<p>Petr KONE\u010cN\u00dd, \u0159editel Sagapo Brunt\u00e1l:<br \/>\nHlavn\u00edm c\u00edlem je to, aby u\u017eivatel se dostal do nez\u00e1visl\u00e9ho zp\u016fsobu \u017eivota, tak jak jeho b\u011b\u017en\u00ed vrstevn\u00edci a toto se n\u00e1m da\u0159\u00ed napl\u0148ovat v podstat\u011b ji\u017e 10 let.<br \/>\nredaktor:<br \/>\nRen\u00e1ta s Jarom\u00edrem byli p\u0159ed 10 lety je\u0161t\u011b v klasick\u00e9m \u00fastavu soci\u00e1ln\u00ed p\u00e9\u010de. D\u00edky pomoci vy\u0161kolen\u00fdch pracovn\u00edk\u016f jsou dnes oba t\u00e9m\u011b\u0159 samostatn\u00ed. S vy\u0159\u00edzen\u00edm slo\u017eit\u011bj\u0161\u00edch v\u011bc\u00ed jim pak bude pom\u00e1hat asistentka pr\u00e1v\u011b z brunt\u00e1lsk\u00e9ho Sagapa.<\/p>\n<p>Zuzana \u0160T\u011aP\u00c1NKOV\u00c1, asistentka, Sagapo Brunt\u00e1l:<br \/>\nAsistence je poskytovan\u00e1 p\u0159i samostatn\u00e9m bydlen\u00ed, p\u0159i tom chodu t\u00e9 dom\u00e1cnosti, v partnersk\u00fdch vztaz\u00edch, co se t\u00fdk\u00e1 n\u011bjak\u00e9 zdravotn\u00ed p\u00e9\u010de, t\u0159eba l\u00e9ka\u0159i, zaji\u0161t\u011bn\u00ed l\u00e9k\u016f, nebo kdy\u017e jsou nemocn\u00ed.<\/p>\n<p>redaktor:<br \/>\nJarom\u00edr s Renatou jsou prvn\u00edm p\u00e1rem, pro kter\u00fd se poda\u0159ilo sehnat takov\u00e9to bydlen\u00ed. V brunt\u00e1lsk\u00e9m Sagapu maj\u00ed dal\u0161\u00ed \u010dty\u0159i takov\u00e9 p\u00e1ry. Ty te\u010f \u017eij\u00ed v takzvan\u00e9m chr\u00e1n\u011bn\u00e9m bydlen\u00ed, co\u017e je z\u00e1kladn\u00ed p\u0159edpoklad k z\u00edsk\u00e1n\u00ed vlastn\u00edho bytu. Zde je jim cel\u00fd den k dispozici vy\u0161kolen\u00fd pracovn\u00edk a v\u0161ichni klienti maj\u00ed dan\u00fd denn\u00ed program.<\/p>\n<p>Michaela LU\u010cANOV\u00c1, vedouc\u00ed slu\u017eby Sagapo:<br \/>\nV chr\u00e1n\u011bn\u00e9m bydlen\u00ed dostanou k dispozici byt a mohou si to zkusit nane\u010disto, a pokud funguje, tak jim pom\u016f\u017eeme za\u0159\u00eddit i jejich vlastn\u00ed dom\u00e1cnost, jak je to nap\u0159\u00edklad v p\u0159\u00edpad\u011b Ren\u010di a Jardy.<\/p>\n<p>Jarom\u00edr KOV\u00c1\u010c, :<br \/>\nCo bylo nejt\u011b\u017e\u0161\u00ed? Poprv\u00e9 jsme byli bez kamar\u00e1d\u016f, ale zvykli jsme si.<\/p>\n","protected":false},"excerpt":{"rendered":"<div class=\"mh-excerpt\"><p>Samostatn\u00fd byt je snem mnoha lid\u00ed. Zdravotn\u011b posti\u017een\u00e9mu p\u00e1ru z Brunt\u00e1lu se ten jejich kone\u010dn\u011b splnil. Dostali byt. Vd\u011b\u010d\u00ed za to lidem z organizace Sagapo, <a class=\"mh-excerpt-more\" href=\"https:\/\/www.invarena.cz\/?p=17745\" title=\"Samostatn\u00e9 bydlen\u00ed pro handicapovan\u00e9\">[&#8230;]<\/a><\/p>\n<\/div>","protected":false},"author":1,"featured_media":0,"comment_status":"open","ping_status":"closed","sticky":false,"template":"","format":"standard","meta":{"footnotes":""},"categories":[9],"tags":[],"class_list":["post-17745","post","type-post","status-publish","format-standard","hentry","category-zpravy"],"_links":{"self":[{"href":"https:\/\/www.invarena.cz\/index.php?rest_route=\/wp\/v2\/posts\/17745","targetHints":{"allow":["GET"]}}],"collection":[{"href":"https:\/\/www.invarena.cz\/index.php?rest_route=\/wp\/v2\/posts"}],"about":[{"href":"https:\/\/www.invarena.cz\/index.php?rest_route=\/wp\/v2\/types\/post"}],"author":[{"embeddable":true,"href":"https:\/\/www.invarena.cz\/index.php?rest_route=\/wp\/v2\/users\/1"}],"replies":[{"embeddable":true,"href":"https:\/\/www.invarena.cz\/index.php?rest_route=%2Fwp%2Fv2%2Fcomments&post=17745"}],"version-history":[{"count":0,"href":"https:\/\/www.invarena.cz\/index.php?rest_route=\/wp\/v2\/posts\/17745\/revisions"}],"wp:attachment":[{"href":"https:\/\/www.invarena.cz\/index.php?rest_route=%2Fwp%2Fv2%2Fmedia&parent=17745"}],"wp:term":[{"taxonomy":"category","embeddable":true,"href":"https:\/\/www.invarena.cz\/index.php?rest_route=%2Fwp%2Fv2%2Fcategories&post=17745"},{"taxonomy":"post_tag","embeddable":true,"href":"https:\/\/www.invarena.cz\/index.php?rest_route=%2Fwp%2Fv2%2Ftags&post=17745"}],"curies":[{"name":"wp","href":"https:\/\/api.w.org\/{rel}","templated":true}]}}