{"id":17751,"date":"2014-10-06T22:43:48","date_gmt":"2014-10-06T20:43:48","guid":{"rendered":"http:\/\/www.invarena.cz\/?p=17751"},"modified":"2014-10-06T22:43:48","modified_gmt":"2014-10-06T20:43:48","slug":"chceme-zdvojnasobit-zivotni-i-existencni-minimum","status":"publish","type":"post","link":"https:\/\/www.invarena.cz\/?p=17751","title":{"rendered":"Chceme zdvojn\u00e1sobit \u017eivotn\u00ed i existen\u010dn\u00ed minimum"},"content":{"rendered":"<p><strong>Pl\u00e1nuje se 5procentn\u00ed zv\u00fd\u0161en\u00ed \u017eivotn\u00edho a existen\u010dn\u00edho minima. KS\u010cM v\u0161ak takov\u00e9 zv\u00fd\u0161en\u00ed pova\u017euje za nedostate\u010dn\u00e9 a mluv\u00ed rovnou o dvojn\u00e1sobku. Rozhovor \u010cesk\u00e9 televize se \u010dlenem sn\u011bmovn\u00edho rozpo\u010dtov\u00e9ho v\u00fdboru Ji\u0159\u00edm Dolej\u0161em.<br \/>\n<\/strong><!--more--><\/p>\n<p>Co p\u0159esn\u011b je <strong>\u017eivotn\u00ed minimum<\/strong>? Jde o vl\u00e1dou stanovenou minim\u00e1ln\u00ed \u010d\u00e1stku, kter\u00e1 sta\u010d\u00ed k zaji\u0161t\u011bn\u00ed v\u00fd\u017eivy a dal\u0161\u00edch z\u00e1kladn\u00edch pot\u0159eba \u010dlov\u011bka, p\u0159\u00edpadn\u011b rodiny.<\/p>\n<p><strong>Existen\u010dn\u00ed minimum<\/strong> ur\u010duje taky kabinet. Lidem by m\u011blo umo\u017enit v &#8222;jen&#8220; p\u0159e\u017e\u00edt. Na tuhle \u010d\u00e1stku ale nesm\u011bj\u00ed spadnout d\u011bti, starobn\u00ed d\u016fchodci nebo invalid\u00e9 s t\u011b\u017e\u0161\u00edm stupn\u011bm <span class=\"highlight\">posti\u017een\u00ed<\/span>. To jsou skupiny, kter\u00e9 maj\u00ed v\u017edycky n\u00e1rok alespo\u0148 na minimum \u017eivotn\u00ed. A pr\u00e1v\u011b od n\u011bj se pak odv\u00edj\u00ed \u0159ada dal\u0161\u00edch soci\u00e1ln\u00edch d\u00e1vek, mezi nimi t\u0159eba p\u0159\u00edsp\u011bvek na \u017eivobyt\u00ed nebo doplatek na bydlen\u00ed.<\/p>\n<p>A od v\u00fd\u0161e \u017eivotn\u00edho minima se taky odvozuje po\u010det lid\u00ed, kte\u0159\u00ed maj\u00ed n\u00e1rok na p\u0159\u00eddavky na d\u011bti nebo na porodn\u00e9.<\/p>\n<p>V Ud\u00e1lostech v\u00edt\u00e1m m\u00edstop\u0159edsedu KS\u010cM a taky \u010dlena sn\u011bmovn\u00edho rozpo\u010dtov\u00e9ho v\u00fdboru Ji\u0159\u00edho Dolej\u0161e.<\/p>\n<p><strong>Va\u0161e strana pova\u017euje pl\u00e1novan\u00e9 5-procentn\u00ed zv\u00fd\u0161en\u00ed \u017eivotn\u00edho a existen\u010dn\u00edho minima za nedostate\u010dn\u00e9 a mluv\u00ed rovnou o dvojn\u00e1sobku, jen\u017ee to by znamenalo i dal\u0161\u00ed miliardu pro rozpo\u010det. Kde byste ji tedy hledali?<\/strong><\/p>\n<p>Ji\u0159\u00ed DOLEJ\u0160,<br \/>\nTak je to skute\u010dn\u011b minim\u00e1ln\u00ed krok, kter\u00fd je dan\u00fd t\u00edm, \u017ee cenov\u00e1 hladina za ty 3 roky stoupla nebo stoupne asi o 5 procent. J\u00e1 si mysl\u00edm, \u017ee ka\u017ed\u00fd, kdo zkusil \u017e\u00edt z takov\u00fdch pen\u011bz, tak ch\u00e1pe, \u017ee to je velmi m\u00e1lo a \u017ee to je na hranici p\u0159e\u017eit\u00ed. N\u011bkte\u0159\u00ed dokonce pod. Tak\u017ee proto ten po\u017eadavek. J\u00e1 si mysl\u00edm, \u017ee prostor v rozpo\u010dtu na v\u011bt\u0161\u00ed nav\u00fd\u0161en\u00ed je, samoz\u0159ejm\u011b podle toho, jak\u00e9 zdroje se naleznou. Rozpo\u010det na rok 2015, si mysl\u00edm je ale nezbytn\u00e9 &#8230;<br \/>\n<strong> Ano, to jsem se pr\u00e1v\u011b ptala, to znamen\u00e1, \u017ee jak\u00e9 zdroje byste hledal konkr\u00e9tn\u011b vy, kde p\u0159\u00edmo, v jak\u00e9 kapitole, jestli dok\u00e1\u017eete jmenovat?<\/strong><br \/>\nV rozpo\u010dtu jsou v\u017edy minim\u00e1ln\u00ed rezervy, tady by se jednalo o \u010d\u00edsla v \u0159\u00e1du sta milion\u016f, p\u016fl miliardy korun. Tak\u017ee by se to dalo naj\u00edt ve vl\u00e1dn\u00ed rezerv\u011b a podobn\u011b. J\u00e1 si mysl\u00edm, \u017ee tam ten prostor je.<br \/>\n<strong> M\u016f\u017ee si \u010cesko ve chv\u00edli, kdy i p\u0159es vzm\u00e1haj\u00edc\u00ed se ekonomiku o\u010dek\u00e1v\u00e1 deficit kolem 80 miliard korun, vy\u0161\u0161\u00ed d\u00e1vky dovolit?<\/strong><br \/>\nJ\u00e1 si mysl\u00edm, \u017ee to p\u0159edev\u0161\u00edm pot\u0159ebuj\u00ed lidi. Rozpo\u010det to ur\u010dit\u011b unese, koneckonc\u016f i ekonomika, a\u0165 ji\u017e bude r\u016fst podle pl\u00e1nu nebo o n\u011bco m\u00e9n\u011b, tak zdroje vygeneruje, bohu\u017eel nevygeneruje zdroje nav\u00edc, proto\u017ee vl\u00e1da nep\u0159ijala na\u0161e da\u0148ov\u00e9 n\u00e1vrhy, ale i tak si mysl\u00edm, \u017ee ten prostor tam je, neboj\u00edme se toho.<br \/>\n<strong> Pravicov\u00e9 strany navrhuj\u00ed nav\u00e1zat d\u00e1vky \u017eivotn\u00edho minima na odpracov\u00e1n\u00ed ur\u010dit\u00e9ho po\u010dtu hodin ve\u0159ejn\u011b prosp\u011b\u0161n\u00fdch prac\u00ed, to byste podpo\u0159ili jako strana?<\/strong><br \/>\nSamoz\u0159ejm\u011b nab\u00eddka ve\u0159ejn\u00fdch prac\u00ed je jedno z pomocn\u00fdch \u0159e\u0161en\u00ed, ale daleko d\u016fle\u017eit\u011bj\u0161\u00ed je, aby byla skute\u010dn\u00e1 pr\u00e1ce, v\u00e1zan\u00e1 ve\u0159ejn\u00e1 pr\u00e1ce u\u017e jednou narazila, narazila, kdy\u017e to p\u0159ezkoum\u00e1val, kdy\u017e to p\u0159ezkoum\u00e1val \u00dastavn\u00ed soud. J\u00e1 si mysl\u00edm, \u017ee tady je t\u0159eba b\u00fdt opatrn\u00fd a p\u0159i vysok\u00e9 nezam\u011bstnanosti si mysl\u00edm, \u017ee ta obava zparazitov\u00e1n\u00ed nen\u00ed tak siln\u00e1, abychom se toho b\u00e1li.<br \/>\n<strong>\u0158\u00edk\u00e1 Ji\u0159\u00ed Dolej\u0161, m\u00edstop\u0159edseda KS\u010cM, j\u00e1 v\u00e1m d\u011bkuji za rozhovor.<\/strong><\/p>\n<p>&nbsp;<\/p>\n<p>Daniela P\u00cdSA\u0158OVICOV\u00c1, moder\u00e1torka:<br \/>\nZv\u00fd\u0161en\u00ed \u017eivotn\u00edho a existen\u010dn\u00edho minima je v\u00fdsostnou pravomoc\u00ed vl\u00e1dy. O tom, jak se ob\u011b d\u00e1vky pro lidi v nouzi od p\u0159\u00ed\u0161t\u00edho ledna zm\u011bn\u00ed, by m\u011bl Sobotk\u016fv kabinet definitivn\u011b rozhodnout b\u011bhem listopadu.<\/p>\n","protected":false},"excerpt":{"rendered":"<div class=\"mh-excerpt\"><p>Pl\u00e1nuje se 5procentn\u00ed zv\u00fd\u0161en\u00ed \u017eivotn\u00edho a existen\u010dn\u00edho minima. KS\u010cM v\u0161ak takov\u00e9 zv\u00fd\u0161en\u00ed pova\u017euje za nedostate\u010dn\u00e9 a mluv\u00ed rovnou o dvojn\u00e1sobku. Rozhovor \u010cesk\u00e9 televize se \u010dlenem <a class=\"mh-excerpt-more\" href=\"https:\/\/www.invarena.cz\/?p=17751\" title=\"Chceme zdvojn\u00e1sobit \u017eivotn\u00ed i existen\u010dn\u00ed minimum\">[&#8230;]<\/a><\/p>\n<\/div>","protected":false},"author":1,"featured_media":0,"comment_status":"open","ping_status":"closed","sticky":false,"template":"","format":"standard","meta":{"footnotes":""},"categories":[1],"tags":[],"class_list":["post-17751","post","type-post","status-publish","format-standard","hentry","category-nezarazene"],"_links":{"self":[{"href":"https:\/\/www.invarena.cz\/index.php?rest_route=\/wp\/v2\/posts\/17751","targetHints":{"allow":["GET"]}}],"collection":[{"href":"https:\/\/www.invarena.cz\/index.php?rest_route=\/wp\/v2\/posts"}],"about":[{"href":"https:\/\/www.invarena.cz\/index.php?rest_route=\/wp\/v2\/types\/post"}],"author":[{"embeddable":true,"href":"https:\/\/www.invarena.cz\/index.php?rest_route=\/wp\/v2\/users\/1"}],"replies":[{"embeddable":true,"href":"https:\/\/www.invarena.cz\/index.php?rest_route=%2Fwp%2Fv2%2Fcomments&post=17751"}],"version-history":[{"count":0,"href":"https:\/\/www.invarena.cz\/index.php?rest_route=\/wp\/v2\/posts\/17751\/revisions"}],"wp:attachment":[{"href":"https:\/\/www.invarena.cz\/index.php?rest_route=%2Fwp%2Fv2%2Fmedia&parent=17751"}],"wp:term":[{"taxonomy":"category","embeddable":true,"href":"https:\/\/www.invarena.cz\/index.php?rest_route=%2Fwp%2Fv2%2Fcategories&post=17751"},{"taxonomy":"post_tag","embeddable":true,"href":"https:\/\/www.invarena.cz\/index.php?rest_route=%2Fwp%2Fv2%2Ftags&post=17751"}],"curies":[{"name":"wp","href":"https:\/\/api.w.org\/{rel}","templated":true}]}}