{"id":17772,"date":"2014-10-09T00:31:44","date_gmt":"2014-10-08T22:31:44","guid":{"rendered":"http:\/\/www.invarena.cz\/?p=17772"},"modified":"2014-10-09T07:15:34","modified_gmt":"2014-10-09T05:15:34","slug":"problemy-s-drogove-zavislymi","status":"publish","type":"post","link":"https:\/\/www.invarena.cz\/?p=17772","title":{"rendered":"Probl\u00e9my s drogov\u011b z\u00e1visl\u00fdmi"},"content":{"rendered":"<p><strong>Pardubicko tr\u00e1p\u00ed drogov\u011b z\u00e1visl\u00ed. Ro\u010dn\u011b p\u0159ich\u00e1z\u00ed do protidrogov\u00fdch center stovky p\u0159ev\u00e1\u017en\u011b mlad\u00fdch lid\u00ed. Komun\u00e1ln\u00ed politici p\u0159esto podle odborn\u00edk\u016f tuto t\u00e9matiku p\u0159ed volbami opom\u00edjeli. M\u011bsta se o ni op\u011bt za\u010d\u00ednaj\u00ed zaj\u00edmat.<\/strong><!--more--><\/p>\n<p><strong><em>\u010cesk\u00e1 televize &#8211; report\u00e1\u017e<\/em><\/strong><\/p>\n<p>Pardubick\u00e9 centrum drogov\u00fdch z\u00e1vislost\u00ed Laxus. Mal\u00fd nen\u00e1padn\u00fd domek skryt\u00fd v porostu b\u00fdv\u00e1 \u010dasto jedin\u00fdm \u00fato\u010di\u0161t\u011bm u\u017eivatel\u016f drog, n\u011bkte\u0159\u00ed p\u0159ich\u00e1zej\u00ed pro radu, jin\u00ed pro pochopen\u00ed a dal\u0161\u00ed cht\u011bj\u00ed jen nov\u00e9 jehly. Maj\u00ed jistotu anonymity.<\/p>\n<p>Lucie K\u016eRKOV\u00c1, vedouc\u00ed pardubick\u00e9ho centra Laxus:<br \/>\nNepot\u0159ebujeme vid\u011bt jeho ob\u010dansk\u00fd pr\u016fkaz, nepot\u0159ebujeme zn\u00e1t jeho opravdovou toto\u017enost.<\/p>\n<p>redaktor:<br \/>\nPardubice maj\u00ed nejv\u00edc u\u017eivatel\u016f drog v cel\u00e9m regionu &#8211; 40 lid\u00ed na 1 tis\u00edc obyvatel. V\u011bt\u0161ina z nich u\u017e\u00edv\u00e1 relativn\u011b levn\u00fd a dostupn\u00fd pervitin, naz\u00fdvan\u00fd tak\u00e9 pern\u00edk nebo pe\u0159\u00ed. Nap\u0159\u00edklad tento mu\u017e u\u017e\u00edval pervitin ka\u017ed\u00fd druh\u00fd den. P\u0159ed 10 lety skon\u010dil, te\u010f u\u017e m\u00e1 rodinu, pr\u00e1ci a vr\u00e1til se i ke sv\u00fdm kon\u00ed\u010dk\u016fm.<\/p>\n<p>b\u00fdval\u00fd u\u017eivatel pervitinu:<br \/>\nJedin\u00e9 co t\u011b donut\u00ed, abys p\u0159estal, aby abstinoval, se\u0161 ty s\u00e1m. To znamen\u00e1, \u017ee ty mus\u00ed\u0161 cht\u00edt, jinak nikdo ani rodina, ani zn\u00e1m\u00ed, ani ti nejbli\u017e\u0161\u00ed zn\u00e1m\u00ed t\u011b prost\u011b k tomu nedonut\u011bj nikdy.<\/p>\n<p>redaktor:<br \/>\nN\u011bkter\u00e1 m\u011bsta v regionu se op\u011bt po mnohalet\u00e9m \u00fatlumu za\u010d\u00ednaj\u00ed o drogy zaj\u00edmat. Jedno z m\u011bst, kter\u00e9 za\u010dalo nov\u011b mapovat drogovou sc\u00e9nu, je \u017damberk.<\/p>\n<p>Tom\u00e1\u0161 JANK\u016e, ter\u00e9nn\u00ed pracovn\u00edk:<br \/>\nPro ter\u00e9nn\u00edho pracovn\u00edka je nejd\u016fle\u017eit\u011bj\u0161\u00ed b\u00fdt d\u016fv\u011bryhodn\u00fdm, autentick\u00fdm, aby ti lid\u00e9 v\u011bd\u011bli, \u017ee skute\u010dn\u011b je t\u00edm, co \u0159\u00edk\u00e1, a ne t\u0159eba tajn\u00fdm policistou.<\/p>\n<p>redaktor:<br \/>\nNov\u00fd jev na \u010desko-polsk\u00fdch hranic\u00edch. Pa\u0161er\u00e1ci p\u0159ev\u00e1\u017eej\u00ed <span class=\"highlight\">l\u00e9ky<\/span> s obsahem pseudoefedrinu ve vlac\u00edch. Vyu\u017e\u00edvaj\u00ed anonymitu davu a v p\u0159\u00edpad\u011b odhalen\u00ed se k zavazadlu nehl\u00e1s\u00ed. Ov\u0161em celn\u00edci u\u017e jsou zku\u0161en\u00ed, za lo\u0148sk\u00fd rok zabavili p\u0159es 80 tis\u00edc tablet <span class=\"highlight\">l\u00e9k\u016f<\/span>, pou\u017e\u00edvan\u00fdch k v\u00fdrob\u011b pervitinu.<\/p>\n","protected":false},"excerpt":{"rendered":"<div class=\"mh-excerpt\"><p>Pardubicko tr\u00e1p\u00ed drogov\u011b z\u00e1visl\u00ed. Ro\u010dn\u011b p\u0159ich\u00e1z\u00ed do protidrogov\u00fdch center stovky p\u0159ev\u00e1\u017en\u011b mlad\u00fdch lid\u00ed. Komun\u00e1ln\u00ed politici p\u0159esto podle odborn\u00edk\u016f tuto t\u00e9matiku p\u0159ed volbami opom\u00edjeli. M\u011bsta se <a class=\"mh-excerpt-more\" href=\"https:\/\/www.invarena.cz\/?p=17772\" title=\"Probl\u00e9my s drogov\u011b z\u00e1visl\u00fdmi\">[&#8230;]<\/a><\/p>\n<\/div>","protected":false},"author":1,"featured_media":0,"comment_status":"open","ping_status":"closed","sticky":false,"template":"","format":"standard","meta":{"footnotes":""},"categories":[7],"tags":[],"class_list":["post-17772","post","type-post","status-publish","format-standard","hentry","category-spolecnost"],"_links":{"self":[{"href":"https:\/\/www.invarena.cz\/index.php?rest_route=\/wp\/v2\/posts\/17772","targetHints":{"allow":["GET"]}}],"collection":[{"href":"https:\/\/www.invarena.cz\/index.php?rest_route=\/wp\/v2\/posts"}],"about":[{"href":"https:\/\/www.invarena.cz\/index.php?rest_route=\/wp\/v2\/types\/post"}],"author":[{"embeddable":true,"href":"https:\/\/www.invarena.cz\/index.php?rest_route=\/wp\/v2\/users\/1"}],"replies":[{"embeddable":true,"href":"https:\/\/www.invarena.cz\/index.php?rest_route=%2Fwp%2Fv2%2Fcomments&post=17772"}],"version-history":[{"count":0,"href":"https:\/\/www.invarena.cz\/index.php?rest_route=\/wp\/v2\/posts\/17772\/revisions"}],"wp:attachment":[{"href":"https:\/\/www.invarena.cz\/index.php?rest_route=%2Fwp%2Fv2%2Fmedia&parent=17772"}],"wp:term":[{"taxonomy":"category","embeddable":true,"href":"https:\/\/www.invarena.cz\/index.php?rest_route=%2Fwp%2Fv2%2Fcategories&post=17772"},{"taxonomy":"post_tag","embeddable":true,"href":"https:\/\/www.invarena.cz\/index.php?rest_route=%2Fwp%2Fv2%2Ftags&post=17772"}],"curies":[{"name":"wp","href":"https:\/\/api.w.org\/{rel}","templated":true}]}}