{"id":17774,"date":"2014-10-07T12:14:48","date_gmt":"2014-10-07T10:14:48","guid":{"rendered":"http:\/\/www.invarena.cz\/?p=17774"},"modified":"2014-10-07T15:05:48","modified_gmt":"2014-10-07T13:05:48","slug":"babicka-se-boji-ze-prijde-o-vnuka","status":"publish","type":"post","link":"https:\/\/www.invarena.cz\/?p=17774","title":{"rendered":"Babi\u010dka se boj\u00ed, \u017ee p\u0159ijde o vnuka"},"content":{"rendered":"<p><strong>Do obt\u00ed\u017en\u00e9 situace se dostala pades\u00e1tilet\u00e1 Iveta Nov\u00e1kov\u00e1 z \u00dast\u00ed nad Labem. Kv\u016fli drogov\u00e9 z\u00e1vislosti sv\u00e9 dcery se te\u010f mus\u00ed starat o sv\u00e9ho p\u016flro\u010dn\u00edho vnuka, kter\u00e9ho matce museli soci\u00e1ln\u00ed pracovn\u00edci odebrat.<\/strong><!--more--><\/p>\n<p><em><strong>TV Barrandov -report\u00e1\u017e<\/strong><\/em><\/p>\n<p>Chlapcova babi\u010dka ale p\u0159i\u0161la o pr\u00e1ci a je bez pen\u011bz. Sv\u00e9mu vnukovi se sna\u017e\u00ed zajistit v\u0161e pot\u0159ebn\u00e9, na to j\u00ed ale doch\u00e1zej\u00ed prost\u0159edky a hroz\u00ed j\u00ed, \u017ee mal\u00fd chlapec skon\u010d\u00ed v Klok\u00e1nku. Zoufal\u00e1 \u017eena si u\u017e nev\u00ed rady.<\/p>\n<p>Yveta NOV\u00c1KOV\u00c1, babi\u010dka:<br \/>\nNa mate\u0159skou p\u0159ece m\u00e1 n\u00e1rok ka\u017ed\u00e1 matka a j\u00e1 jsem te\u010f n\u00e1hradn\u00ed matka. I kdy\u017e jsem babi\u010dka \u017ee jo, ale star\u00e1m se o n\u011bj.<\/p>\n<p>redaktor:<br \/>\nNe\u0161\u0165astn\u00e1 \u017eena se musela nejd\u0159\u00edv vyrovn\u00e1vat se svoj\u00ed z\u00e1vislou dcerou, kter\u00e1 u\u017e\u00edv\u00e1 pervitin. Pr\u00e1v\u011b j\u00ed soci\u00e1lka d\u00edt\u011b odebrala. Mal\u00e9ho Am\u00edra si samoz\u0159ejm\u011b nezam\u011bstnan\u00e1 babi\u010dka okam\u017eit\u011b vzala do p\u00e9\u010de a od srpna se o n\u011bj star\u00e1. Tehdy ale p\u0159i\u0161la dal\u0161\u00ed r\u00e1na. Yveta Nov\u00e1kov\u00e1 pr\u00fd nem\u00e1 n\u00e1rok na mate\u0159skou.<\/p>\n<p>Yveta NOV\u00c1KOV\u00c1,<br \/>\nSamoz\u0159ejm\u011b malej roste p\u0159ed o\u010dima jo, tak\u017ee kupuju v\u011bci\u010dky, koupila jsem ko\u010d\u00e1rek, post\u00fdlku, v\u0161echno a nikdo mi na to nic nep\u0159id\u00e1.<\/p>\n<p>redaktor:<br \/>\n\u017den\u011b u\u017e pomalu doch\u00e1z\u00ed i j\u00eddlo a boj\u00ed se, \u017ee vnuk nakonec bude muset do Klok\u00e1nku. To si ale v\u016fbec nedok\u00e1\u017ee p\u0159edstavit. Mate\u0159skou vypl\u00e1c\u00ed \u00fa\u0159ad pr\u00e1ce. Ten ale v tomto p\u0159\u00edpad\u011b uvol\u0148uje pen\u00edze na z\u00e1klad\u011b rozhodnut\u00ed okresn\u00edho soudu.<\/p>\n<p>Hana KOL\u00c1\u0158OV\u00c1, specialistka \u00da\u0159adu pr\u00e1ce \u00dast\u00ed nad Labem:<br \/>\nProto\u017ee soud je\u0161t\u011b nevydal p\u0159edb\u011b\u017en\u00e9 opat\u0159en\u00ed, kter\u00fdm by d\u00edt\u011b bylo sv\u011b\u0159eno babi\u010dce do p\u00e9\u010de, nelze poskytnout teda \u017e\u00e1dn\u00e1 d\u00e1vka.<\/p>\n<p>redaktor:<br \/>\nOkresn\u00ed soud v \u00dast\u00ed nad Labem dostal n\u00e1vrh na opat\u0159en\u00ed u\u017e za\u010d\u00e1tkem srpna. Podle n\u011bj se u\u017e ale pan\u00ed Nov\u00e1kov\u00e1 fakticky o chlapce star\u00e1 a proto nen\u00ed pot\u0159eba n\u00e1vrhu vyhov\u011bt. \u017de kv\u016fli tomu babi\u010dka nedostane pen\u00edze, soudkyn\u011b ne\u0159e\u0161ila.<\/p>\n<p>Jan TICH\u00dd, mluv\u010d\u00ed Okresn\u00edho soudu v \u00dast\u00ed nad Labem:<br \/>\nA to zejm\u00e9na z toho d\u016fvodu, \u017ee o sv\u011b\u0159en\u00ed d\u00edt\u011bte do jej\u00ed p\u00e9\u010de se dom\u00e1hala babi\u010dka d\u00edt\u011bte, kter\u00e1 v dob\u011b pod\u00e1n\u00ed n\u00e1vrhu na vyd\u00e1n\u00ed p\u0159edb\u011b\u017en\u00e9ho opat\u0159en\u00ed to d\u00edt\u011b ji\u017e ve sv\u00e9 p\u00e9\u010di m\u011bla.<\/p>\n<p>redaktor:<br \/>\nJe to tedy za\u010darovan\u00fd kruh a st\u00e1t \u017een\u011b prost\u011b nepom\u016f\u017ee. M\u016f\u017ee si sice je\u0161t\u011b po\u017e\u00e1dat takzvan\u00fd ospot o potvrzen\u00ed, \u017ee o mal\u00e9ho Am\u00edra pe\u010duje. Pak by j\u00ed \u00fa\u0159ad pr\u00e1ce poskytl jednor\u00e1zov\u00fd <span class=\"highlight\">p\u0159\u00edsp\u011bvek<\/span> kolem dvou tis\u00edc korun. Jde ale o velmi malou n\u00e1plast, ze kter\u00e9 zaplat\u00ed jen to nejnutn\u011bj\u0161\u00ed. \u010cekat bude muset na rozhodov\u00e1n\u00ed o sv\u011b\u0159en\u00ed d\u00edt\u011bte do p\u011bstounsk\u00e9 p\u00e9\u010de. Jej\u00ed no\u010dn\u00ed m\u016fra se tak prot\u00e1hne o n\u011bkolik dal\u0161\u00edch m\u011bs\u00edc\u016f.<\/p>\n","protected":false},"excerpt":{"rendered":"<div class=\"mh-excerpt\"><p>Do obt\u00ed\u017en\u00e9 situace se dostala pades\u00e1tilet\u00e1 Iveta Nov\u00e1kov\u00e1 z \u00dast\u00ed nad Labem. Kv\u016fli drogov\u00e9 z\u00e1vislosti sv\u00e9 dcery se te\u010f mus\u00ed starat o sv\u00e9ho p\u016flro\u010dn\u00edho vnuka, <a class=\"mh-excerpt-more\" href=\"https:\/\/www.invarena.cz\/?p=17774\" title=\"Babi\u010dka se boj\u00ed, \u017ee p\u0159ijde o vnuka\">[&#8230;]<\/a><\/p>\n<\/div>","protected":false},"author":1,"featured_media":5390,"comment_status":"open","ping_status":"closed","sticky":false,"template":"","format":"standard","meta":{"footnotes":""},"categories":[7],"tags":[],"class_list":["post-17774","post","type-post","status-publish","format-standard","has-post-thumbnail","hentry","category-spolecnost"],"_links":{"self":[{"href":"https:\/\/www.invarena.cz\/index.php?rest_route=\/wp\/v2\/posts\/17774","targetHints":{"allow":["GET"]}}],"collection":[{"href":"https:\/\/www.invarena.cz\/index.php?rest_route=\/wp\/v2\/posts"}],"about":[{"href":"https:\/\/www.invarena.cz\/index.php?rest_route=\/wp\/v2\/types\/post"}],"author":[{"embeddable":true,"href":"https:\/\/www.invarena.cz\/index.php?rest_route=\/wp\/v2\/users\/1"}],"replies":[{"embeddable":true,"href":"https:\/\/www.invarena.cz\/index.php?rest_route=%2Fwp%2Fv2%2Fcomments&post=17774"}],"version-history":[{"count":0,"href":"https:\/\/www.invarena.cz\/index.php?rest_route=\/wp\/v2\/posts\/17774\/revisions"}],"wp:featuredmedia":[{"embeddable":true,"href":"https:\/\/www.invarena.cz\/index.php?rest_route=\/wp\/v2\/media\/5390"}],"wp:attachment":[{"href":"https:\/\/www.invarena.cz\/index.php?rest_route=%2Fwp%2Fv2%2Fmedia&parent=17774"}],"wp:term":[{"taxonomy":"category","embeddable":true,"href":"https:\/\/www.invarena.cz\/index.php?rest_route=%2Fwp%2Fv2%2Fcategories&post=17774"},{"taxonomy":"post_tag","embeddable":true,"href":"https:\/\/www.invarena.cz\/index.php?rest_route=%2Fwp%2Fv2%2Ftags&post=17774"}],"curies":[{"name":"wp","href":"https:\/\/api.w.org\/{rel}","templated":true}]}}