{"id":17777,"date":"2014-10-07T14:39:51","date_gmt":"2014-10-07T12:39:51","guid":{"rendered":"http:\/\/www.invarena.cz\/?p=17777"},"modified":"2014-10-07T14:39:51","modified_gmt":"2014-10-07T12:39:51","slug":"pomoc-nemocnym-leky-za-kolace","status":"publish","type":"post","link":"https:\/\/www.invarena.cz\/?p=17777","title":{"rendered":"Pomoc nemocn\u00fdm: l\u00e9ky za kol\u00e1\u010de"},"content":{"rendered":"<p><strong>I sta\u0159\u00ed a nemocn\u00ed lid\u00e9 maj\u00ed n\u00e1rok na d\u016fstojn\u00fd \u017eivot. Aby ho mohli do\u017e\u00edt v klidu a bez zbyte\u010dn\u00fdch bolest\u00ed, uspo\u0159\u00e1dala Diec\u00e9zn\u00ed charita Brno dal\u0161\u00ed ro\u010dn\u00edk sb\u00edrky Kol\u00e1\u010d pro hospic. <\/strong><!--more--><\/p>\n<p>Lid\u00e9 maj\u00ed mo\u017enost pochutnat si na \u010derstv\u00fdch kol\u00e1\u010d\u00edch a p\u0159itom p\u0159isp\u011bt na dobrou v\u011bc. &#8222;Z\u00edtra od dev\u00edti hodin od r\u00e1na do p\u011bti odpoledne budou st\u00e1t pracovn\u00edci charity na rohu Pansk\u00e9 ulice v Brn\u011b. Z\u00e1jemci si za t\u0159icet korun mohou koupit kol\u00e1\u010d a p\u0159isp\u011bt tak hlavn\u011b na n\u00e1kup <span class=\"highlight\">l\u00e9k\u016f<\/span> pro lidi \u017eij\u00edc\u00ed v hospici v Rajhrad\u011b,&#8220; p\u0159ibl\u00ed\u017eila akci mluv\u010d\u00ed Diec\u00e9zn\u00ed charity Brno Diana Tuyet\u00adLan Kosinov\u00e1. Jde u\u017e o t\u0159in\u00e1ct\u00fd ro\u010dn\u00edk akce.&#8220;Um\u00edr\u00e1n\u00edjevna\u0161\u00ed zemi st\u00e1le tabuizov\u00e1no. Lidi nav\u00edc ovliv\u0148uje s\u00edl\u00edc\u00ed hlas zast\u00e1nc\u016f eutan\u00e1zie. Chceme proto dostat do jejich pov\u011bdom\u00ed, \u017ee sou\u010dasn\u00e1 medic\u00edna umo\u017e\u0148uje efektivn\u011b ti\u0161it bolest a posledn\u00ed chv\u00edle \u017eivota pro\u017e\u00edt plnohodnotn\u011b,&#8220; vysv\u011btlil \u0159editel Oblastn\u00ed charity Rajhrad Jarom\u00edr B\u00edl\u00fd, pro\u010d se akci rozhodli p\u0159ed t\u0159in\u00e1cti lety poprv\u00e9 uspo\u0159\u00e1dat.<\/p>\n<p>V lo\u0148sk\u00e9m roce se na akci Kol\u00e1\u010d pro hospic poda\u0159ilo jen v Brn\u011b vybrat p\u0159es 145 tis\u00edc korun. &#8222;Jsme r\u00e1di, \u017ee lid\u00e9 nejsou lhostejn\u00ed k osudu nemocn\u00fdch. Douf\u00e1me, \u017ee letos se setk\u00e1me se stejn\u00fdm ohlasem,&#8220; p\u0159eje si B\u00edl\u00fd.<\/p>\n<p>Dodal, \u017ee pen\u00edze nevyu\u017eij\u00ed pouze na <span class=\"highlight\">l\u00e9ky<\/span>, ale tak\u00e9 na r\u016fzn\u00e9 hygienick\u00e9 pom\u016fcky a stroje pot\u0159ebn\u00e9 k p\u00e9\u010di o nevyl\u00e9\u010diteln\u011b nemocn\u00e9.<\/p>\n<table class=\"docHdrTable\">\n<tbody>\n<tr>\n<td class=\"docHdrNavesti\"><\/td>\n<td><a href=\"http:\/\/blanensky.denik.cz\/\" target=\"_blank\">http:\/\/blanensky.denik.cz\/ <\/a><\/td>\n<\/tr>\n<\/tbody>\n<\/table>\n","protected":false},"excerpt":{"rendered":"<div class=\"mh-excerpt\"><p>I sta\u0159\u00ed a nemocn\u00ed lid\u00e9 maj\u00ed n\u00e1rok na d\u016fstojn\u00fd \u017eivot. Aby ho mohli do\u017e\u00edt v klidu a bez zbyte\u010dn\u00fdch bolest\u00ed, uspo\u0159\u00e1dala Diec\u00e9zn\u00ed charita Brno dal\u0161\u00ed <a class=\"mh-excerpt-more\" href=\"https:\/\/www.invarena.cz\/?p=17777\" title=\"Pomoc nemocn\u00fdm: l\u00e9ky za kol\u00e1\u010de\">[&#8230;]<\/a><\/p>\n<\/div>","protected":false},"author":1,"featured_media":0,"comment_status":"open","ping_status":"closed","sticky":false,"template":"","format":"standard","meta":{"footnotes":""},"categories":[9],"tags":[],"class_list":["post-17777","post","type-post","status-publish","format-standard","hentry","category-zpravy"],"_links":{"self":[{"href":"https:\/\/www.invarena.cz\/index.php?rest_route=\/wp\/v2\/posts\/17777","targetHints":{"allow":["GET"]}}],"collection":[{"href":"https:\/\/www.invarena.cz\/index.php?rest_route=\/wp\/v2\/posts"}],"about":[{"href":"https:\/\/www.invarena.cz\/index.php?rest_route=\/wp\/v2\/types\/post"}],"author":[{"embeddable":true,"href":"https:\/\/www.invarena.cz\/index.php?rest_route=\/wp\/v2\/users\/1"}],"replies":[{"embeddable":true,"href":"https:\/\/www.invarena.cz\/index.php?rest_route=%2Fwp%2Fv2%2Fcomments&post=17777"}],"version-history":[{"count":0,"href":"https:\/\/www.invarena.cz\/index.php?rest_route=\/wp\/v2\/posts\/17777\/revisions"}],"wp:attachment":[{"href":"https:\/\/www.invarena.cz\/index.php?rest_route=%2Fwp%2Fv2%2Fmedia&parent=17777"}],"wp:term":[{"taxonomy":"category","embeddable":true,"href":"https:\/\/www.invarena.cz\/index.php?rest_route=%2Fwp%2Fv2%2Fcategories&post=17777"},{"taxonomy":"post_tag","embeddable":true,"href":"https:\/\/www.invarena.cz\/index.php?rest_route=%2Fwp%2Fv2%2Ftags&post=17777"}],"curies":[{"name":"wp","href":"https:\/\/api.w.org\/{rel}","templated":true}]}}