{"id":17779,"date":"2014-10-08T08:49:52","date_gmt":"2014-10-08T06:49:52","guid":{"rendered":"http:\/\/www.invarena.cz\/?p=17779"},"modified":"2014-10-08T08:50:27","modified_gmt":"2014-10-08T06:50:27","slug":"kabelkovy-veletrh-podporila-i-manzelka-ivana-trojana","status":"publish","type":"post","link":"https:\/\/www.invarena.cz\/?p=17779","title":{"rendered":"Kabelkov\u00fd veletrh podpo\u0159ila i man\u017eelka Ivana Trojana"},"content":{"rendered":"<p><strong>Here\u010dka Kl\u00e1ra Pollertov\u00e1 Trojanov\u00e1, man\u017eelka herce Ivana Trojana a sestra n\u011bkdej\u0161\u00edho vodn\u00edho slalom\u00e1\u0159e, olympionika a l\u00e9ka\u0159e Luk\u00e1\u0161e Pollerta, tak\u00e9 podpo\u0159ila Kabelkov\u00fd veletrh Den\u00edku. Veletrh se uskute\u010dn\u00ed tento p\u00e1tek v ostravsk\u00e9 \u010cEZ Ar\u00e9n\u011b. \/ilustra\u010dn\u00ed foto\/<\/strong><!--more--><\/p>\n<p><strong>Do dra\u017eby poslala Pollertov\u00e1 Trojanov\u00e1 zaj\u00edmav\u00fd pleten\u00fd kousek, kter\u00fd dostala od sv\u00e9 sestry.<\/strong><\/p>\n<p>Do redakce Opavsk\u00e9ho a Hlu\u010d\u00ednsk\u00e9ho den\u00edku ho p\u0159inesl basketbalov\u00fd tren\u00e9r Petr Czudek. By\u0165 here\u010dka \u2013 mimochodem, zn\u00e1m\u00e1 nap\u0159\u00edklad z filmu Vra\u0165 se do hrobu \u2013 \u017eije v Praze, ke slezsk\u00e9 metropoli m\u00e1v\u0159el\u00fd vztah. N\u011bkolikr\u00e1t b\u011bhem roku zav\u00edt\u00e1 spolu s man\u017eelem a d\u011btmi na n\u00e1v\u0161t\u011bvu k Czudkov\u00fdm, se kter\u00fdmi jej\u00ed rodinu poj\u00ed dlouholet\u00e9 p\u0159\u00e1telstv\u00ed.<\/p>\n<p>&#8222;Tuhle kabelku mi p\u0159inesla moje sestra a zase m\u011b na\u0161tvala. Asi mi to d\u011bl\u00e1 naschv\u00e1l. \u0160ije, plete, h\u00e1\u010dkuje a v\u0161echno m\u00e1 kr\u00e1sn\u00fd. J\u00e1 jsem na rozd\u00edl od n\u00ed hrozn\u00fd patla. A to m\u011b \u0161tve. A\u0165 V\u00e1m kabelka p\u0159inese \u0161t\u011bst\u00ed a pohodu,&#8220; napsala Kl\u00e1ra Trojanov\u00e1 vzkaz nov\u00e9 majitelce kabelky.<\/p>\n<p>Kabelkov\u00fd veletrh Den\u00edku se uskute\u010dn\u00ed tento p\u00e1tek od 14 do 18 hodin v ostravsk\u00e9 \u010cEZ Ar\u00e9n\u011b. Kabelky, kter\u00e9 v\u011bnovaly stovky na\u0161ich \u010dten\u00e1\u0159ek i des\u00edtky zn\u00e1m\u00fdch osobnost\u00ed, se budou prod\u00e1vat za symbolick\u00e9 ceny.<\/p>\n<p>Cel\u00fd v\u00fdt\u011b\u017eek z akce v\u011bnujeme spolu s Nada\u010dn\u00edm fondem \u0160\u0165astn\u00e1 hv\u011bzda \u0161estilet\u00fdm handicapovan\u00fdm dvoj\u010d\u00e1tk\u016fm Va\u0161\u00edkovi a Jarou\u0161kovi z Ostravy. Pen\u00edze jsou ur\u010deny na l\u00e9\u010dbu nechod\u00edc\u00edho Va\u0161\u00edka, kterou nehrad\u00ed zdravotn\u00ed poji\u0161\u0165ovna.<br \/>\nVstup na veletrh je zdarma.<\/p>\n<p>http:\/\/www.moravskoslezsky.denik.cz\/<\/p>\n","protected":false},"excerpt":{"rendered":"<div class=\"mh-excerpt\"><p>Here\u010dka Kl\u00e1ra Pollertov\u00e1 Trojanov\u00e1, man\u017eelka herce Ivana Trojana a sestra n\u011bkdej\u0161\u00edho vodn\u00edho slalom\u00e1\u0159e, olympionika a l\u00e9ka\u0159e Luk\u00e1\u0161e Pollerta, tak\u00e9 podpo\u0159ila Kabelkov\u00fd veletrh Den\u00edku. Veletrh se <a class=\"mh-excerpt-more\" href=\"https:\/\/www.invarena.cz\/?p=17779\" title=\"Kabelkov\u00fd veletrh podpo\u0159ila i man\u017eelka Ivana Trojana\">[&#8230;]<\/a><\/p>\n<\/div>","protected":false},"author":1,"featured_media":15627,"comment_status":"open","ping_status":"closed","sticky":false,"template":"","format":"standard","meta":{"footnotes":""},"categories":[17],"tags":[],"class_list":["post-17779","post","type-post","status-publish","format-standard","has-post-thumbnail","hentry","category-kultura"],"_links":{"self":[{"href":"https:\/\/www.invarena.cz\/index.php?rest_route=\/wp\/v2\/posts\/17779","targetHints":{"allow":["GET"]}}],"collection":[{"href":"https:\/\/www.invarena.cz\/index.php?rest_route=\/wp\/v2\/posts"}],"about":[{"href":"https:\/\/www.invarena.cz\/index.php?rest_route=\/wp\/v2\/types\/post"}],"author":[{"embeddable":true,"href":"https:\/\/www.invarena.cz\/index.php?rest_route=\/wp\/v2\/users\/1"}],"replies":[{"embeddable":true,"href":"https:\/\/www.invarena.cz\/index.php?rest_route=%2Fwp%2Fv2%2Fcomments&post=17779"}],"version-history":[{"count":0,"href":"https:\/\/www.invarena.cz\/index.php?rest_route=\/wp\/v2\/posts\/17779\/revisions"}],"wp:featuredmedia":[{"embeddable":true,"href":"https:\/\/www.invarena.cz\/index.php?rest_route=\/wp\/v2\/media\/15627"}],"wp:attachment":[{"href":"https:\/\/www.invarena.cz\/index.php?rest_route=%2Fwp%2Fv2%2Fmedia&parent=17779"}],"wp:term":[{"taxonomy":"category","embeddable":true,"href":"https:\/\/www.invarena.cz\/index.php?rest_route=%2Fwp%2Fv2%2Fcategories&post=17779"},{"taxonomy":"post_tag","embeddable":true,"href":"https:\/\/www.invarena.cz\/index.php?rest_route=%2Fwp%2Fv2%2Ftags&post=17779"}],"curies":[{"name":"wp","href":"https:\/\/api.w.org\/{rel}","templated":true}]}}