{"id":17783,"date":"2014-10-07T23:09:27","date_gmt":"2014-10-07T21:09:27","guid":{"rendered":"http:\/\/www.invarena.cz\/?p=17783"},"modified":"2014-10-07T23:29:49","modified_gmt":"2014-10-07T21:29:49","slug":"us-dal-sanci-na-vyssi-odskodneni-zene-srazene-na-prechodu","status":"publish","type":"post","link":"https:\/\/www.invarena.cz\/?p=17783","title":{"rendered":"\u00daS: \u017dena sra\u017een\u00e1 na p\u0159echodu m\u00e1 m\u00edt vy\u0161\u0161\u00ed od\u0161kodn\u011bn\u00ed"},"content":{"rendered":"<p><strong>\u00dastavn\u00ed soud (\u00daS) dnes dal \u0161anci na vy\u0161\u0161\u00ed od\u0161kodn\u011bn\u00ed \u017een\u011b, kterou srazilo na p\u0159echodu auto a z\u016fstala upoutan\u00e1 na invalidn\u00ed voz\u00edk. S poji\u0161\u0165ovnou vin\u00edka nehody vede soudn\u00ed spor, usiluje o zhruba 10 milion\u016f od\u0161kodn\u00e9ho. \/ilustra\u010dn\u00ed foto\/<\/strong> <!--more--><\/p>\n<p>Obvodn\u00ed soud pro Prahu 4 \u017een\u011b p\u0159iznal 9,7 milionu korun, nepo\u010d\u00edtaje bolestn\u00e9 a ji\u017e vyplacen\u00e9 pen\u00edze z odpov\u011bdnostn\u00edho poji\u0161t\u011bn\u00ed. M\u011bstsk\u00fd soud v Praze ale n\u00e1hradu v\u00fdrazn\u011b sn\u00ed\u017eil na 4,5 milionu, op\u011bt bez dal\u0161\u00edch d\u00edl\u010d\u00edch n\u00e1rok\u016f, kter\u00e9 nebyly p\u0159edm\u011btem \u00fastavn\u00ed st\u00ed\u017enosti.<\/p>\n<p>\u00dastavn\u00ed soudci kauzu vr\u00e1tili odvolac\u00edmu soudu k nov\u00e9mu projedn\u00e1n\u00ed. M\u011bstsk\u00fd soud podle nich chyboval, kdy\u017e p\u0159i \u00faprav\u011b \u010d\u00e1stky vych\u00e1zel zejm\u00e9na z jin\u00e9ho konkr\u00e9tn\u00edho sporu o n\u00e1hradu, kter\u00fd pova\u017eoval za obdobn\u00fd. &#8222;Od\u016fvodn\u011bn\u00ed nem\u016f\u017ee b\u00fdt zalo\u017eeno pouze na jednotliv\u00e9m precedentu, ale na komplexn\u00edm posouzen\u00ed v\u0161ech rozhodn\u00fdch okolnost\u00ed,&#8220; \u0159ekl soudce zpravodaj Ludv\u00edk David. \u00daS nestanovil, jakou \u010d\u00e1stku m\u00e1 \u017eena p\u0159esn\u011b dostat. Z od\u016fvodn\u011bn\u00ed ale vypl\u00fdv\u00e1, \u017ee bl\u00ed\u017ee p\u0159im\u011b\u0159en\u00e9 sum\u011b byl soud prvn\u00edho stupn\u011b.<\/p>\n<p>Odvolac\u00ed soud tak\u00e9 podle dne\u0161n\u00edho n\u00e1lezu dostate\u010dn\u011b nezohlednil finan\u010dn\u00ed n\u00e1kladnost pe\u010dovatelsk\u00e9 slu\u017eby, kterou \u017eena pot\u0159ebuje &#8211; a vzhledem ke sv\u00e9mu v\u011bku ji bude nejsp\u00ed\u0161 pot\u0159ebovat dlouho. Soci\u00e1ln\u00ed d\u00e1vky n\u00e1klady nepokryj\u00ed.<\/p>\n<p>\u017denu v prosinci 2005 srazilo osobn\u00ed auto na p\u0159echodu pro chodce. Tehdy j\u00ed bylo 30 let, pracovala v cestovn\u00ed kancel\u00e1\u0159i, sportovala, vlastnila kon\u011b, m\u011bla zn\u00e1most.<\/p>\n<p>Po hav\u00e1rii z\u016fstala upoutan\u00e1 na voz\u00edk a odk\u00e1zan\u00e1 na pomoc druh\u00fdch.<\/p>\n<p>Obvodn\u00ed soud pro Prahu 4 na z\u00e1klad\u011b specifick\u00fdch okolnost\u00ed rozhodl o mimo\u0159\u00e1dn\u00e9m zv\u00fd\u0161en\u00ed n\u00e1hrady za zt\u00ed\u017een\u00ed spole\u010densk\u00e9ho uplatn\u011bn\u00ed na osmin\u00e1sobek z\u00e1kladn\u00ed bodov\u00e9 v\u00fdm\u011bry. M\u011bstsk\u00fd soud v Praze ale osmin\u00e1sobek nahradil p\u011btin\u00e1sobkem, co\u017e pozd\u011bji potvrdil tak\u00e9 Nejvy\u0161\u0161\u00ed soud.<\/p>\n<p>Podle \u017eeniny \u00fastavn\u00ed st\u00ed\u017enosti jej\u00ed \u017eivotn\u00ed situaci spr\u00e1vn\u011b posoudil obvodn\u00ed soud. Zd\u016fraznila, \u017ee nen\u00ed schopn\u00e1 bez pomoci dal\u0161\u00ed osoby vykon\u00e1vat ani nejb\u011b\u017en\u011bj\u0161\u00ed a nejz\u00e1kladn\u011bj\u0161\u00ed lidsk\u00e9 pot\u0159eby. Jej\u00ed \u00faraz m\u00e1 z l\u00e9ka\u0159sk\u00e9ho hlediska negativn\u00ed progn\u00f3zu. Je vy\u0159azena z pr\u00e1ce, spole\u010densk\u00fdch i z\u00e1jmov\u00fdch aktivit. P\u016fvodn\u011b p\u0159iznan\u00e1 n\u00e1hrada byla podle n\u00ed opr\u00e1vn\u011bn\u00e1, odvolac\u00ed soud pr\u00fd poru\u0161il jej\u00ed pr\u00e1vo na na spravedliv\u00fd proces.<\/p>\n","protected":false},"excerpt":{"rendered":"<div class=\"mh-excerpt\"><p>\u00dastavn\u00ed soud (\u00daS) dnes dal \u0161anci na vy\u0161\u0161\u00ed od\u0161kodn\u011bn\u00ed \u017een\u011b, kterou srazilo na p\u0159echodu auto a z\u016fstala upoutan\u00e1 na invalidn\u00ed voz\u00edk. S poji\u0161\u0165ovnou vin\u00edka nehody <a class=\"mh-excerpt-more\" href=\"https:\/\/www.invarena.cz\/?p=17783\" title=\"\u00daS: \u017dena sra\u017een\u00e1 na p\u0159echodu m\u00e1 m\u00edt vy\u0161\u0161\u00ed od\u0161kodn\u011bn\u00ed\">[&#8230;]<\/a><\/p>\n<\/div>","protected":false},"author":1,"featured_media":5554,"comment_status":"open","ping_status":"closed","sticky":false,"template":"","format":"standard","meta":{"footnotes":""},"categories":[7],"tags":[],"class_list":["post-17783","post","type-post","status-publish","format-standard","has-post-thumbnail","hentry","category-spolecnost"],"_links":{"self":[{"href":"https:\/\/www.invarena.cz\/index.php?rest_route=\/wp\/v2\/posts\/17783","targetHints":{"allow":["GET"]}}],"collection":[{"href":"https:\/\/www.invarena.cz\/index.php?rest_route=\/wp\/v2\/posts"}],"about":[{"href":"https:\/\/www.invarena.cz\/index.php?rest_route=\/wp\/v2\/types\/post"}],"author":[{"embeddable":true,"href":"https:\/\/www.invarena.cz\/index.php?rest_route=\/wp\/v2\/users\/1"}],"replies":[{"embeddable":true,"href":"https:\/\/www.invarena.cz\/index.php?rest_route=%2Fwp%2Fv2%2Fcomments&post=17783"}],"version-history":[{"count":0,"href":"https:\/\/www.invarena.cz\/index.php?rest_route=\/wp\/v2\/posts\/17783\/revisions"}],"wp:featuredmedia":[{"embeddable":true,"href":"https:\/\/www.invarena.cz\/index.php?rest_route=\/wp\/v2\/media\/5554"}],"wp:attachment":[{"href":"https:\/\/www.invarena.cz\/index.php?rest_route=%2Fwp%2Fv2%2Fmedia&parent=17783"}],"wp:term":[{"taxonomy":"category","embeddable":true,"href":"https:\/\/www.invarena.cz\/index.php?rest_route=%2Fwp%2Fv2%2Fcategories&post=17783"},{"taxonomy":"post_tag","embeddable":true,"href":"https:\/\/www.invarena.cz\/index.php?rest_route=%2Fwp%2Fv2%2Ftags&post=17783"}],"curies":[{"name":"wp","href":"https:\/\/api.w.org\/{rel}","templated":true}]}}