{"id":17818,"date":"2014-10-09T08:19:07","date_gmt":"2014-10-09T06:19:07","guid":{"rendered":"http:\/\/www.invarena.cz\/?p=17818"},"modified":"2014-10-17T22:26:43","modified_gmt":"2014-10-17T20:26:43","slug":"mentalne-zaostaly-pacient-v-ustavu-znasilnoval-jde-do-vezeni","status":"publish","type":"post","link":"https:\/\/www.invarena.cz\/?p=17818","title":{"rendered":"Ment\u00e1ln\u011b zaostal\u00fd pacient v \u00fastavu zn\u00e1sil\u0148oval, jde do v\u011bzen\u00ed"},"content":{"rendered":"<p><strong>Mimo\u0159\u00e1dnou ud\u00e1lost, k n\u00ed\u017e do\u0161lo letos v lednu v psychiatrick\u00e9 l\u00e9\u010debn\u011b v Horn\u00edch Be\u0159kovic\u00edch, \u0159e\u0161il v\u010dera \u00fasteck\u00fd krajsk\u00fd soud. Ment\u00e1ln\u011b retardovan\u00fd mu\u017e zde zn\u00e1silnil stejn\u011b posti\u017een\u00e9ho pacienta. Ob\u017ealovan\u00fd dostal p\u011btilet\u00fd trest.<\/strong> <!--more--><\/p>\n<p>Miroslav Ma\u010do byl osmkr\u00e1t trestan\u00fd, hlavn\u011b za kr\u00e1de\u017ee a v\u00fdtr\u017enictv\u00ed. Do \u00fastavu se dostal v roce 2012 pot\u00e9, kdy za\u00fato\u010dil no\u017eem na svou dru\u017eku. Podle znalc\u016f byl tehdy nep\u0159\u00ed\u010detn\u00fd.<br \/>\nP\u0159esto\u017ee je primitivn\u00edm negramotem s diagn\u00f3zou st\u0159edn\u011b t\u011b\u017ek\u00e1 debilita, m\u011bl ve sv\u00e9 skupin\u011b pacient\u016f dominantn\u00ed postaven\u00ed.<br \/>\nLetos 19. ledna za\u00fato\u010dil znovu. Dvaadvacetil\u00e9ho pacienta s IQ 50 z Kr\u00e1sn\u00e9 L\u00edpy donutil, aby mu na toalet\u00e1ch rukou t\u0159el penis, pak ho zezadu chytil za trup, op\u0159el o z\u00e1chodovou m\u00edsu a pokou\u0161el se ho zn\u00e1silnit. &#8222;D\u011blej, nebo ti vym\u00e1ch\u00e1m hlavu v z\u00e1chodu,&#8220; vyhro\u017eoval. P\u0159estal, a\u017e kdy\u017e p\u0159i\u0161el o\u0161et\u0159ovatel. Ve\u010der pak t\u00e9ho\u017e pacienta donutil k or\u00e1ln\u00edmu sexu.<br \/>\nZat\u00edmco v roce 2012 \u00fato\u010dil v afektu, tentokr\u00e1t byl p\u0159\u00ed\u010detn\u00fd a jen cht\u011bl uspokojit sv\u00e9 pudy.<br \/>\nDev\u011btat\u0159icetilet\u00fd Ma\u010do vinu odm\u00edtal. &#8222;Tyhle v\u011bci se mi hnus\u00ed, nejsem \u017e\u00e1dn\u00fd deviant,&#8220; prohl\u00e1sil o sob\u011b. P\u0159esto\u017ee mlad\u00edk v minulosti fale\u0161n\u011b obvinil ze zn\u00e1siln\u011bn\u00ed v\u00fdprav\u010d\u00edho, tentokr\u00e1t si podle znalc\u016f nemohl okolnosti \u010dinu vymyslet. &#8222;Je to na n\u011bj a\u017e p\u0159\u00edli\u0161 slo\u017eit\u00e1 konstrukce,&#8220; \u0159ekl jeden ze znalc\u016f.<br \/>\nJak je mo\u017en\u00e9, \u017ee se n\u011bco takov\u00e9ho v l\u00e9\u010debn\u011b stalo? Nezanedbal n\u011bkdo svoje povinnosti? &#8222;Vytipov\u00e1v\u00e1me pacienty, kter\u00e9 podrobujeme zv\u00fd\u0161en\u00e9mu dozoru. Na druhou stranu nejsme v\u011bzen\u00ed ani deten\u010dn\u00ed \u00fastav. My jsme zdravotnick\u00e9 za\u0159\u00edzen\u00ed, od n\u00e1s se dokonce vy\u017eaduje, aby pacienti m\u011bli ur\u010dit\u011b soukrom\u00ed, nem\u016f\u017eeme jim st\u00e1t 24 hodin za z\u00e1tylkem,&#8220; \u0159ekl \u0159editel Psychiatrick\u00e9 <span class=\"highlight\">nemocnice<\/span> v Horn\u00edch Be\u0159kovic\u00edch Ji\u0159\u00ed Tome\u010dek.<br \/>\nB\u011bhem l\u00ed\u010den\u00ed vyvstala ot\u00e1zka, kam s ob\u017ealovan\u00fdm a jak p\u0159ed n\u00edm ochr\u00e1nit ve\u0159ejnost. Psychiatri\u010dka R\u016f\u017eena Hajnov\u00e1 toti\u017e varovala, \u017ee pokud se dostane na svobodu, bude p\u00e1chat zlo\u010diny d\u00e1l.<br \/>\nSoud ho nakonec poslal na p\u011bt let za m\u0159\u00ed\u017ee. Po odpyk\u00e1n\u00ed trestu se vr\u00e1t\u00ed do \u00fastavu. Jak dlouho v n\u011bm setrv\u00e1, bude rozhodovat soud ka\u017ed\u00e9 dva roky. Podle krajsk\u00e9ho soudu to k ochran\u011b spole\u010dnosti sta\u010d\u00ed.<br \/>\nMa\u010do je ve vazb\u011b a soud mu tam v\u010dera pobyt prodlou\u017eil. Mu\u017e hned v soudn\u00ed s\u00edni podal st\u00ed\u017enost a odvolal se i proti p\u011btilet\u00e9mu trestu.<\/p>\n<p><a href=\"http:\/\/www.idnes.cz\/\">Mlad\u00e1 fronta DNES\u00a0\u00a0\u00a0\u00a0 http:\/\/www.idnes.cz\/<\/a><\/p>\n","protected":false},"excerpt":{"rendered":"<div class=\"mh-excerpt\"><p>Mimo\u0159\u00e1dnou ud\u00e1lost, k n\u00ed\u017e do\u0161lo letos v lednu v psychiatrick\u00e9 l\u00e9\u010debn\u011b v Horn\u00edch Be\u0159kovic\u00edch, \u0159e\u0161il v\u010dera \u00fasteck\u00fd krajsk\u00fd soud. Ment\u00e1ln\u011b retardovan\u00fd mu\u017e zde zn\u00e1silnil stejn\u011b <a class=\"mh-excerpt-more\" href=\"https:\/\/www.invarena.cz\/?p=17818\" title=\"Ment\u00e1ln\u011b zaostal\u00fd pacient v \u00fastavu zn\u00e1sil\u0148oval, jde do v\u011bzen\u00ed\">[&#8230;]<\/a><\/p>\n<\/div>","protected":false},"author":1,"featured_media":0,"comment_status":"open","ping_status":"closed","sticky":false,"template":"","format":"standard","meta":{"footnotes":""},"categories":[9],"tags":[],"class_list":["post-17818","post","type-post","status-publish","format-standard","hentry","category-zpravy"],"_links":{"self":[{"href":"https:\/\/www.invarena.cz\/index.php?rest_route=\/wp\/v2\/posts\/17818","targetHints":{"allow":["GET"]}}],"collection":[{"href":"https:\/\/www.invarena.cz\/index.php?rest_route=\/wp\/v2\/posts"}],"about":[{"href":"https:\/\/www.invarena.cz\/index.php?rest_route=\/wp\/v2\/types\/post"}],"author":[{"embeddable":true,"href":"https:\/\/www.invarena.cz\/index.php?rest_route=\/wp\/v2\/users\/1"}],"replies":[{"embeddable":true,"href":"https:\/\/www.invarena.cz\/index.php?rest_route=%2Fwp%2Fv2%2Fcomments&post=17818"}],"version-history":[{"count":0,"href":"https:\/\/www.invarena.cz\/index.php?rest_route=\/wp\/v2\/posts\/17818\/revisions"}],"wp:attachment":[{"href":"https:\/\/www.invarena.cz\/index.php?rest_route=%2Fwp%2Fv2%2Fmedia&parent=17818"}],"wp:term":[{"taxonomy":"category","embeddable":true,"href":"https:\/\/www.invarena.cz\/index.php?rest_route=%2Fwp%2Fv2%2Fcategories&post=17818"},{"taxonomy":"post_tag","embeddable":true,"href":"https:\/\/www.invarena.cz\/index.php?rest_route=%2Fwp%2Fv2%2Ftags&post=17818"}],"curies":[{"name":"wp","href":"https:\/\/api.w.org\/{rel}","templated":true}]}}