{"id":17836,"date":"2014-10-13T21:38:19","date_gmt":"2014-10-13T19:38:19","guid":{"rendered":"http:\/\/www.invarena.cz\/?p=17836"},"modified":"2014-10-14T16:10:26","modified_gmt":"2014-10-14T14:10:26","slug":"registrovani-partneri-si-mozna-budou-moci-osvojit-dite-jednoho-z-nich","status":"publish","type":"post","link":"https:\/\/www.invarena.cz\/?p=17836","title":{"rendered":"Registrovan\u00ed partne\u0159i si mo\u017en\u00e1 budou moci osvojit d\u00edt\u011b jednoho z nich"},"content":{"rendered":"<p><strong>Registrovan\u00ed partne\u0159i si mo\u017en\u00e1 budou moci osvojit d\u00edt\u011b jednoho z nich. Minist\u0159i k n\u00e1vrhu poslanc\u016f z r\u016fzn\u00fdch politick\u00fdch stran nep\u0159ijali \u017e\u00e1dn\u00e9 usnesen\u00ed. To v praxi znamen\u00e1 souhlas po uplynut\u00ed 30-denn\u00ed lh\u016fty.<\/strong><!--more--><\/p>\n<p><em><strong>Radio\u017eurn\u00e1l<\/strong><\/em><\/p>\n<p>N\u00e1vrh z\u00e1kona nepovoluje gay\u016fm a lesb\u00e1m osvojit si d\u00edt\u011b z d\u011btsk\u00e9ho domova ani kojeneck\u00e9ho \u00fastavu. Normu te\u010f mus\u00ed schv\u00e1lit parlament a podepsat prezident.<\/p>\n<p>O adopci by rozhodl soud. U d\u011bt\u00ed star\u0161\u00edch 12 let by z\u00e1le\u017eelo na jejich souhlasu. A pokud by byl v rodn\u00e9m list\u011b druh\u00fd rodi\u010d, i on by musel d\u00e1t souhlas. Lidove\u010dt\u00ed \u010dlenov\u00e9 kabinetu n\u00e1vrh nepodpo\u0159ili, proto\u017ee podle nich nen\u00ed pot\u0159eba.<\/p>\n<p>Pavel B\u011aLOBR\u00c1DEK, m\u00edstop\u0159edseda vl\u00e1dy \/KDU-\u010cSL\/:<br \/>\nU\u017e dneska soudy mohou rozhodovat, je-li to v z\u00e1jmu d\u00edt\u011bte, o tom, aby byly sv\u011b\u0159eny d\u011bti, i kdy\u017e nejsou v man\u017eelstv\u00ed, je to stejn\u00e9 jako u heterosexu\u00e1ln\u00edch p\u00e1r\u016f.<br \/>\nP\u0159edseda poslaneck\u00e9ho klubu hnut\u00ed ANO Jaroslav Falt\u00fdnek si ale nemysl\u00ed, \u017ee by n\u00e1vrh mohl ohrozit tradi\u010dn\u00ed rodinu.<\/p>\n<p>Jaroslav FALT\u00ddNEK, p\u0159edseda poslaneck\u00e9ho klubu \/ANO\/:<br \/>\nJsou tady partne\u0159i, jeden z nich m\u00e1 d\u00edt\u011b, kdy\u017e by se tomu jeho partnerovi n\u011bco stalo, byl v <span class=\"highlight\">nemocnici<\/span>, nem\u00e1 \u017e\u00e1dn\u00fd pr\u00e1vn\u00ed n\u00e1rok na \u0159e\u0161en\u00ed konkr\u00e9tn\u00ed v\u011bci a situace.<\/p>\n<p>ilustra\u010dn\u00ed foto: Tim Psych Flickr<\/p>\n","protected":false},"excerpt":{"rendered":"<div class=\"mh-excerpt\"><p>Registrovan\u00ed partne\u0159i si mo\u017en\u00e1 budou moci osvojit d\u00edt\u011b jednoho z nich. Minist\u0159i k n\u00e1vrhu poslanc\u016f z r\u016fzn\u00fdch politick\u00fdch stran nep\u0159ijali \u017e\u00e1dn\u00e9 usnesen\u00ed. To v praxi <a class=\"mh-excerpt-more\" href=\"https:\/\/www.invarena.cz\/?p=17836\" title=\"Registrovan\u00ed partne\u0159i si mo\u017en\u00e1 budou moci osvojit d\u00edt\u011b jednoho z nich\">[&#8230;]<\/a><\/p>\n<\/div>","protected":false},"author":1,"featured_media":14801,"comment_status":"open","ping_status":"closed","sticky":false,"template":"","format":"standard","meta":{"footnotes":""},"categories":[7],"tags":[],"class_list":["post-17836","post","type-post","status-publish","format-standard","has-post-thumbnail","hentry","category-spolecnost"],"_links":{"self":[{"href":"https:\/\/www.invarena.cz\/index.php?rest_route=\/wp\/v2\/posts\/17836","targetHints":{"allow":["GET"]}}],"collection":[{"href":"https:\/\/www.invarena.cz\/index.php?rest_route=\/wp\/v2\/posts"}],"about":[{"href":"https:\/\/www.invarena.cz\/index.php?rest_route=\/wp\/v2\/types\/post"}],"author":[{"embeddable":true,"href":"https:\/\/www.invarena.cz\/index.php?rest_route=\/wp\/v2\/users\/1"}],"replies":[{"embeddable":true,"href":"https:\/\/www.invarena.cz\/index.php?rest_route=%2Fwp%2Fv2%2Fcomments&post=17836"}],"version-history":[{"count":0,"href":"https:\/\/www.invarena.cz\/index.php?rest_route=\/wp\/v2\/posts\/17836\/revisions"}],"wp:featuredmedia":[{"embeddable":true,"href":"https:\/\/www.invarena.cz\/index.php?rest_route=\/wp\/v2\/media\/14801"}],"wp:attachment":[{"href":"https:\/\/www.invarena.cz\/index.php?rest_route=%2Fwp%2Fv2%2Fmedia&parent=17836"}],"wp:term":[{"taxonomy":"category","embeddable":true,"href":"https:\/\/www.invarena.cz\/index.php?rest_route=%2Fwp%2Fv2%2Fcategories&post=17836"},{"taxonomy":"post_tag","embeddable":true,"href":"https:\/\/www.invarena.cz\/index.php?rest_route=%2Fwp%2Fv2%2Ftags&post=17836"}],"curies":[{"name":"wp","href":"https:\/\/api.w.org\/{rel}","templated":true}]}}