{"id":17838,"date":"2014-10-09T22:43:00","date_gmt":"2014-10-09T20:43:00","guid":{"rendered":"http:\/\/www.invarena.cz\/?p=17838"},"modified":"2014-10-09T22:43:13","modified_gmt":"2014-10-09T20:43:13","slug":"svetovy-den-dusevniho-zdravi","status":"publish","type":"post","link":"https:\/\/www.invarena.cz\/?p=17838","title":{"rendered":"Sv\u011btov\u00fd den du\u0161evn\u00edho zdrav\u00ed"},"content":{"rendered":"<p><strong>Letos je t\u00e9matem Sv\u011btov\u00e9ho dne du\u0161evn\u00edho zdrav\u00ed\u00a0 \u017eivot se schizofreni\u00ed. I v tento den odborn\u00edci p\u0159ipom\u00ednaj\u00ed, \u017ee je t\u0159eba za\u010d\u00edt s reformou psychiatrick\u00e9 p\u00e9\u010de.<\/strong><!--more--><\/p>\n<p>John Bowis, poradce World Federation for Mental Health, ve sv\u00e9m \u010dl\u00e1nku v p\u0159\u00edru\u010dce Living with schizophrenia mimo jin\u00e9 p\u00ed\u0161e, \u017ee 25% lid\u00ed se schizofreni\u00ed se uzdrav\u00ed zcela, dal\u0161\u00edch 25-35 % se v\u00fdrazn\u011b zlep\u0161\u00ed a mohou \u017e\u00edt relativn\u011b nez\u00e1visl\u00e9 \u017eivoty, asi 20 % se zlep\u0161\u00ed, ale pot\u0159ebuje v\u00fdraznou podporu, 10 -15 % z\u016fst\u00e1v\u00e1 v nemocnici a dal\u0161\u00edch 10 \u2013 15 % zem\u0159e p\u0159ed\u010dasn\u011b, v\u011bt\u0161inou sebevra\u017edou.<\/p>\n<p>V\u00edce informac\u00ed najdete zde: http:\/\/wfmh.com\/world-mental-health-day\/wfmhd-materials\/<\/p>\n<p>Sv\u011btov\u00fd den du\u0161evn\u00edho zdrav\u00ed je te\u010dkou za T\u00fddny pro du\u0161evn\u00ed zdrav\u00ed, kter\u00e9 letos p\u0159inesly celou \u0159adu akc\u00ed. Na webu www.tdz.cz byly ohl\u00e1\u0161eny akce v \u0161estn\u00e1cti m\u011bstech po cel\u00e9 \u010cesk\u00e9 republice. A sou\u010dasn\u011b mnoho dal\u0161\u00edch organizac\u00ed po\u0159\u00e1dalo sv\u00e9 akce s t\u00e9matikou du\u0161evn\u00edho zdrav\u00ed \u2013 nap\u0159. Pr\u00e1h v Brn\u011b nebo psychiatrick\u00e1 nemocnice v Bohnic\u00edch. Mnoh\u00e9 z nich se t\u011b\u0161ily velk\u00e9mu z\u00e1jmu m\u00e9di\u00ed.<\/p>\n<p>Mezi tradi\u010dn\u00ed a \u00fasp\u011b\u0161n\u00e9 akce Fokusu Praha pat\u0159\u00ed p\u0159edstavov\u00e1n\u00ed talent\u016f jeho klient\u016f prost\u0159ednictv\u00edm r\u016fzn\u00fdch v\u00fdstav.<\/p>\n<p>&#8222;Letos jsme se \u00fa\u010dastnili open air v\u00fdstavy obraz\u016f p\u0159i Jarmarku u Ludmily, uspo\u0159\u00e1dali jsme v\u00fdstavu obraz\u016f Hany \u010ceplov\u00e9 na Star\u00e9m purkrabstv\u00ed a v\u00fdstavu obraz\u016f z letn\u00ed d\u00edlny v galerii Artamira na B\u0159evnov\u011b. P\u0159edstavili jsme a nab\u00eddli k prodeji i n\u00e1padit\u00e9 v\u00fdrobky ze soci\u00e1ln\u011b terapeutick\u00fdch d\u00edlen &#8211; na jarmarc\u00edch, festivalech i nap\u0159. v kav\u00e1rn\u011b Laica,&#8220; uvedla Eva \u010ci\u017einsk\u00e1 z Fokus Praha.<\/p>\n<p>Hlavn\u00ed akc\u00ed Fokusu Praha byl letos Den v Podskal\u00ed a premi\u00e9ra dokumentu Paraleln\u00ed \u017eivoty.<\/p>\n<p>Happening za du\u0161evn\u00ed zdrav\u00ed, kter\u00fd obvykle Fokus Praha spolupo\u0159\u00e1dal, se letos neuskute\u010dn\u00ed. Rozhodla o tom Platforma pro transformaci syst\u00e9mu p\u00e9\u010de o lidi s du\u0161evn\u00edm onemocn\u011bn\u00edm v \u010cR. Ta toti\u017e na za\u010d\u00e1tku T\u00fddn\u016f pro du\u0161evn\u00ed zdrav\u00ed, 11. z\u00e1\u0159\u00ed 2014, zaslala otev\u0159en\u00fd dopis p\u0159edsedovi vl\u00e1dy Bohuslavu Sobotkovi a ministrovi zdravotnictv\u00ed MUDr. Svatopluku N\u011bme\u010dkovi, ministryni pr\u00e1ce a soci\u00e1ln\u00edch v\u011bc\u00ed Michaele Marksov\u00e9 a ministrovi pro lidsk\u00e1 pr\u00e1va a rovn\u00e9 p\u0159\u00edle\u017eitosti Mgr. Ji\u0159\u00edmu Dienstbierovi. Mluv\u010d\u00ed Platformy v n\u011bm vyj\u00e1d\u0159ili n\u00e1zor, \u017ee tolik pot\u0159ebn\u00e1 a o\u010dek\u00e1van\u00e1 <strong>reforma psychiatrick\u00e9 p\u00e9\u010de zamrzla.<\/strong><\/p>\n<p>Mnoho let post\u00e1vali lid\u00e9, kter\u00fdm nen\u00ed osud lid\u00ed se zku\u0161enost\u00ed s du\u0161evn\u00edm onemocn\u011bn\u00edm lhostejn\u00fd, p\u0159ed ministerstvy zdravotnictv\u00ed a soci\u00e1ln\u00edch v\u011bc\u00ed a nic se ned\u011blo. Letos chce Fokus Praha a ostatn\u00ed \u010dlenov\u00e9 Platformy jednat uvnit\u0159 jako partne\u0159i reformy psychiatrick\u00e9 p\u00e9\u010de.<\/p>\n<p>Na otev\u0159en\u00fd dopis odpov\u011bd\u011bl zat\u00edm <strong>Ji\u0159\u00ed Dienstbier.<\/strong> Ve sv\u00e9m dopise mimo jin\u00e9 p\u00ed\u0161e: \u201eChci v\u00e1s ujistit, \u017ee \u00fakoly obsa\u017een\u00e9 ve Strategii reformy psychiatrick\u00e9 p\u00e9\u010de pova\u017euji z hlediska napl\u0148ov\u00e1n\u00ed pr\u00e1v a pot\u0159eb osob s du\u0161evn\u00edm onemocn\u011bn\u00edm za mimo\u0159\u00e1dn\u011b d\u016fle\u017eit\u00e9 a pot\u0159ebn\u00e9, a budu v r\u00e1mci sv\u00e9 p\u016fsobnosti prosazovat jejich realizaci.\u201c<\/p>\n<p>V sou\u010dasnosti se skute\u010dn\u011b rozb\u011bhla \u010dinnost <strong>pracovn\u00edch skupin.<\/strong> Nicm\u00e9n\u011b je d\u016fle\u017eit\u00e9, aby obsazen\u00ed skupin bylo \u0161irok\u00e9. Na setk\u00e1n\u00ed pracovn\u00ed skupiny pro mezirezortn\u00ed spolupr\u00e1ci chyb\u011bli pozvan\u00ed pracovn\u00edci MPSV.<\/p>\n<p>\u201ePlatforma st\u00e1le upozor\u0148uje na to, \u017ee je pot\u0159eba vytvo\u0159it pl\u00e1n, kter\u00fd je nadrezortn\u00ed a zahrnuje i problematiku dopad\u016f du\u0161evn\u00edho onemocn\u011bn\u00ed do jin\u00fdch oblast\u00ed \u2013 soci\u00e1ln\u00ed, \u0161kolstv\u00ed, spravedlnosti apod. Doufejme, \u017ee z\u00e1jem spole\u010dnosti ani m\u00e9di\u00ed neopadne a aktivity vedouc\u00ed k realizaci reformy psychiatrick\u00e9 p\u00e9\u010de op\u011bt nezamrznou,\u201c komentuje Pavel Nov\u00e1k, \u0159editel Fokusu Praha.<\/p>\n<p>Mezi ty, kter\u00e9 Fokus Praha podporuje, pr\u00e1v\u011b pat\u0159\u00ed i mnoho lid\u00ed se zku\u0161enost\u00ed se schizofreni\u00ed. Lid\u00e9 s t\u00edmto onemocn\u011bn\u00edm u\u017e\u00edvaj\u00ed v\u00edce ne\u017e polovinu v\u0161ech slu\u017eeb ve Fokusu Praha.<\/p>\n<p>ilustra\u010dn\u00ed foto: atp_tyreseus Flickr.com<\/p>\n","protected":false},"excerpt":{"rendered":"<div class=\"mh-excerpt\"><p>Letos je t\u00e9matem Sv\u011btov\u00e9ho dne du\u0161evn\u00edho zdrav\u00ed\u00a0 \u017eivot se schizofreni\u00ed. I v tento den odborn\u00edci p\u0159ipom\u00ednaj\u00ed, \u017ee je t\u0159eba za\u010d\u00edt s reformou psychiatrick\u00e9 p\u00e9\u010de.<\/p>\n<\/div>","protected":false},"author":1,"featured_media":15037,"comment_status":"open","ping_status":"closed","sticky":false,"template":"","format":"standard","meta":{"footnotes":""},"categories":[17],"tags":[],"class_list":["post-17838","post","type-post","status-publish","format-standard","has-post-thumbnail","hentry","category-kultura"],"_links":{"self":[{"href":"https:\/\/www.invarena.cz\/index.php?rest_route=\/wp\/v2\/posts\/17838","targetHints":{"allow":["GET"]}}],"collection":[{"href":"https:\/\/www.invarena.cz\/index.php?rest_route=\/wp\/v2\/posts"}],"about":[{"href":"https:\/\/www.invarena.cz\/index.php?rest_route=\/wp\/v2\/types\/post"}],"author":[{"embeddable":true,"href":"https:\/\/www.invarena.cz\/index.php?rest_route=\/wp\/v2\/users\/1"}],"replies":[{"embeddable":true,"href":"https:\/\/www.invarena.cz\/index.php?rest_route=%2Fwp%2Fv2%2Fcomments&post=17838"}],"version-history":[{"count":0,"href":"https:\/\/www.invarena.cz\/index.php?rest_route=\/wp\/v2\/posts\/17838\/revisions"}],"wp:featuredmedia":[{"embeddable":true,"href":"https:\/\/www.invarena.cz\/index.php?rest_route=\/wp\/v2\/media\/15037"}],"wp:attachment":[{"href":"https:\/\/www.invarena.cz\/index.php?rest_route=%2Fwp%2Fv2%2Fmedia&parent=17838"}],"wp:term":[{"taxonomy":"category","embeddable":true,"href":"https:\/\/www.invarena.cz\/index.php?rest_route=%2Fwp%2Fv2%2Fcategories&post=17838"},{"taxonomy":"post_tag","embeddable":true,"href":"https:\/\/www.invarena.cz\/index.php?rest_route=%2Fwp%2Fv2%2Ftags&post=17838"}],"curies":[{"name":"wp","href":"https:\/\/api.w.org\/{rel}","templated":true}]}}