{"id":17851,"date":"2014-10-13T22:13:03","date_gmt":"2014-10-13T20:13:03","guid":{"rendered":"http:\/\/www.invarena.cz\/?p=17851"},"modified":"2014-10-14T15:57:29","modified_gmt":"2014-10-14T13:57:29","slug":"onkologove-budou-s-verejnosti-mluvit-o-rakovine","status":"publish","type":"post","link":"https:\/\/www.invarena.cz\/?p=17851","title":{"rendered":"Onkologov\u00e9 budou s ve\u0159ejnost\u00ed mluvit o rakovin\u011b"},"content":{"rendered":"<p><strong><span class=\"highlight\">L\u00e9ka\u0159i<\/span> Onkologick\u00e9ho odd\u011blen\u00ed <span class=\"highlight\">Nemocnice<\/span> Jihlava promluv\u00ed o sv\u00e9 pr\u00e1ci. Ve st\u0159edu 15. \u0159\u00edjna se v Jihlav\u011b kon\u00e1 ji\u017e \u010dtvrt\u00e1 konference ur\u010den\u00e1 ve\u0159ejnosti. Lid\u00e9 se budou moci zdravotn\u00edk\u016f na cokoli zeptat, dozv\u00ed se novinky z l\u00e9\u010dby a zhl\u00e9dnou v premi\u00e9\u0159e jedine\u010dn\u00e9 video ze z\u00e1kulis\u00ed odd\u011blen\u00ed.<\/strong><!--more--><\/p>\n<p>\u0158ekla\u00a0 to mluv\u010d\u00ed <span class=\"highlight\">nemocnice<\/span> Monika Zachrlov\u00e1.<\/p>\n<p>Konference se kon\u00e1 ve st\u0159edu 15. \u0159\u00edjna od 15 hodin v s\u00eddle Kraje Vyso\u010dina. &#8222;Mohou tak p\u0159ij\u00edt i lid\u00e9 po pr\u00e1ci, nebo studenti po \u0161kole. Poslucha\u010de \u010dek\u00e1 p\u011bt \u010dtvrthodinov\u00fdch p\u0159edn\u00e1\u0161ek zdravotn\u00edk\u016f, nap\u0159\u00edklad o biologick\u00e9 l\u00e9\u010db\u011b, nebo pr\u00e1ci v chemoterapeutick\u00e9m stacion\u00e1\u0159i. Po ka\u017ed\u00e9 p\u0159edn\u00e1\u0161ce bude mo\u017enost se odborn\u00edk\u016f na cokoli k t\u00e9matu zeptat,&#8220; p\u0159ibl\u00ed\u017eila Zachrlov\u00e1.<\/p>\n<p>Krom\u011b p\u0159edn\u00e1\u0161ek bude na m\u00edst\u011b tak\u00e9 st\u00e1nek VZP, kde se mohou z\u00e1jemci sezn\u00e1mit nap\u0159\u00edklad s preventivn\u00edmi programy poji\u0161\u0165ovny a m\u011b\u0159it se bude tak\u00e9 tlak a BMI.<\/p>\n<p>Po zah\u00e1jen\u00ed konference se mohou n\u00e1v\u0161t\u011bvn\u00edci t\u011b\u0161it na kr\u00e1tk\u00fd film z onkologick\u00e9ho odd\u011blen\u00ed. Konference je ur\u010den\u00e1 \u0161irok\u00e9 ve\u0159ejnosti. &#8222;Asi ka\u017ed\u00fd z n\u00e1s m\u00e1 ve sv\u00e9m okol\u00ed n\u011bkoho, koho se problematika t\u00fdk\u00e1,&#8220;podotklamluv\u010d\u00ed.<\/p>\n<p><a href=\"http:\/\/wwwjihlavsky.denik.cz\/\" target=\"_blank\">http:\/\/wwwjihlavsky.denik.cz\/<\/a><\/p>\n<p>ilustra\u010dn\u00ed foto: stockimages-FreeDigitalPhotos.net<\/p>\n","protected":false},"excerpt":{"rendered":"<div class=\"mh-excerpt\"><p>L\u00e9ka\u0159i Onkologick\u00e9ho odd\u011blen\u00ed Nemocnice Jihlava promluv\u00ed o sv\u00e9 pr\u00e1ci. Ve st\u0159edu 15. \u0159\u00edjna se v Jihlav\u011b kon\u00e1 ji\u017e \u010dtvrt\u00e1 konference ur\u010den\u00e1 ve\u0159ejnosti. Lid\u00e9 se budou <a class=\"mh-excerpt-more\" href=\"https:\/\/www.invarena.cz\/?p=17851\" title=\"Onkologov\u00e9 budou s ve\u0159ejnost\u00ed mluvit o rakovin\u011b\">[&#8230;]<\/a><\/p>\n<\/div>","protected":false},"author":1,"featured_media":15130,"comment_status":"open","ping_status":"closed","sticky":false,"template":"","format":"standard","meta":{"footnotes":""},"categories":[11],"tags":[],"class_list":["post-17851","post","type-post","status-publish","format-standard","has-post-thumbnail","hentry","category-zdravi"],"_links":{"self":[{"href":"https:\/\/www.invarena.cz\/index.php?rest_route=\/wp\/v2\/posts\/17851","targetHints":{"allow":["GET"]}}],"collection":[{"href":"https:\/\/www.invarena.cz\/index.php?rest_route=\/wp\/v2\/posts"}],"about":[{"href":"https:\/\/www.invarena.cz\/index.php?rest_route=\/wp\/v2\/types\/post"}],"author":[{"embeddable":true,"href":"https:\/\/www.invarena.cz\/index.php?rest_route=\/wp\/v2\/users\/1"}],"replies":[{"embeddable":true,"href":"https:\/\/www.invarena.cz\/index.php?rest_route=%2Fwp%2Fv2%2Fcomments&post=17851"}],"version-history":[{"count":0,"href":"https:\/\/www.invarena.cz\/index.php?rest_route=\/wp\/v2\/posts\/17851\/revisions"}],"wp:featuredmedia":[{"embeddable":true,"href":"https:\/\/www.invarena.cz\/index.php?rest_route=\/wp\/v2\/media\/15130"}],"wp:attachment":[{"href":"https:\/\/www.invarena.cz\/index.php?rest_route=%2Fwp%2Fv2%2Fmedia&parent=17851"}],"wp:term":[{"taxonomy":"category","embeddable":true,"href":"https:\/\/www.invarena.cz\/index.php?rest_route=%2Fwp%2Fv2%2Fcategories&post=17851"},{"taxonomy":"post_tag","embeddable":true,"href":"https:\/\/www.invarena.cz\/index.php?rest_route=%2Fwp%2Fv2%2Ftags&post=17851"}],"curies":[{"name":"wp","href":"https:\/\/api.w.org\/{rel}","templated":true}]}}