{"id":17856,"date":"2014-10-13T22:08:02","date_gmt":"2014-10-13T20:08:02","guid":{"rendered":"http:\/\/www.invarena.cz\/?p=17856"},"modified":"2014-10-14T15:57:01","modified_gmt":"2014-10-14T13:57:01","slug":"v-decinske-zoo-bude-den-bile-hole","status":"publish","type":"post","link":"https:\/\/www.invarena.cz\/?p=17856","title":{"rendered":"V d\u011b\u010d\u00ednsk\u00e9 zoo bude Den b\u00edl\u00e9 hole"},"content":{"rendered":"<p><strong>Den b\u00edl\u00e9 hole \u2013 tak to je n\u00e1zev akce a z\u00e1rove\u0148 mezin\u00e1rodn\u00edho sv\u00e1tku, kter\u00fd se chyst\u00e1 oslavit d\u011b\u010d\u00ednsk\u00e1 zoologick\u00e1 zahrada. P\u0159ipad\u00e1 na st\u0159edu 15. \u0159\u00edjna a zoo v tento den nab\u00eddne speci\u00e1ln\u00ed program v\u0161em, kdo jsou bu\u010f zrakov\u011b <span class=\"highlight\">posti\u017een\u00ed..<\/span><\/strong><!--more--><\/p>\n<p>,nebo t\u011bm, kter\u00fdm zrak pln\u011b slou\u017e\u00ed, ale cht\u011bli by si na chv\u00edli vyzkou\u0161et sv\u011bt tmy a vn\u00edmat p\u0159\u00edrodu jen n\u011bkter\u00fdmi smysly. Co p\u0159esn\u011b tedy Den b\u00edl\u00e9 hole nab\u00eddne?<\/p>\n<p>\u00da\u010dastn\u00edci budou hmatem pozn\u00e1vat jak \u017eiv\u00e1 zv\u00ed\u0159ata, tak r\u016fzn\u00e9 p\u0159\u00edrodniny a v p\u0159\u00edpad\u011b z\u00e1jmu budou moci zav\u00edtat i do vybran\u00fdch zv\u00ed\u0159ec\u00edch v\u00fdb\u011bh\u016f. \u010cichem prozkoumaj\u00ed n\u011bkter\u00e9 typick\u00e9 zv\u00ed\u0159ec\u00ed v\u016fn\u011b, sluchov\u00e9 podn\u011bty je pak zavedou do les\u016f, k rybn\u00edk\u016fm nebo na pole a umo\u017en\u00ed jim \u0159e\u0161it p\u0159\u00edmo detektivn\u00ed \u00falohy typu: &#8222;Kdo se to oz\u00fdv\u00e1?&#8220;. A na \u0159adu p\u0159ijde i chu\u0165, a to p\u0159i drobn\u00e9 ochutn\u00e1vce toho, \u010d\u00edm se v d\u011b\u010d\u00ednsk\u00e9 zoo krm\u00ed vybran\u00e1 zv\u00ed\u0159ata.<\/p>\n<p>Pokud v\u00e1s program Dne b\u00edl\u00e9 hole zaujal, nen\u00ed nic jednodu\u0161\u0161\u00edho, ne\u017e se vypravit ve st\u0159edu 15. \u0159\u00edjna 2014 do Zoo D\u011b\u010d\u00edn. Akce bude prob\u00edhat v prostor\u00e1ch environment\u00e1ln\u00edho st\u0159ediska Zoo \u0160kola v \u010dase od 10 do 14 hodin. Po\u010detn\u011bj\u0161\u00edm skupin\u00e1m doporu\u010dujeme se p\u0159edem nahl\u00e1sit na tel. 412 531 626 nebo na vyuka@zoodecin.cz.<\/p>\n<p>Ko\u0159eny mezin\u00e1rodn\u00edho sv\u00e1tku Dne b\u00edl\u00e9 hole sahaj\u00ed a\u017e do roku 1964. Hlavn\u00edm d\u016fvodem jeho vzniku byla pot\u0159eba upozornit na probl\u00e9my zrakov\u011b <span class=\"highlight\">posti\u017een\u00fdch<\/span>. A proto\u017ee d\u011b\u010d\u00ednsk\u00e1 zoologick\u00e1 zahrada ji\u017e n\u011bkolik let hrd\u011b hl\u00e1s\u00e1 heslo, \u017ee je m\u00edstem, kde m\u016f\u017ee n\u00e1v\u0161t\u011bvn\u00edk vn\u00edmat v\u0161emi smysly, p\u0159ipojen\u00ed k tomuto dni tak byla jen ot\u00e1zka \u010dasu.<\/p>\n<p>Podzimn\u00ed pr\u00e1zdniny v d\u011b\u010d\u00ednsk\u00e9 zoo<\/p>\n<p>Pokud je\u0161t\u011b nem\u00e1te program na leto\u0161n\u00ed podzimn\u00ed pr\u00e1zdniny, rozhodn\u011b si nenechte uj\u00edt nab\u00eddku d\u011b\u010d\u00ednsk\u00e9 zoologick\u00e9 zahrady. Ta toti\u017e na pr\u00e1zdninov\u00e9 dny od 25. do 29. \u0159\u00edjna p\u0159ichystala zaj\u00edmav\u00fd program. Zde jsou dva tipy:<\/p>\n<p>Stanovi\u0161tn\u00ed sout\u011b\u017e<\/p>\n<p>Spojte prohl\u00eddku zoo s mo\u017enost\u00ed vyhr\u00e1t zaj\u00edmav\u00e9 ceny ve stanovi\u0161tn\u00ed sout\u011b\u017ei. Od soboty 25. do st\u0159edy 29. \u0159\u00edjna bude v are\u00e1lu zoologick\u00e9 zahrady k dispozici n\u011bkolik sout\u011b\u017en\u00edch ot\u00e1zek t\u00fdkaj\u00edc\u00edch se pr\u00e1v\u011b prob\u00edhaj\u00edc\u00ed kampan\u011b Evropsk\u00e9 asociace zoologick\u00fdch zahrad a akv\u00e1ri\u00ed s n\u00e1zvem Od p\u00f3lu k p\u00f3lu. Komu se na n\u011b poda\u0159\u00ed spr\u00e1vn\u011b odpov\u011bd\u011bt, ten se dostane do slosov\u00e1n\u00ed o pouk\u00e1zky na sportovn\u00ed pot\u0159eby a bal\u00ed\u010dek propaga\u010dn\u00edch p\u0159edm\u011bt\u016f Zoo D\u011b\u010d\u00edn.<\/p>\n<p>Poj\u010fte s n\u00e1mi ven!<\/p>\n<p>Druh\u00fdm tipem, se kter\u00fdm Zoo D\u011b\u010d\u00edn na toto obdob\u00ed p\u0159ich\u00e1z\u00ed, je akce s n\u00e1zvem Poj\u010fte s n\u00e1mi ven! Jde o ji\u017e druh\u00fd ro\u010dn\u00edk v\u00fdletu s pracovn\u00edky zoo do p\u0159\u00edrody mimo are\u00e1l zoo. C\u00edlem budou protentokr\u00e1t Tisk\u00e9 sk\u00e1ly. Na trase \u010dek\u00e1 \u00fa\u010dastn\u00edky nejen spousta her, ale i sezn\u00e1men\u00ed se zv\u00ed\u0159aty a rostlinami typick\u00fdmi pro danou oblast. &#8222;Dobrodru\u017en\u00e1 v\u00fdprava je ur\u010dena pro celkem 15 d\u011bt\u00ed ve v\u011bku od 1. do 9. t\u0159\u00eddy z\u00e1kladn\u00ed \u0161koly a je nutn\u00e9 se na ni p\u0159edem p\u0159ihl\u00e1sit. Lze tak u\u010dinit v Expozici Rajsk\u00e9 ostrovy na Teplick\u00e9 ulici. P\u0159ihl\u00e1\u0161ka je ke sta\u017een\u00ed tak\u00e9 na webu www.zoodecin. cz v sekci Kalend\u00e1\u0159 akc\u00ed. Podm\u00ednkou \u00fa\u010dasti je v\u010dasn\u00e9 odevzd\u00e1n\u00ed p\u0159ihl\u00e1\u0161ky a zaplacen\u00ed \u00fa\u010dastnick\u00e9ho poplatku ve v\u00fd\u0161i 150 korun,&#8220; vysv\u011btlila mluv\u010d\u00ed zoo Alena Hou\u0161kov\u00e1. V cen\u011b je zahrnut nejen vstup do Expozice Rajsk\u00e9 ostrovy ale tak\u00e9 j\u00edzdn\u00e9 a mal\u00e1 sva\u010dina. D\u011btem se budou v\u011bnovat lekto\u0159i environment\u00e1ln\u00edho st\u0159ediska Zoo\u0160kola. Sraz d\u011bt\u00ed je napl\u00e1nov\u00e1n na dobu od 7 do 8 hodin v Expozici Rajsk\u00e9 ostrovy, ukon\u010den\u00ed akce pak na 15.30 hodin tamt\u00e9\u017e. \u00da\u010dastn\u00edky \u010dek\u00e1 p\u0159ibli\u017en\u011b \u0161estikilometrov\u00e1 proch\u00e1zka, do Tisk\u00fdch skal se skupina p\u0159em\u00edst\u00ed autobusovou dopravou.<\/p>\n<p><a href=\"http:\/\/www.decinsky.denik.cz\/\" target=\"_blank\">http:\/\/www.decinsky.denik.cz\/ <\/a><\/p>\n","protected":false},"excerpt":{"rendered":"<div class=\"mh-excerpt\"><p>Den b\u00edl\u00e9 hole \u2013 tak to je n\u00e1zev akce a z\u00e1rove\u0148 mezin\u00e1rodn\u00edho sv\u00e1tku, kter\u00fd se chyst\u00e1 oslavit d\u011b\u010d\u00ednsk\u00e1 zoologick\u00e1 zahrada. P\u0159ipad\u00e1 na st\u0159edu 15. \u0159\u00edjna <a class=\"mh-excerpt-more\" href=\"https:\/\/www.invarena.cz\/?p=17856\" title=\"V d\u011b\u010d\u00ednsk\u00e9 zoo bude Den b\u00edl\u00e9 hole\">[&#8230;]<\/a><\/p>\n<\/div>","protected":false},"author":1,"featured_media":4071,"comment_status":"open","ping_status":"closed","sticky":false,"template":"","format":"standard","meta":{"footnotes":""},"categories":[7],"tags":[],"class_list":["post-17856","post","type-post","status-publish","format-standard","has-post-thumbnail","hentry","category-spolecnost"],"_links":{"self":[{"href":"https:\/\/www.invarena.cz\/index.php?rest_route=\/wp\/v2\/posts\/17856","targetHints":{"allow":["GET"]}}],"collection":[{"href":"https:\/\/www.invarena.cz\/index.php?rest_route=\/wp\/v2\/posts"}],"about":[{"href":"https:\/\/www.invarena.cz\/index.php?rest_route=\/wp\/v2\/types\/post"}],"author":[{"embeddable":true,"href":"https:\/\/www.invarena.cz\/index.php?rest_route=\/wp\/v2\/users\/1"}],"replies":[{"embeddable":true,"href":"https:\/\/www.invarena.cz\/index.php?rest_route=%2Fwp%2Fv2%2Fcomments&post=17856"}],"version-history":[{"count":0,"href":"https:\/\/www.invarena.cz\/index.php?rest_route=\/wp\/v2\/posts\/17856\/revisions"}],"wp:featuredmedia":[{"embeddable":true,"href":"https:\/\/www.invarena.cz\/index.php?rest_route=\/wp\/v2\/media\/4071"}],"wp:attachment":[{"href":"https:\/\/www.invarena.cz\/index.php?rest_route=%2Fwp%2Fv2%2Fmedia&parent=17856"}],"wp:term":[{"taxonomy":"category","embeddable":true,"href":"https:\/\/www.invarena.cz\/index.php?rest_route=%2Fwp%2Fv2%2Fcategories&post=17856"},{"taxonomy":"post_tag","embeddable":true,"href":"https:\/\/www.invarena.cz\/index.php?rest_route=%2Fwp%2Fv2%2Ftags&post=17856"}],"curies":[{"name":"wp","href":"https:\/\/api.w.org\/{rel}","templated":true}]}}