{"id":17878,"date":"2014-10-14T11:32:14","date_gmt":"2014-10-14T09:32:14","guid":{"rendered":"http:\/\/www.invarena.cz\/?p=17878"},"modified":"2014-10-14T15:56:06","modified_gmt":"2014-10-14T13:56:06","slug":"tisice-pracovnich-prilezitosti-na-veletrhu-prace-profesia-days","status":"publish","type":"post","link":"https:\/\/www.invarena.cz\/?p=17878","title":{"rendered":"Tis\u00edce pracovn\u00edch p\u0159\u00edle\u017eitost\u00ed na veletrhu pr\u00e1ce Profesia days"},"content":{"rendered":"<p><strong>\u010ctvrt\u00fd veletrh pr\u00e1ce Profesia days prob\u011bhne ji\u017e 22. \u2013 23. \u0159\u00edjna 2014 na v\u00fdstavi\u0161ti PVA EXPO Praha Let\u0148any. Veletrh bude hostit 104 vystavovatel\u016f nejen z \u010ceska, ale p\u0159ijede rekordn\u00ed po\u010det z\u00e1stupc\u016f z cel\u00e9 Evropy od \u0160v\u00e9dska po Chorvatsko, od Irska po Litvu.<\/strong><br \/>\n<!--more--><br \/>\nN\u00e1v\u0161t\u011bvn\u00edci mohou bez stresu z pohovoru oslovit zam\u011bstnavatele a z\u00edskat jednu z tis\u00edc\u016f nab\u00edzen\u00fdch pozic. Veletrh je tak\u00e9 zn\u00e1m\u00fd d\u00edky inspiraci v pracovn\u00edm \u017eivot\u011b, proto je p\u0159ipraveno 112 p\u0159edn\u00e1\u0161ek\/workshop\u016f, kter\u00e9 povede 100 osobnost\u00ed. Vstup na veletrh i odborn\u00fd program je ZDARMA.<\/p>\n<p><strong>Z\u00e1jem o nov\u00e9 zam\u011bstnance m\u00e1 hlavn\u011b pr\u016fmysl<\/strong><\/p>\n<p>P\u011btinu vystavovatel\u016f tvo\u0159\u00ed firmy z v\u00fdroby a stroj\u00edrenstv\u00ed, letos se jedn\u00e1 zat\u00edm o nejvy\u0161\u0161\u00ed po\u010det spole\u010dnost\u00ed (21). Zaznamenali jsme i zv\u00fd\u0161en\u00fd z\u00e1jem o zam\u011bstnance ze zdravotnictv\u00ed. Ji\u017e tradi\u010dn\u011b p\u0159ijedou zam\u011bstnavatel\u00e9 z maloobchodu, slu\u017eeb, bank a poji\u0161\u0165oven, logistick\u00fdch, IT a konzultantsk\u00fdch spole\u010dnost\u00ed. Vystavovat bude i pracovn\u00ed port\u00e1l Profesia.cz, kter\u00fd veletrh ka\u017edoro\u010dn\u011b organizuje, z\u00e1rove\u0148 denn\u011b nab\u00edz\u00ed na port\u00e1lu pr\u00e1ci od 5500+ spole\u010dnost\u00ed, na kterou uchaze\u010di p\u0159\u00edmo reaguj\u00ed.<\/p>\n<p>,,Vystavovatel\u00e9 hledaj\u00ed uchaze\u010de do v\u0161ech \u00farovn\u00ed pozic z r\u016fzn\u00fdch obor\u016f. Ze zku\u0161enosti v\u00edme, \u017ee spole\u010dnosti na veletrhu hledaj\u00ed p\u0159edev\u0161\u00edm specialisty ne\u017e by hromadn\u011b nab\u00edraly. Je-li firma nap\u0159\u00edklad typicky maloobchodn\u00ed, obsazuj\u00ed se zpravidla pozice na centr\u00e1le. U spole\u010dnost\u00ed z pr\u016fmyslu budou m\u00edt jist\u011b n\u00e1skok lid\u00e9 s technick\u00fdm vzd\u011bl\u00e1n\u00edm, ale i zde b\u00fdvaj\u00ed otev\u0159en\u00e9 r\u016fzn\u00e9 pozice.\u201c dodala Zuzana Lincov\u00e1 z Profesia.cz.<\/p>\n<p>,,Veletrh Profesia days je d\u00edky \u0161irok\u00e9mu portfoliu uchaze\u010d\u016f o zam\u011bstn\u00e1n\u00ed vhodn\u00fd t\u00e9m\u011b\u0159 pro ka\u017edou spole\u010dnost, kter\u00e1 na jednom m\u00edst\u011b m\u016f\u017ee nab\u00eddnout sv\u00e9 voln\u00e9 pozice, ale nap\u0159\u00edklad i trainee programy pro absolventy. D\u00edky dvoudenn\u00edmu trv\u00e1n\u00ed tak m\u016f\u017ee b\u00fdt osloveno velk\u00e9 mno\u017estv\u00ed potenci\u00e1ln\u00edch zam\u011bstnanc\u016f.&#8220; \u0159ekla Lucie Ryp\u00e1\u010dkov\u00e1, GE Money Bank, a.s.<\/p>\n<p><strong>Inspirovat budou n\u00e1v\u0161t\u011bvn\u00edky des\u00edtky osobnost\u00ed<\/strong><\/p>\n<p>,,Je-li \u010dlov\u011bk bez pr\u00e1ce, ovliv\u0148uje to v\u0161echny oblasti \u017eivota. V\u011b\u0159\u00edme, \u017ee veletrh je nov\u00fdm impulsem, jak pro lidi, kte\u0159\u00ed jsou moment\u00e1ln\u011b bez pr\u00e1ce, kte\u0159\u00ed zva\u017euj\u00ed kari\u00e9rn\u00ed zm\u011bnu, jsou teprve na za\u010d\u00e1tku sv\u00e9 profesn\u00ed dr\u00e1hy nebo \u010del\u00ed diskriminaci na trhu pr\u00e1ce kv\u016fli v\u011bku, zdravotn\u00edmu stavu nebo p\u00e9\u010di o mal\u00e9 d\u011bti. Ka\u017ed\u00fd rok spolupracujeme s l\u00eddry na trhu, abychom p\u0159ivedli nejen zam\u011bstnavatele, ale i kvalitn\u00ed \u0159e\u010dn\u00edky, kte\u0159\u00ed se pod\u011bl\u00ed o sv\u00e9 zku\u0161enosti.\u201c \u0159ekla Kate\u0159ina Jaro\u0148ov\u00e1, Profesia days.<\/p>\n<p><strong>Leto\u0161n\u00ed novinkou je rozd\u011blen\u00ed odborn\u00e9ho programu tzv. Cesty \u00fasp\u011bchu do 6 z\u00f3n pro lep\u0161\u00ed orientaci na veletrhu:<\/strong><br \/>\n\u2022 P\u0159edn\u00e1\u0161kov\u00e1 z\u00f3na &#8211; srdcem veletrhu je p\u00f3dium. Ve 2 p\u0159edn\u00e1\u0161kov\u00fdch m\u00edstnostech firmy p\u0159edstav\u00ed svou firemn\u00ed kulturu.<br \/>\n\u2022 Testovac\u00ed z\u00f3na \u2013 nechte si otestovat znalosti ciz\u00edch jazyk\u016f nebo po\u010d\u00edta\u010dov\u00e9 znalosti.<br \/>\n\u2022 Vzd\u011bl\u00e1vac\u00ed z\u00f3na \u2013 z\u00edskejte nov\u00e9 znalosti u odborn\u00edk\u016f nebo sami formou sebevzd\u011bl\u00e1v\u00e1n\u00ed.<br \/>\n\u2022 Poradensk\u00e1 z\u00f3na &#8211; des\u00edtky odborn\u00edk\u016f se budou n\u00e1v\u0161t\u011bvn\u00edk\u016fm individu\u00e1ln\u011b v\u011bnovat.<br \/>\n\u2022 Rodi\u010dovsk\u00e1 z\u00f3na &#8211; pro rodi\u010de mal\u00fdch d\u011bt\u00ed je p\u0159ipraven\u00fd d\u011btsk\u00fd a koj\u00edc\u00ed koutek, aby se mohli naplno v\u011bnovat hled\u00e1n\u00ed pr\u00e1ce nebo odborn\u00e9mu programu.<br \/>\n\u2022 Absolventsk\u00e1 z\u00f3na \u2013 studenti a absolventi z\u00edskaj\u00ed informace, kter\u00e9 jim pomohou k lep\u0161\u00ed orientaci na trhu pr\u00e1ce.<\/p>\n<p>Cel\u00fd program www.profesiadays.cz\/o-veletrhu<\/p>\n<p>Tiskov\u00e1 zpr\u00e1va<\/p>\n","protected":false},"excerpt":{"rendered":"<div class=\"mh-excerpt\"><p>\u010ctvrt\u00fd veletrh pr\u00e1ce Profesia days prob\u011bhne ji\u017e 22. \u2013 23. \u0159\u00edjna 2014 na v\u00fdstavi\u0161ti PVA EXPO Praha Let\u0148any. Veletrh bude hostit 104 vystavovatel\u016f nejen z <a class=\"mh-excerpt-more\" href=\"https:\/\/www.invarena.cz\/?p=17878\" title=\"Tis\u00edce pracovn\u00edch p\u0159\u00edle\u017eitost\u00ed na veletrhu pr\u00e1ce Profesia days\">[&#8230;]<\/a><\/p>\n<\/div>","protected":false},"author":1,"featured_media":4906,"comment_status":"open","ping_status":"closed","sticky":false,"template":"","format":"standard","meta":{"footnotes":""},"categories":[7],"tags":[],"class_list":["post-17878","post","type-post","status-publish","format-standard","has-post-thumbnail","hentry","category-spolecnost"],"_links":{"self":[{"href":"https:\/\/www.invarena.cz\/index.php?rest_route=\/wp\/v2\/posts\/17878","targetHints":{"allow":["GET"]}}],"collection":[{"href":"https:\/\/www.invarena.cz\/index.php?rest_route=\/wp\/v2\/posts"}],"about":[{"href":"https:\/\/www.invarena.cz\/index.php?rest_route=\/wp\/v2\/types\/post"}],"author":[{"embeddable":true,"href":"https:\/\/www.invarena.cz\/index.php?rest_route=\/wp\/v2\/users\/1"}],"replies":[{"embeddable":true,"href":"https:\/\/www.invarena.cz\/index.php?rest_route=%2Fwp%2Fv2%2Fcomments&post=17878"}],"version-history":[{"count":0,"href":"https:\/\/www.invarena.cz\/index.php?rest_route=\/wp\/v2\/posts\/17878\/revisions"}],"wp:featuredmedia":[{"embeddable":true,"href":"https:\/\/www.invarena.cz\/index.php?rest_route=\/wp\/v2\/media\/4906"}],"wp:attachment":[{"href":"https:\/\/www.invarena.cz\/index.php?rest_route=%2Fwp%2Fv2%2Fmedia&parent=17878"}],"wp:term":[{"taxonomy":"category","embeddable":true,"href":"https:\/\/www.invarena.cz\/index.php?rest_route=%2Fwp%2Fv2%2Fcategories&post=17878"},{"taxonomy":"post_tag","embeddable":true,"href":"https:\/\/www.invarena.cz\/index.php?rest_route=%2Fwp%2Fv2%2Ftags&post=17878"}],"curies":[{"name":"wp","href":"https:\/\/api.w.org\/{rel}","templated":true}]}}