{"id":17881,"date":"2014-10-14T11:44:21","date_gmt":"2014-10-14T09:44:21","guid":{"rendered":"http:\/\/www.invarena.cz\/?p=17881"},"modified":"2014-10-14T15:56:16","modified_gmt":"2014-10-14T13:56:16","slug":"pacient-s-ebolou-leceny-v-saskem-lipsku-v-noci-zemrel","status":"publish","type":"post","link":"https:\/\/www.invarena.cz\/?p=17881","title":{"rendered":"Pacient s ebolou l\u00e9\u010den\u00fd v sask\u00e9m Lipsku v noci zem\u0159el"},"content":{"rendered":"<p><strong>Pacient s ebolou, kter\u00fd se od minul\u00e9ho t\u00fddne l\u00e9\u010dil na klinice v sask\u00e9m Lipsku, v noci na dne\u0161ek zem\u0159el. S odvol\u00e1n\u00edm na mluv\u010d\u00edho kliniky to uvedla agentura DPA. \u0160estapades\u00e1tilet\u00e9ho zam\u011bstnance Organizace spojen\u00fdch n\u00e1rod\u016f p\u016fvodem ze S\u00fad\u00e1nu p\u0159evezli z Lib\u00e9rie do N\u011bmecka speci\u00e1ln\u00edm letounem u\u017e ve \u010dtvrtek. Po p\u0159\u00edletu l\u00e9ka\u0159i ozna\u010dili jeho stav za &#8222;velmi kritick\u00fd, i kdy\u017e stabiln\u00ed&#8220;. <\/strong><br \/>\n<!--more--><\/p>\n<p>Mu\u017e byl ji\u017e t\u0159et\u00edm pacientem se z\u00e1ke\u0159nou krv\u00e1civou hore\u010dkou, kter\u00e9ho n\u011bmeck\u00e9 \u00fa\u0159ady nechaly do zem\u011b p\u0159ev\u00e9st. Prvn\u00ed naka\u017een\u00fd, senegalsk\u00fd pracovn\u00edk Sv\u011btov\u00e9 zdravotnick\u00e9 organizace (WHO), o kter\u00e9ho pe\u010dovali v hambursk\u00e9 nemocnici, se po p\u011bti t\u00fddnech vyl\u00e9\u010dil. Ugandsk\u00fd l\u00e9ka\u0159, jen\u017e pracoval pro italskou humanit\u00e1rn\u00ed organizaci, s nemoc\u00ed d\u00e1l bojuje na klinice ve Frankfurtu nad Mohanem.<\/p>\n<p>Podez\u0159en\u00ed na n\u00e1kazu ebolou se st\u00e1le \u010dast\u011bji objevuj\u00ed tak\u00e9 v Evrop\u011b. Krom\u011b \u0161pan\u011blsk\u00e9 zdravotn\u00ed sestry, kter\u00e1 se nakazila od duchovn\u00edho p\u0159evezen\u00e9ho do Madridu ze z\u00e1padn\u00ed Afriky, se v\u0161ak podez\u0159en\u00ed nikdy nepotvrdila. Prvn\u00ed test dnes vylou\u010dil ebolu tak\u00e9 u polsk\u00e9ho pacienta z Lod\u017ei. Plan\u00e9 byly i dva pond\u011bln\u00ed poplachy v It\u00e1lii.<\/p>\n<p>Gener\u00e1ln\u00ed tajemn\u00edk OSN Pan Ki-mun a americk\u00fd prezident Barack Obama dnes po telefonick\u00e9m rozhovoru vyzvali mezin\u00e1rodn\u00ed spole\u010denstv\u00ed, aby zv\u00fd\u0161ilo \u00fasil\u00ed o zastaven\u00ed epidemie eboly. Boj s nemoc\u00ed se pr\u00fd dostal do rozhoduj\u00edc\u00ed f\u00e1ze, a sv\u011bt by tak pr\u00fd m\u011bl zdvojn\u00e1sobit svou pomoc.<\/p>\n<p>V Lib\u00e9rii, nejposti\u017een\u011bj\u0161\u00ed zemi z\u00e1padn\u00ed Afriky, kter\u00e1 hl\u00e1s\u00ed v\u00edce ne\u017e polovinu z celkov\u00fdch 4000 ob\u011bt\u00ed nemoci, se v d\u016fsledku st\u00e1vky zdravotnick\u00e9ho person\u00e1lu komplikuje p\u00e9\u010de o naka\u017een\u00e9. Podle agentury DPA z\u016fstala v n\u011bkter\u00fdch \u010d\u00e1stech zem\u011b v pond\u011bl\u00ed uzav\u0159ena v\u0161echna zdravotnick\u00e1 za\u0159\u00edzen\u00ed. L\u00e9ka\u0159i a o\u0161et\u0159ovatel\u00e9 si cht\u011bj\u00ed st\u00e1vkou vymoci zv\u00fd\u0161en\u00ed p\u0159\u00edplatk\u016f za pr\u00e1ci v rizikov\u00e9m prost\u0159ed\u00ed a lep\u0161\u00ed ochrann\u00e9 pom\u016fcky.<\/p>\n<p>S epidemi\u00ed krv\u00e1civ\u00e9 hore\u010dky se krom\u011b Lib\u00e9rie pot\u00fdk\u00e1 tak\u00e9 Sierra Leone a Guinea. Jeden p\u0159\u00edpad p\u0159\u00edm\u00e9 n\u00e1kazy m\u00e1 krom\u011b \u0160pan\u011blska tak\u00e9 USA.<\/p>\n","protected":false},"excerpt":{"rendered":"<div class=\"mh-excerpt\"><p>Pacient s ebolou, kter\u00fd se od minul\u00e9ho t\u00fddne l\u00e9\u010dil na klinice v sask\u00e9m Lipsku, v noci na dne\u0161ek zem\u0159el. S odvol\u00e1n\u00edm na mluv\u010d\u00edho kliniky to <a class=\"mh-excerpt-more\" href=\"https:\/\/www.invarena.cz\/?p=17881\" title=\"Pacient s ebolou l\u00e9\u010den\u00fd v sask\u00e9m Lipsku v noci zem\u0159el\">[&#8230;]<\/a><\/p>\n<\/div>","protected":false},"author":1,"featured_media":0,"comment_status":"open","ping_status":"closed","sticky":false,"template":"","format":"standard","meta":{"footnotes":""},"categories":[9],"tags":[],"class_list":["post-17881","post","type-post","status-publish","format-standard","hentry","category-zpravy"],"_links":{"self":[{"href":"https:\/\/www.invarena.cz\/index.php?rest_route=\/wp\/v2\/posts\/17881","targetHints":{"allow":["GET"]}}],"collection":[{"href":"https:\/\/www.invarena.cz\/index.php?rest_route=\/wp\/v2\/posts"}],"about":[{"href":"https:\/\/www.invarena.cz\/index.php?rest_route=\/wp\/v2\/types\/post"}],"author":[{"embeddable":true,"href":"https:\/\/www.invarena.cz\/index.php?rest_route=\/wp\/v2\/users\/1"}],"replies":[{"embeddable":true,"href":"https:\/\/www.invarena.cz\/index.php?rest_route=%2Fwp%2Fv2%2Fcomments&post=17881"}],"version-history":[{"count":0,"href":"https:\/\/www.invarena.cz\/index.php?rest_route=\/wp\/v2\/posts\/17881\/revisions"}],"wp:attachment":[{"href":"https:\/\/www.invarena.cz\/index.php?rest_route=%2Fwp%2Fv2%2Fmedia&parent=17881"}],"wp:term":[{"taxonomy":"category","embeddable":true,"href":"https:\/\/www.invarena.cz\/index.php?rest_route=%2Fwp%2Fv2%2Fcategories&post=17881"},{"taxonomy":"post_tag","embeddable":true,"href":"https:\/\/www.invarena.cz\/index.php?rest_route=%2Fwp%2Fv2%2Ftags&post=17881"}],"curies":[{"name":"wp","href":"https:\/\/api.w.org\/{rel}","templated":true}]}}