{"id":17897,"date":"2014-10-15T08:01:20","date_gmt":"2014-10-15T06:01:20","guid":{"rendered":"http:\/\/www.invarena.cz\/?p=17897"},"modified":"2014-10-15T08:01:20","modified_gmt":"2014-10-15T06:01:20","slug":"dnes-se-kona-sbirka-bila-pastelka-i-dalsi-akce","status":"publish","type":"post","link":"https:\/\/www.invarena.cz\/?p=17897","title":{"rendered":"Dnes se kon\u00e1 sb\u00edrka B\u00edl\u00e1 pastelka i dal\u0161\u00ed akce"},"content":{"rendered":"<p><strong>Proch\u00e1zku poslepu labyrintem \u010di s vodic\u00edm psem i stoln\u00ed hru a va\u0159en\u00ed bez pou\u017eit\u00ed zraku si budou moci dnes vyzkou\u0161et z\u00e1jemci a z\u00e1jemkyn\u011b na pra\u017esk\u00e9m Masarykov\u011b n\u00e1dra\u017e\u00ed. Se \u017eivotem nevidom\u00fdch se tu mohou bl\u00ed\u017e sezn\u00e1mit od 14:00 do 18:00 p\u0159i p\u0159\u00edle\u017eitosti dne\u0161n\u00edho Mezin\u00e1rodn\u00edho dne b\u00edl\u00e9 hole.<\/strong> <!--more--><\/p>\n<p>Kon\u00e1 se tak\u00e9 celost\u00e1tn\u00ed sb\u00edrka B\u00edl\u00e1 pastelka na pomoc lidem se zrakov\u00fdm handicapem.<\/p>\n<p>Sb\u00edrku po\u0159\u00e1d\u00e1 Sjednocen\u00e1 organizace nevidom\u00fdch a slabozrak\u00fdch s Tyfloservisem a TyfloCentry. Letos se kon\u00e1 15. ro\u010dn\u00edk. P\u0159isp\u011bt je mo\u017en\u00e9 koup\u00ed b\u00edl\u00e9 pastelky za 20 korun. V ulic\u00edch bude na 2600 dobrovoln\u00edk\u016f s kasi\u010dkami. V\u00fdt\u011b\u017eek se pou\u017eije na v\u00fdcvik vodic\u00edch ps\u016f, odstra\u0148ov\u00e1n\u00ed bari\u00e9r, rekvalifikace \u010di slu\u017eby a n\u00e1cvik dovednost\u00ed u lid\u00ed, kte\u0159\u00ed oslepli v dosp\u011blosti.<\/p>\n<p>Loni po\u0159adatel\u00e9 z\u00edskali t\u00e9m\u011b\u0159 1,83 milionu korun. Celkem se tak za p\u0159edchoz\u00edch 14 ro\u010dn\u00edk\u016f vybralo zhruba 48 milion\u016f korun. Sou\u010d\u00e1st\u00ed sb\u00edrky je internetov\u00e1 aukce. Dra\u017eit se bude brank\u00e1\u0159sk\u00e1 p\u0159ilba Petra \u010cecha. Sb\u00edrkov\u00e1 akce vyvrchol\u00ed od 16:00 koncertem na V\u00e1clavsk\u00e9m n\u00e1m\u011bst\u00ed. Vystoup\u00ed na n\u011bm t\u0159eba M\u00e1rio Bih\u00e1ri.<\/p>\n<p>P\u0159isp\u011bt k tomu, aby vid\u00edc\u00ed lid\u00e9 byli vn\u00edmav\u011bj\u0161\u00ed ke zrakov\u011b posti\u017een\u00fdm, m\u00e1 tak\u00e9 akce na pra\u017esk\u00e9m Masarykov\u011b n\u00e1dra\u017e\u00ed. Podle jej\u00ed po\u0159adatelky Rity K\u00fc\u00fc k tomu m\u016f\u017ee pomoci z\u00e1\u017eitek. &#8222;Ka\u017edodenn\u00ed \u010dinnosti, jako je ch\u016fze po ulici, n\u00e1kup nebo p\u0159\u00edprava sva\u010diny, nen\u00ed zcela snadn\u00e9 d\u011blat bez pou\u017eit\u00ed zraku,&#8220; uvedla za organiz\u00e1tory Monika Ho\u0159\u00ednkov\u00e1. Podle n\u00ed si z\u00e1jemci budou moci s klapkami na o\u010d\u00edch nachystat t\u0159eba pr\u00e1v\u011b sva\u010dinu. Pomohou jim nevidom\u00ed a slabozrac\u00ed pr\u016fvodci.<\/p>\n<p>&#8222;M\u00e1lokdo si uv\u011bdomuje, jak se vy\u0159azen\u00edm zraku zkomplikuje va\u0159en\u00ed ve\u010de\u0159e i jej\u00ed poj\u00edd\u00e1n\u00ed. Z\u00e1rove\u0148 se v\u0161ak pozoruhodn\u011b zintenziv\u0148uj\u00ed ostatn\u00ed smysly, hlavn\u011b chu\u0165,&#8220; podotkl jeden z pr\u016fvodc\u016f Luk\u00e1\u0161 V\u00e1mo\u0161. Program na Masarykov\u011b n\u00e1dra\u017e\u00ed navazuje na Neviditelnou v\u00fdstavu, kter\u00e1 se od dubna 2011 kon\u00e1 na Karlov\u011b n\u00e1m\u011bst\u00ed v Praze. Dosud ji podle po\u0159adatel\u016f nav\u0161t\u00edvilo p\u0159es 123.000 lid\u00ed.<\/p>\n<p>ilustra\u010dn\u00ed foto: Flickr.com<\/p>\n","protected":false},"excerpt":{"rendered":"<div class=\"mh-excerpt\"><p>Proch\u00e1zku poslepu labyrintem \u010di s vodic\u00edm psem i stoln\u00ed hru a va\u0159en\u00ed bez pou\u017eit\u00ed zraku si budou moci dnes vyzkou\u0161et z\u00e1jemci a z\u00e1jemkyn\u011b na pra\u017esk\u00e9m <a class=\"mh-excerpt-more\" href=\"https:\/\/www.invarena.cz\/?p=17897\" title=\"Dnes se kon\u00e1 sb\u00edrka B\u00edl\u00e1 pastelka i dal\u0161\u00ed akce\">[&#8230;]<\/a><\/p>\n<\/div>","protected":false},"author":1,"featured_media":3895,"comment_status":"open","ping_status":"closed","sticky":false,"template":"","format":"standard","meta":{"footnotes":""},"categories":[17],"tags":[],"class_list":["post-17897","post","type-post","status-publish","format-standard","has-post-thumbnail","hentry","category-kultura"],"_links":{"self":[{"href":"https:\/\/www.invarena.cz\/index.php?rest_route=\/wp\/v2\/posts\/17897","targetHints":{"allow":["GET"]}}],"collection":[{"href":"https:\/\/www.invarena.cz\/index.php?rest_route=\/wp\/v2\/posts"}],"about":[{"href":"https:\/\/www.invarena.cz\/index.php?rest_route=\/wp\/v2\/types\/post"}],"author":[{"embeddable":true,"href":"https:\/\/www.invarena.cz\/index.php?rest_route=\/wp\/v2\/users\/1"}],"replies":[{"embeddable":true,"href":"https:\/\/www.invarena.cz\/index.php?rest_route=%2Fwp%2Fv2%2Fcomments&post=17897"}],"version-history":[{"count":0,"href":"https:\/\/www.invarena.cz\/index.php?rest_route=\/wp\/v2\/posts\/17897\/revisions"}],"wp:featuredmedia":[{"embeddable":true,"href":"https:\/\/www.invarena.cz\/index.php?rest_route=\/wp\/v2\/media\/3895"}],"wp:attachment":[{"href":"https:\/\/www.invarena.cz\/index.php?rest_route=%2Fwp%2Fv2%2Fmedia&parent=17897"}],"wp:term":[{"taxonomy":"category","embeddable":true,"href":"https:\/\/www.invarena.cz\/index.php?rest_route=%2Fwp%2Fv2%2Fcategories&post=17897"},{"taxonomy":"post_tag","embeddable":true,"href":"https:\/\/www.invarena.cz\/index.php?rest_route=%2Fwp%2Fv2%2Ftags&post=17897"}],"curies":[{"name":"wp","href":"https:\/\/api.w.org\/{rel}","templated":true}]}}