{"id":17898,"date":"2014-10-15T08:06:17","date_gmt":"2014-10-15T06:06:17","guid":{"rendered":"http:\/\/www.invarena.cz\/?p=17898"},"modified":"2014-10-15T08:06:17","modified_gmt":"2014-10-15T06:06:17","slug":"zabil-ochrnuteho-pry-to-byla-eutanazie","status":"publish","type":"post","link":"https:\/\/www.invarena.cz\/?p=17898","title":{"rendered":"Zabil ochrnut\u00e9ho. Pr\u00fd to byla eutanazie"},"content":{"rendered":"<p><strong>Polsk\u00fd odvolac\u00ed soud ve Vratislavi m\u00e1 rozhodnout p\u0159\u00edpad \u00fadajn\u00e9ho vraha, kter\u00fd se doznal k zabit\u00ed zmrza\u010den\u00e9ho podnikatele. Ob\u017ealovan\u00fd se ale h\u00e1j\u00ed, \u017ee se dopustil jen eutanazie: sama ob\u011b\u0165 si jej najala a zab\u00edjel ze soucitu.<\/strong> <!--more--><\/p>\n<p>&#8222;Skoro 20 let vyn\u00e1\u0161\u00edm rozsudky, ale na podobn\u00fd p\u0159\u00edpad jsem je\u0161t\u011b nenarazil,&#8220; \u0159ekl soudce Witold Franckiewicz listu Gazeta Wyborcza.<\/p>\n<p>Polsk\u00e9 pr\u00e1vo sice eutanazii zakazuje, nicm\u00e9n\u011b ve v\u00fdjime\u010dn\u00fdch p\u0159\u00edpadech m\u016f\u017ee soud mimo\u0159\u00e1dn\u011b zm\u00edrnit trest, anebo jej \u00fapln\u011b odpustit.<\/p>\n<p>Zabit\u00fd podnikatel, \u0161estat\u0159icetilet\u00fd Tomasz N. z Kladska u hranic s \u010ceskem, ochrnul na polovinu t\u011bla pot\u00e9, co jej koncem p\u0159edlo\u0148sk\u00e9ho roku postihla mrtvice. Roze\u0161el se s partnerkou a musel \u017e\u00edt u rodi\u010d\u016f, proto\u017ee se s\u00e1m nedok\u00e1zal o sebe postarat. N\u011bkolik m\u011bs\u00edc\u016f p\u0159ed smrt\u00ed \u017e\u00e1dal zn\u00e1m\u00e9 o pr\u00e1\u0161ky na span\u00ed \u010di o jed a sv\u011b\u0159oval se v\u0161em, \u017ee u\u017e m\u00e1 sv\u00e9ho tr\u00e1pen\u00ed dost.<\/p>\n<p>&#8222;Syn d\u0159\u00edv pracoval a\u017e moc. Po ne\u0161t\u011bst\u00ed se nedok\u00e1zal se situac\u00ed sm\u00ed\u0159it. Snad ka\u017ed\u00fd den mluvil o smrti. \u017de se mu nechce \u017e\u00edt, \u017ee si koup\u00ed pistoli. Nev\u011b\u0159ila jsem mu (&#8230;) Jednou si koupil ocelov\u00e9 lanko a tvrdil, \u017ee se jde pov\u011bsit. \u0160el do lesa, ale vr\u00e1til se,&#8220; vypr\u00e1v\u011bla Tomaszova matka b\u011bhem prvn\u00edho soudn\u00edho procesu. I kamar\u00e1di vypov\u00eddali, \u017ee se Tomek nedok\u00e1zal sm\u00ed\u0159it s posti\u017een\u00edm a \u017ee neust\u00e1le mluvil o smrti.<\/p>\n<p>Policie po nalezen\u00ed mrtv\u00e9ho prov\u011b\u0159ila jeho po\u010d\u00edta\u010d a zjistila, \u017ee vyhled\u00e1val informace o jedech, sebevra\u017ed\u00e1ch a n\u00e1kupu zbran\u00ed. Zanechal i dva dopisy na rozlou\u010denou: &#8222;M\u00e1m v\u00e1s r\u00e1d, ale u\u017e si neporad\u00edm. Nemoc m\u011b zni\u010dila.&#8220;<\/p>\n<p>Mrtv\u00e9ho nalezli turist\u00e9 loni v z\u00e1\u0159\u00ed, s mno\u017estv\u00edm ran po p\u00e1du z n\u011bkolikametrov\u00e9ho sr\u00e1zu. P\u0159\u00ed\u010dinou smrti v\u0161ak bylo pod\u0159\u00edznut\u00e9 hrdlo. Vz\u00e1p\u011bt\u00ed policist\u00e9 zabu\u0161ili na dve\u0159e Andrzeje O., d\u0159\u00edve odsouzen\u00e9ho za dom\u00e1c\u00ed n\u00e1sil\u00ed a \u0159\u00edzen\u00ed v opilosti, v jeho\u017e spole\u010dnosti byl Tomasz naposledy vid\u011bn. K zabit\u00ed se hned p\u0159iznal. Ud\u011blal tak pr\u00fd a\u017e po dlouh\u00e9m p\u0159emlouv\u00e1n\u00ed a na p\u0159\u00e1n\u00ed kamar\u00e1da, kter\u00fd si koupil \u017eivotn\u00ed pojistky, aby zajistil sv\u00e9 bl\u00edzk\u00e9, ale v p\u0159\u00edpad\u011b sebevra\u017edy by poji\u0161\u0165ovny nic nevyplatily. Za &#8222;pomoc&#8220; dostal 5000 zlot\u00fdch (asi 33.000 K\u010d). &#8222;Pen\u00edze nem\u011bly \u017e\u00e1dn\u00fd v\u00fdznam, i tak bych ud\u011blal, o co prosil, proto\u017ee jsem m\u011bl s n\u00edm soucit,&#8220; prohl\u00e1sil.<\/p>\n<p>Ale pr\u00e1v\u011b &#8222;honor\u00e1\u0159&#8220; od ob\u011bti z\u0159ejm\u011b rozhodl, \u017ee soud p\u0159i prvn\u00edm procesu verzi o eutanazii \u00fapln\u011b neuv\u011b\u0159il. Prokur\u00e1tor \u017e\u00e1dal 25 let v\u011bzen\u00ed za loupe\u017enou vra\u017edu, jak si p\u0159\u00e1li i rodi\u010de ob\u011bti. Soudce nakonec vym\u011b\u0159il 15 let s vysv\u011btlen\u00edm, \u017ee o p\u0159\u00e1n\u00ed ob\u011bti zem\u0159\u00edt nen\u00ed pochyb.<\/p>\n<p>Obh\u00e1jkyn\u011b se odvolala a po\u017e\u00e1dala o p\u0159ivol\u00e1n\u00ed znalc\u016f, jejich\u017e posudek m\u016f\u017ee m\u00edt cenu n\u011bkolika let za m\u0159\u00ed\u017eemi. Kdo toti\u017e zabije \u010dlov\u011bka na jeho p\u0159\u00e1n\u00ed a pod vlivem soucitu, tomu v Polsku hroz\u00ed od t\u0159\u00ed m\u011bs\u00edc\u016f po p\u011bt let za m\u0159\u00ed\u017eemi.<\/p>\n<p>Zat\u00edm nen\u00ed jasn\u00e9, zda \u017eivotn\u00ed pojistky byly proplaceny. Asi i to vyjde u odvolac\u00edho soudu najevo.<\/p>\n<p>soudn\u00ed s\u00ed\u0148 &#8211; ilustra\u010dn\u00ed foto: Veronica ML \/ Flickr.com<\/p>\n","protected":false},"excerpt":{"rendered":"<div class=\"mh-excerpt\"><p>Polsk\u00fd odvolac\u00ed soud ve Vratislavi m\u00e1 rozhodnout p\u0159\u00edpad \u00fadajn\u00e9ho vraha, kter\u00fd se doznal k zabit\u00ed zmrza\u010den\u00e9ho podnikatele. Ob\u017ealovan\u00fd se ale h\u00e1j\u00ed, \u017ee se dopustil jen <a class=\"mh-excerpt-more\" href=\"https:\/\/www.invarena.cz\/?p=17898\" title=\"Zabil ochrnut\u00e9ho. Pr\u00fd to byla eutanazie\">[&#8230;]<\/a><\/p>\n<\/div>","protected":false},"author":1,"featured_media":17508,"comment_status":"open","ping_status":"closed","sticky":false,"template":"","format":"standard","meta":{"footnotes":""},"categories":[7],"tags":[],"class_list":["post-17898","post","type-post","status-publish","format-standard","has-post-thumbnail","hentry","category-spolecnost"],"_links":{"self":[{"href":"https:\/\/www.invarena.cz\/index.php?rest_route=\/wp\/v2\/posts\/17898","targetHints":{"allow":["GET"]}}],"collection":[{"href":"https:\/\/www.invarena.cz\/index.php?rest_route=\/wp\/v2\/posts"}],"about":[{"href":"https:\/\/www.invarena.cz\/index.php?rest_route=\/wp\/v2\/types\/post"}],"author":[{"embeddable":true,"href":"https:\/\/www.invarena.cz\/index.php?rest_route=\/wp\/v2\/users\/1"}],"replies":[{"embeddable":true,"href":"https:\/\/www.invarena.cz\/index.php?rest_route=%2Fwp%2Fv2%2Fcomments&post=17898"}],"version-history":[{"count":0,"href":"https:\/\/www.invarena.cz\/index.php?rest_route=\/wp\/v2\/posts\/17898\/revisions"}],"wp:featuredmedia":[{"embeddable":true,"href":"https:\/\/www.invarena.cz\/index.php?rest_route=\/wp\/v2\/media\/17508"}],"wp:attachment":[{"href":"https:\/\/www.invarena.cz\/index.php?rest_route=%2Fwp%2Fv2%2Fmedia&parent=17898"}],"wp:term":[{"taxonomy":"category","embeddable":true,"href":"https:\/\/www.invarena.cz\/index.php?rest_route=%2Fwp%2Fv2%2Fcategories&post=17898"},{"taxonomy":"post_tag","embeddable":true,"href":"https:\/\/www.invarena.cz\/index.php?rest_route=%2Fwp%2Fv2%2Ftags&post=17898"}],"curies":[{"name":"wp","href":"https:\/\/api.w.org\/{rel}","templated":true}]}}