{"id":17919,"date":"2014-10-17T12:39:25","date_gmt":"2014-10-17T10:39:25","guid":{"rendered":"http:\/\/www.invarena.cz\/?p=17919"},"modified":"2014-10-17T12:40:39","modified_gmt":"2014-10-17T10:40:39","slug":"nrzp-vyzvala-vladu-a-politiky-aby-se-zabyvali-problemy-lidi-s-handicapem","status":"publish","type":"post","link":"https:\/\/www.invarena.cz\/?p=17919","title":{"rendered":"NRZP vyzvala vl\u00e1du a politiky, aby se zab\u00fdvali probl\u00e9my lid\u00ed s handicapem"},"content":{"rendered":"<p><strong>Vl\u00e1da a politici nev\u011bnuj\u00ed probl\u00e9m\u016fm lid\u00ed s handicapem dostate\u010dnou pozornost. V\u011bnuj\u00ed se sp\u00ed\u0161 okrajov\u00fdm v\u011bcem a z\u00e1sadn\u00ed pot\u00ed\u017ee opom\u00edjej\u00ed, \u0159\u00edk\u00e1 p\u0159edseda N\u00e1rodn\u00ed rady osob se zdravotn\u00edm posti\u017een\u00edm (NRZP) V\u00e1clav Kr\u00e1sa.<\/strong><br \/>\n<!--more--><\/p>\n<p>NRZP na sv\u00e9m v\u010derej\u0161\u00edm republikov\u00e9m shrom\u00e1\u017ed\u011bn\u00ed vyzvala vl\u00e1du a dal\u0161\u00ed politiky, aby se v\u00edc zab\u00fdvali probl\u00e9my lid\u00ed s handicapem a sna\u017eili se je \u0159e\u0161it.<\/p>\n<p>\u00bbObrac\u00edme se na politiky t\u00e9to zem\u011b a vyz\u00fdv\u00e1me je, aby se v\u00edc a v\u00fdznamn\u011bji za\u010dali zab\u00fdvat problematikou lid\u00ed se zdravotn\u00edm posti\u017een\u00edm. Doch\u00e1z\u00edme k p\u0159esv\u011bd\u010den\u00ed, \u017ee dosavadn\u00ed kroky jsou zat\u00edm okrajov\u00e9 v\u011bci, ne\u0159e\u0161\u00ed se syst\u00e9mov\u00e9 v\u011bci a bohu\u017eel n\u00e1\u0161 dojem je takov\u00fd, \u017ee ani nen\u00ed v\u016fle,\u00ab \u0159ekl Kr\u00e1sa novin\u00e1\u0159\u016fm. Nyn\u011bj\u0161\u00ed kabinet a koali\u010dn\u00ed politiky v\u0161ak je podle n\u011bj obt\u00ed\u017en\u00e9 kritizovat, proto\u017ee jsou vst\u0159\u00edcn\u00ed a sna\u017e\u00ed se komunikovat. \u00bbZa diskus\u00ed ale nen\u00e1sleduj\u00ed \u010diny,\u00ab dodal p\u0159edseda rady.<\/p>\n<p>Podle st\u00ednov\u00e9ho ministra KS\u010cM pro resort pr\u00e1ce a soci\u00e1ln\u00edch v\u011bc\u00ed Miroslava Op\u00e1lky nejsou v\u0161echny po\u017eadavky, kter\u00e9 v\u010dera NRZP vznesla, relevantn\u00ed.<\/p>\n<p>\u00bbPan p\u0159edseda Kr\u00e1sa je maximalista a z m\u00e9 strany jako opozi\u010dn\u00edho poslance by bylo nejjednodu\u0161\u0161\u00ed sd\u011blit, \u017ee m\u00e1 pravdu a \u017ee by bylo t\u0159eba jeho po\u017eadavk\u016fm vyhov\u011bt. Na druhou stranu v\u0161ak mus\u00edm \u0159\u00edci, \u017ee je pot\u0159eba vn\u00edmat spole\u010dnost jako celek a t\u00edm p\u00e1dem v\u00fdhody \u00fam\u011brn\u011b rozd\u011blovat tak, aby vych\u00e1zely z reality toho celku,\u00ab \u0159ekl na\u0161emu listu.<\/p>\n<p>NRZP vad\u00ed t\u0159eba to, \u017ee lid\u00e9 s invalidn\u00edm d\u016fchodem III. stupn\u011b nesm\u011bj\u00ed b\u00fdt v evidenci \u00fa\u0159ad\u016f pr\u00e1ce jako uchaze\u010di o zam\u011bstn\u00e1n\u00ed. Podle n\u00ed je to diskrimina\u010dn\u00ed. \u00bbMus\u00edme br\u00e1t do \u00favahy, \u017ee m\u00e1me p\u0159es p\u016fl milionu evidovan\u00fdch nezam\u011bstnan\u00fdch, mezi nimi i \u0159adu absolvent\u016f, kte\u0159\u00ed nemaj\u00ed v\u016fbec \u017e\u00e1dn\u00fd p\u0159\u00edjem, proto\u017ee nesplnili podm\u00ednku 12 m\u011bs\u00edc\u016f zam\u011bstn\u00e1n\u00ed v pr\u016fb\u011bhu dvou let.<\/p>\n<p>Invalidn\u00ed d\u016fchodce III. stupn\u011b m\u00e1 nejen pln\u00fd invalidn\u00ed d\u016fchod, ale tak\u00e9, kdy\u017e nepracuje, neztr\u00e1c\u00ed na d\u016fchodov\u00e9m zabezpe\u010den\u00ed.<\/p>\n<p>Naopak nap\u0159. invalidn\u00edmu d\u016fchodci I. nebo II. stupn\u011b nebo nezam\u011bstnan\u00e9mu absolventovi se nezapo\u010d\u00edt\u00e1vaj\u00ed v\u0161echny neodpracovan\u00e9 roky a ztr\u00e1c\u00ed na d\u016fchodov\u00fdch n\u00e1roc\u00edch,\u00ab vysv\u011btlil Op\u00e1lka.<\/p>\n<p>Jako p\u0159ehnan\u00e1 se mu vid\u00ed i dal\u0161\u00ed v\u00fdtka rady, kter\u00e9 se nel\u00edb\u00ed, \u017ee handicapovan\u00ed dost\u00e1vaj\u00ed ni\u017e\u0161\u00ed minim\u00e1ln\u00ed mzdu. Nyn\u00ed mohou invalidn\u00ed d\u016fchodci m\u00edt 8000 K\u010d, ostatn\u00ed 8500 K\u010d. Od ledna minim\u00e1ln\u00ed mzda vzroste na 9 200 K\u010d, pro lidi s posti\u017een\u00edm z\u016fstane o tis\u00edcovku ni\u017e\u0161\u00ed.<\/p>\n<p>\u00bbV\u00fdkonnost osoby se zdravotn\u00edm posti\u017een\u00edm je samoz\u0159ejm\u011b ni\u017e\u0161\u00ed a proto pro vyrovn\u00e1n\u00ed ztr\u00e1ty na v\u00fdd\u011blku pob\u00edraj\u00ed tito zam\u011bstnanci invalidn\u00ed d\u016fchod. Kde\u017eto b\u011b\u017en\u00fd \u010dlov\u011bk \u017e\u00e1dn\u00e9 jin\u00e9 vyrovn\u00e1n\u00ed nem\u00e1,\u00ab argumentuje Op\u00e1lka.<\/p>\n<p>S \u010d\u00edm podle n\u011bj lze souhlasit, je nap\u0159. nutnost valorizace p\u0159\u00edsp\u011bvk\u016f na mobilitu, bezbari\u00e9rov\u00e9 \u00fapravy bytu \u010di pom\u016fcky. Rada poukazuje na to, \u017ee \u0161krty v d\u00e1vk\u00e1ch pro posti\u017een\u00e9 z\u016fstaly a lid\u00e9 d\u00e1l dost\u00e1vaj\u00ed ni\u017e\u0161\u00ed p\u0159\u00edsp\u011bvky. Nezm\u011bnil se ani kritizovan\u00fd model posuzov\u00e1n\u00ed n\u00e1roku na p\u0159\u00edsp\u011bvky na p\u00e9\u010di, kter\u00e9 se od sv\u00e9ho zaveden\u00ed nikdy nevalorizovaly.<\/p>\n<p>\u00bbSamoz\u0159ejm\u011b souhlas\u00edme s t\u00edm, aby p\u0159\u00edsp\u011bvky byly valorizov\u00e1ny.Tady do\u0161lo k propadu v dob\u011b pravicov\u00fdch vl\u00e1d a je t\u0159eba propad n\u011bjak dohnat. Jak je vid\u011bt, koalice to bohu\u017eel nem\u00e1 ve sv\u00fdch priorit\u00e1ch a nem\u00e1 na tuto oblast vy\u010dlen\u011bny finan\u010dn\u00ed prost\u0159edky,\u00ab uvedl Op\u00e1lka.<\/p>\n<p>Rada podle Kr\u00e1sy ale nechce z\u00e1konod\u00e1rce \u010di strany oslovit \u00bbagresivn\u011b\u00ab, chce s nimi jednat. Pro p\u0159\u00ed\u0161t\u00ed obdob\u00ed v\u0161ak hodl\u00e1 zm\u011bnit svou vyjedn\u00e1vac\u00ed taktiku. Na jedn\u00e1n\u00ed s politiky bude vys\u00edlat nejen p\u0159edsedu, ale i novou m\u00edstop\u0159edsedkyni. Stala se j\u00ed here\u010dka a n\u011bkdej\u0161\u00ed poslankyn\u011b a prezidentsk\u00e1 kandid\u00e1tka T\u00e1\u0148a Fischerov\u00e1.<\/p>\n<p>Hal\u00f3 noviny<\/p>\n","protected":false},"excerpt":{"rendered":"<div class=\"mh-excerpt\"><p>Vl\u00e1da a politici nev\u011bnuj\u00ed probl\u00e9m\u016fm lid\u00ed s handicapem dostate\u010dnou pozornost. V\u011bnuj\u00ed se sp\u00ed\u0161 okrajov\u00fdm v\u011bcem a z\u00e1sadn\u00ed pot\u00ed\u017ee opom\u00edjej\u00ed, \u0159\u00edk\u00e1 p\u0159edseda N\u00e1rodn\u00ed rady osob se <a class=\"mh-excerpt-more\" href=\"https:\/\/www.invarena.cz\/?p=17919\" title=\"NRZP vyzvala vl\u00e1du a politiky, aby se zab\u00fdvali probl\u00e9my lid\u00ed s handicapem\">[&#8230;]<\/a><\/p>\n<\/div>","protected":false},"author":1,"featured_media":2556,"comment_status":"open","ping_status":"closed","sticky":false,"template":"","format":"standard","meta":{"footnotes":""},"categories":[6],"tags":[],"class_list":["post-17919","post","type-post","status-publish","format-standard","has-post-thumbnail","hentry","category-politika"],"_links":{"self":[{"href":"https:\/\/www.invarena.cz\/index.php?rest_route=\/wp\/v2\/posts\/17919","targetHints":{"allow":["GET"]}}],"collection":[{"href":"https:\/\/www.invarena.cz\/index.php?rest_route=\/wp\/v2\/posts"}],"about":[{"href":"https:\/\/www.invarena.cz\/index.php?rest_route=\/wp\/v2\/types\/post"}],"author":[{"embeddable":true,"href":"https:\/\/www.invarena.cz\/index.php?rest_route=\/wp\/v2\/users\/1"}],"replies":[{"embeddable":true,"href":"https:\/\/www.invarena.cz\/index.php?rest_route=%2Fwp%2Fv2%2Fcomments&post=17919"}],"version-history":[{"count":0,"href":"https:\/\/www.invarena.cz\/index.php?rest_route=\/wp\/v2\/posts\/17919\/revisions"}],"wp:featuredmedia":[{"embeddable":true,"href":"https:\/\/www.invarena.cz\/index.php?rest_route=\/wp\/v2\/media\/2556"}],"wp:attachment":[{"href":"https:\/\/www.invarena.cz\/index.php?rest_route=%2Fwp%2Fv2%2Fmedia&parent=17919"}],"wp:term":[{"taxonomy":"category","embeddable":true,"href":"https:\/\/www.invarena.cz\/index.php?rest_route=%2Fwp%2Fv2%2Fcategories&post=17919"},{"taxonomy":"post_tag","embeddable":true,"href":"https:\/\/www.invarena.cz\/index.php?rest_route=%2Fwp%2Fv2%2Ftags&post=17919"}],"curies":[{"name":"wp","href":"https:\/\/api.w.org\/{rel}","templated":true}]}}