{"id":17920,"date":"2014-10-17T13:09:27","date_gmt":"2014-10-17T11:09:27","guid":{"rendered":"http:\/\/www.invarena.cz\/?p=17920"},"modified":"2014-10-17T13:10:15","modified_gmt":"2014-10-17T11:10:15","slug":"do-politiky-jsem-se-nehrnul-rika-nevidomy-zastupitel","status":"publish","type":"post","link":"https:\/\/www.invarena.cz\/?p=17920","title":{"rendered":"Nevidom\u00fd mas\u00e9r byl zvolen zastupitelem"},"content":{"rendered":"<p><strong>Ze sedm\u00e9ho m\u00edsta na kandid\u00e1tn\u00ed listin\u011b hnut\u00ed Koalice pro Byst\u0159ici se <span class=\"highlight\">nevidom\u00e9mu<\/span> Petru Loupancovi poda\u0159ilo z\u00edskat mand\u00e1t v tamn\u00edm zastupitelstvu. Sedmat\u0159icetilet\u00fd mu\u017e dostal nejv\u00edce preferen\u010dn\u00edch hlas\u016f z cel\u00e9 kandid\u00e1tky hnut\u00ed.<\/strong> <!--more--><\/p>\n<p>Se sv\u00fdm \u017eivotn\u00edm osudem se <span class=\"highlight\">nevidom\u00fd politik <\/span>dok\u00e1zal vyrovnat: m\u00e1 \u017eenu, se kterou vychov\u00e1v\u00e1 t\u0159i d\u011bti a pracuje jako mas\u00e9r. Po v\u00edkendu mu ov\u0161em k b\u011b\u017en\u00fdm povinnostem a v\u0161edn\u00edm starostem p\u0159ibyl dal\u0161\u00ed \u00fakol: zastupov\u00e1n\u00ed ob\u010dan\u016f ve veden\u00ed m\u011bsta.<\/p>\n<p>Politika pr\u00fd p\u0159itom Petra Loupance nijak zvl\u00e1\u0161\u0165 nel\u00e1kala a svou kandidaturou cht\u011bl p\u0159edev\u0161\u00edm podpo\u0159it Moniku Po\u0159\u00edzkovou, kter\u00e1 byla v \u010dele kandid\u00e1tky hnut\u00ed Koalice pro Byst\u0159ici. Ze sv\u00e9ho \u00fasp\u011bchu byl zasko\u010den.<\/p>\n<p>&#8222;M\u00fdm z\u00e1m\u011brem bylo podpo\u0159it Moniku, v\u016fbec jsem to ne\u010dekal. Nem\u011bl jsem ambice se hrnout do politiky, bude to pro m\u011b nov\u00e1 zku\u0161enost,&#8220; p\u0159izn\u00e1v\u00e1.<\/p>\n<p>Jak zvl\u00e1dne pr\u00e1ci zastupitele se zrakov\u00fdm handicapem, to zat\u00edm nev\u00ed. Douf\u00e1 v\u0161ak, \u017ee pro n\u011bj nebude p\u0159ek\u00e1\u017ekou.<\/p>\n<p>&#8222;Jde o to, abych dostal materi\u00e1ly, kter\u00e9 se budou projedn\u00e1vat, dop\u0159edu v digit\u00e1ln\u00ed form\u011b, p\u0159e\u010detl si je nebo p\u0159evedl do Braillova p\u00edsma. Pokud to bude takhle fungovat, probl\u00e9m by b\u00fdt nem\u011bl,&#8220; m\u00edn\u00ed nov\u00fd zastupitel.<\/p>\n<p>P\u0159\u00e1l by si, aby lid\u00e9 ve m\u011bst\u011b v\u00edce spolupracovali a komunikovali.<\/p>\n<p>To je jedna z v\u011bc\u00ed, kterou by cht\u011bl b\u011bhem n\u00e1sleduj\u00edc\u00edch \u010dty\u0159 let zlep\u0161it.<\/p>\n<p>&#8222;Nap\u0159\u00edklad Kulturn\u00ed nadace, kter\u00e1 po\u0159\u00e1d\u00e1 koncerty a r\u016fzn\u00e9 akce, by mohla l\u00e9pe spolupracovat s m\u011bstem a naopak. R\u00e1d bych tak\u00e9, aby bylo zased\u00e1n\u00ed zastupitelstva zve\u0159ejn\u011bno na internetov\u00fdch str\u00e1nk\u00e1ch a lid\u00e9 si ho mohli pustit bu\u010f on\u00adline, nebo aspo\u0148 posl\u00e9ze ze z\u00e1znamu,&#8220; vyjmenov\u00e1v\u00e1.<\/p>\n<p>Dlouhodob\u011b diskutovan\u00e1 ubytovna pro soci\u00e1ln\u011b slab\u00e9 v b\u00fdval\u00e9m hotelu Podhoran je trnem v oku v\u011bt\u0161in\u011b m\u00edstn\u00edch obyvatel.<\/p>\n<p>Osud budovy se nel\u00edb\u00ed ani Petru Loupancovi, veden\u00ed m\u011bsta je ale podle n\u011bj na \u0159e\u0161en\u00ed t\u00e9to slo\u017eit\u00e9 situace v podstat\u011b kr\u00e1tk\u00e9.<\/p>\n<p>&#8222;I kdy\u017e m\u011bsto objekt koup\u00ed, probl\u00e9m se t\u00edm nevy\u0159e\u0161\u00ed. D\u016fle\u017eit\u00e9 je, aby z\u00e1kony pom\u00e1haly lidem, kte\u0159\u00ed jsou v bytov\u00e9 nouzi, ale z\u00e1rove\u0148 nenahr\u00e1valy majitel\u016fm nemovitost\u00ed, kte\u0159\u00ed si z toho d\u011blaj\u00ed sv\u016fj vlastn\u00ed byznys. Kdy\u017e m\u011bsto Podhoran koup\u00ed, lid\u00e9, kte\u0159\u00ed ho dnes ob\u00fdvaj\u00ed, budou bydlet stejn\u011b n\u011bkde jinde. N\u011bkde toti\u017e bydlet zkr\u00e1tka mus\u00ed,&#8220; uzav\u00edr\u00e1.<\/p>\n<p><a href=\"http:\/\/www.zlinsky.denik.cz\/\" target=\"_blank\">http:\/\/www.zlinsky.denik.cz\/ <\/a><\/p>\n","protected":false},"excerpt":{"rendered":"<div class=\"mh-excerpt\"><p>Ze sedm\u00e9ho m\u00edsta na kandid\u00e1tn\u00ed listin\u011b hnut\u00ed Koalice pro Byst\u0159ici se nevidom\u00e9mu Petru Loupancovi poda\u0159ilo z\u00edskat mand\u00e1t v tamn\u00edm zastupitelstvu. Sedmat\u0159icetilet\u00fd mu\u017e dostal nejv\u00edce preferen\u010dn\u00edch <a class=\"mh-excerpt-more\" href=\"https:\/\/www.invarena.cz\/?p=17920\" title=\"Nevidom\u00fd mas\u00e9r byl zvolen zastupitelem\">[&#8230;]<\/a><\/p>\n<\/div>","protected":false},"author":1,"featured_media":12082,"comment_status":"open","ping_status":"closed","sticky":false,"template":"","format":"standard","meta":{"footnotes":""},"categories":[6],"tags":[],"class_list":["post-17920","post","type-post","status-publish","format-standard","has-post-thumbnail","hentry","category-politika"],"_links":{"self":[{"href":"https:\/\/www.invarena.cz\/index.php?rest_route=\/wp\/v2\/posts\/17920","targetHints":{"allow":["GET"]}}],"collection":[{"href":"https:\/\/www.invarena.cz\/index.php?rest_route=\/wp\/v2\/posts"}],"about":[{"href":"https:\/\/www.invarena.cz\/index.php?rest_route=\/wp\/v2\/types\/post"}],"author":[{"embeddable":true,"href":"https:\/\/www.invarena.cz\/index.php?rest_route=\/wp\/v2\/users\/1"}],"replies":[{"embeddable":true,"href":"https:\/\/www.invarena.cz\/index.php?rest_route=%2Fwp%2Fv2%2Fcomments&post=17920"}],"version-history":[{"count":0,"href":"https:\/\/www.invarena.cz\/index.php?rest_route=\/wp\/v2\/posts\/17920\/revisions"}],"wp:featuredmedia":[{"embeddable":true,"href":"https:\/\/www.invarena.cz\/index.php?rest_route=\/wp\/v2\/media\/12082"}],"wp:attachment":[{"href":"https:\/\/www.invarena.cz\/index.php?rest_route=%2Fwp%2Fv2%2Fmedia&parent=17920"}],"wp:term":[{"taxonomy":"category","embeddable":true,"href":"https:\/\/www.invarena.cz\/index.php?rest_route=%2Fwp%2Fv2%2Fcategories&post=17920"},{"taxonomy":"post_tag","embeddable":true,"href":"https:\/\/www.invarena.cz\/index.php?rest_route=%2Fwp%2Fv2%2Ftags&post=17920"}],"curies":[{"name":"wp","href":"https:\/\/api.w.org\/{rel}","templated":true}]}}