{"id":17921,"date":"2014-10-17T13:22:35","date_gmt":"2014-10-17T11:22:35","guid":{"rendered":"http:\/\/www.invarena.cz\/?p=17921"},"modified":"2014-10-17T13:22:35","modified_gmt":"2014-10-17T11:22:35","slug":"hluchy-muz-znasilnil-nezletilou-dceru-sveho-kamarada-odsedi-si-sest-let","status":"publish","type":"post","link":"https:\/\/www.invarena.cz\/?p=17921","title":{"rendered":"Hluch\u00fd mu\u017e zn\u00e1silnil nezletilou dceru sv\u00e9ho kamar\u00e1da. Odsed\u00ed si \u0161est let"},"content":{"rendered":"<p><strong>Rodinn\u00e1 oslava dopadla tragicky pro \u0161kola\u010dku z P\u0159erova. Kamar\u00e1d jej\u00edho otce ji zat\u00e1hl do k\u0159ov\u00ed a zn\u00e1silnil. <\/strong><!--more--><\/p>\n<p>Trest \u0161esti let v\u011bzen\u00ed za zn\u00e1siln\u011bn\u00ed nezletil\u00e9 d\u00edvky ulo\u017eil <span class=\"highlight\">nesly\u0161\u00edc\u00edmu<\/span> mu\u017ei olomouck\u00fd soud. \u017da\u010dku z\u00e1kladn\u00ed \u0161koly vloni v l\u00e9t\u011b v P\u0159erov\u011b p\u0159i rodinn\u00e9 oslav\u011b, kam byl pozv\u00e1n, zat\u00e1hl do k\u0159ov\u00ed a donutil k soulo\u017ei. \u0160lo o dceru jeho p\u0159\u00edtele. U soudu se h\u00e1jil, \u017ee d\u00edvku nezn\u00e1silnil.<br \/>\nZn\u00e1siln\u011bn\u00ed prob\u011bhlo v srpnu 2013 nedaleko p\u0159erovsk\u00e9ho vlakov\u00e9ho n\u00e1dra\u017e\u00ed. Rodina d\u00edvky po\u0159\u00e1dala oslavu narozenin, souzen\u00fd mu\u017e byl coby p\u0159\u00edtel jej\u00edho otce tak\u00e9 pozv\u00e1n. Kl\u00ed\u010dov\u00fdm d\u016fkazem byla u soudu d\u00edv\u010dina v\u00fdpov\u011b\u010f.<\/p>\n<p>Vyplynulo z n\u00ed, \u017ee ji mu\u017e b\u011bhem ve\u010dera zasko\u010dil u okna domu. Zacpal j\u00ed \u00fasta, vyhro\u017eoval bit\u00edm a zat\u00e1hl ven do k\u0159ovin p\u0159erovsk\u00e9ho p\u0159edn\u00e1dra\u017e\u00ed. D\u00edvka na jeho \u010din doplatila mimo jin\u00e9 i \u00fazkostn\u00fdmi sny a psychick\u00fdmi probl\u00e9my.<\/p>\n<p>Jej\u00ed jm\u00e9no, stejn\u011b jako identitu odsouzen\u00e9ho mu\u017ee \u2013 p\u0159\u00edtele jej\u00ed rodiny \u2013 redakce MF DNES zn\u00e1. S ohledem na vysokou citlivost p\u0159\u00edpadu a ochranu soukrom\u00ed d\u00edvky jej ov\u0161em nezve\u0159ej\u0148uje.<br \/>\n&#8222;Soud dosp\u011bl k z\u00e1v\u011bru, \u017ee se skutek stal,&#8220; podotkl p\u0159i od\u016fvodn\u011bn\u00ed verdiktu soudce Eduard Ondr\u00e1\u0161ek. Mu\u017ei za zn\u00e1siln\u011bn\u00ed osoby mlad\u0161\u00ed patn\u00e1cti let hrozilo u olomouck\u00e9ho krajsk\u00e9ho soudu p\u011bt a\u017e dvan\u00e1ct let, nakonec ho poslal do v\u011bznice s ostrahou na \u0161est let. &#8222;Ob\u017ealovan\u00fd byl naposledy soudn\u011b trest\u00e1n p\u0159ed patn\u00e1cti lety, v podm\u00ednce se tehdy osv\u011bd\u010dil,&#8220; vysv\u011btlil soudce ulo\u017een\u00ed trestu p\u0159i spodn\u00ed hranici trestn\u00ed sazby.<\/p>\n<p>Odsouzen\u00fd osmat\u0159icetilet\u00fd mu\u017e je <span class=\"highlight\">nesly\u0161\u00edc\u00ed<\/span>. Navzdory naslouch\u00e1tku v jeho uchu se proto ka\u017ed\u00e9 slovo u soudu p\u0159ev\u00e1d\u011blo do znakov\u00e9 \u0159e\u010di. I on s\u00e1m skrze ni komunikoval s p\u0159ekladatelkou. &#8222;Protestuji proti tomuto. D\u00edvku jsem nezn\u00e1silnil,&#8220; uvedl p\u0159ed vynesen\u00edm verdiktu. I ten mu tlumo\u010dnice p\u0159evedla do znakov\u00e9 \u0159e\u010di, p\u0159ijal ho bez jak\u00e9koli zm\u011bny v\u00fdrazu tv\u00e1\u0159e.<br \/>\nObh\u00e1jce navrhoval v z\u00e1v\u011bre\u010dn\u00e9 \u0159e\u010di zpro\u0161t\u011bn\u00ed ob\u017ealoby a propu\u0161t\u011bn\u00ed z vazby. N\u011bkolikr\u00e1t upozornil, \u017ee v\u00fdslech jedin\u00e9ho sv\u011bdka obhajoby soudce coby d\u016fkaz zam\u00edtl.<br \/>\n&#8222;Je to jedin\u00fd sv\u011bdek, kter\u00fd zde mohl \u0159\u00edct n\u011bco jin\u00e9ho,&#8220; dodal advok\u00e1t. Sv\u016fj postup soudce vysv\u011btlil t\u00edm, \u017ee nen\u00ed v moci soudu ani policie doty\u010dn\u00e9ho sehnat. Ani jeho p\u0159\u00edbuzn\u00ed neznaj\u00ed adresu, kde by se m\u011bl zdr\u017eovat.<br \/>\nObh\u00e1jce argumentoval tak\u00e9 t\u00edm, \u017ee ve v\u00fdpov\u011bdi d\u00edvky, jej\u00ed\u017e inteligence je objektivn\u011b sp\u00ed\u0161e na ni\u017e\u0161\u00ed \u00farovni, jsou \u010dasov\u00e9 rozpory.<br \/>\nSoudce t\u00edm v\u0161ak nep\u0159esv\u011bd\u010dil. &#8222;Kdy\u017e je n\u011bkdo v uvozovk\u00e1ch jednodu\u0161\u0161\u00ed, nen\u00ed schopen vym\u00fd\u0161let komplexn\u00ed l\u017ei, nen\u00ed schopen dokonale lh\u00e1t. Nen\u00ed d\u016fvodu j\u00ed nev\u011b\u0159it,&#8220; \u0159ekl soudce. Zd\u016fraznil, \u017ee d\u00edvku jej\u00ed intelekt neomezuje natolik, aby si nepamatovala, co se j\u00ed stalo. &#8222;Sd\u011blila to rodin\u011b a posl\u00e9ze i policii. Trv\u00e1 si na jednom. A to, \u017ee ji ob\u017ealovan\u00fd donutil k pohlavn\u00edmu styku,&#8220; zd\u016fraznil. Na policii d\u00edvku jej\u00ed rodina p\u0159ivedla ve stejn\u00fd den, kdy k \u010dinu do\u0161lo. Fakt, \u017ee byla zneu\u017eita, potvrdil i l\u00e9ka\u0159. Obh\u00e1jce se proti rozsudku okam\u017eit\u011b odvolal. \u017dalobkyn\u011b, kter\u00e1 v z\u00e1v\u011bre\u010dn\u00e9 \u0159e\u010di sama navrhovala trest p\u0159i spodn\u00ed hranici sazby, se pr\u00e1va na odvol\u00e1n\u00ed vzdala.<br \/>\nSoud se pozastavil i nad t\u00edm, \u017ee odsouzen\u00fd mu\u017e byl na osudovou oslavu pozv\u00e1n jako rodinn\u00fd p\u0159\u00edtel a vz\u00e1p\u011bt\u00ed do\u0161lo ke zvratu. &#8222;Pro\u010d se najednou v pr\u016fb\u011bhu n\u011bkolika hodin z p\u0159\u00edtele a hosta st\u00e1v\u00e1 n\u011bkdo, na koho je t\u0159eba podat trestn\u00ed ozn\u00e1men\u00ed za takovou v\u011bc,&#8220; p\u0159em\u00edtal se soudce.<br \/>\nSpory mezi sebou rodiny podle n\u011bj nem\u011bly. M\u00e1 proto za to, \u017ee za n\u00e1hlou zm\u011bnou pohledu na p\u0159\u00edtele skute\u010dn\u011b musel b\u00fdt p\u0159\u00edmo jeho \u010din. &#8222;Ne\u0161lo o situaci, kdy by se nahodile potkali,&#8220; doplnil soudce.<br \/>\nD\u016fle\u017eitou roli sehr\u00e1ly u soudu tak\u00e9 posudky znalc\u016f. Nap\u0159\u00edklad sexuologick\u00e9 vy\u0161et\u0159en\u00ed u souzen\u00e9ho mu\u017ee zjednodu\u0161en\u011b \u0159e\u010deno odhalilo \u010d\u00e1ste\u010dn\u011b naru\u0161enou schopnost ur\u010dit v\u011bk \u017een, kter\u00e9 ho p\u0159itahuj\u00ed.<br \/>\n&#8222;Nejde ov\u0161em o sexu\u00e1ln\u00ed deviaci, osoba takto sexu\u00e1ln\u011b nezral\u00e1 je schopna preferovat dosp\u011bl\u00e9 sexu\u00e1ln\u00ed objekty,&#8220; podotkla u soudu znalkyn\u011b sexuologie a psychiatrie. Odpov\u00edd\u00e1 to podle n\u00ed i nezralosti osobnosti odsouzen\u00e9ho mu\u017ee. Podle z\u00e1v\u011br\u016f dal\u0161\u00edho psychiatra pak doty\u010dn\u00fd netrp\u00ed \u017e\u00e1dnou du\u0161evn\u00ed poruchou.<\/p>\n<p>Michal Pol\u00e1\u010dek, redaktor MF DNES<br \/>\nMlad\u00e1 fronta DNES<\/p>\n","protected":false},"excerpt":{"rendered":"<div class=\"mh-excerpt\"><p>Rodinn\u00e1 oslava dopadla tragicky pro \u0161kola\u010dku z P\u0159erova. Kamar\u00e1d jej\u00edho otce ji zat\u00e1hl do k\u0159ov\u00ed a zn\u00e1silnil.<\/p>\n<\/div>","protected":false},"author":1,"featured_media":0,"comment_status":"open","ping_status":"closed","sticky":false,"template":"","format":"standard","meta":{"footnotes":""},"categories":[9],"tags":[],"class_list":["post-17921","post","type-post","status-publish","format-standard","hentry","category-zpravy"],"_links":{"self":[{"href":"https:\/\/www.invarena.cz\/index.php?rest_route=\/wp\/v2\/posts\/17921","targetHints":{"allow":["GET"]}}],"collection":[{"href":"https:\/\/www.invarena.cz\/index.php?rest_route=\/wp\/v2\/posts"}],"about":[{"href":"https:\/\/www.invarena.cz\/index.php?rest_route=\/wp\/v2\/types\/post"}],"author":[{"embeddable":true,"href":"https:\/\/www.invarena.cz\/index.php?rest_route=\/wp\/v2\/users\/1"}],"replies":[{"embeddable":true,"href":"https:\/\/www.invarena.cz\/index.php?rest_route=%2Fwp%2Fv2%2Fcomments&post=17921"}],"version-history":[{"count":0,"href":"https:\/\/www.invarena.cz\/index.php?rest_route=\/wp\/v2\/posts\/17921\/revisions"}],"wp:attachment":[{"href":"https:\/\/www.invarena.cz\/index.php?rest_route=%2Fwp%2Fv2%2Fmedia&parent=17921"}],"wp:term":[{"taxonomy":"category","embeddable":true,"href":"https:\/\/www.invarena.cz\/index.php?rest_route=%2Fwp%2Fv2%2Fcategories&post=17921"},{"taxonomy":"post_tag","embeddable":true,"href":"https:\/\/www.invarena.cz\/index.php?rest_route=%2Fwp%2Fv2%2Ftags&post=17921"}],"curies":[{"name":"wp","href":"https:\/\/api.w.org\/{rel}","templated":true}]}}