{"id":17923,"date":"2014-10-17T13:30:00","date_gmt":"2014-10-17T11:30:00","guid":{"rendered":"http:\/\/www.invarena.cz\/?p=17923"},"modified":"2014-10-17T13:30:12","modified_gmt":"2014-10-17T11:30:12","slug":"zpusobi-ebola-prohloubeni-hladomoru","status":"publish","type":"post","link":"https:\/\/www.invarena.cz\/?p=17923","title":{"rendered":"Zp\u016fsob\u00ed ebola hladomor?"},"content":{"rendered":"<p><strong>U p\u0159\u00edle\u017eitosti Sv\u011btov\u00e9ho dne v\u00fd\u017eivy varoval v\u010dera Sv\u011btov\u00fd program pro v\u00fd\u017eivu (WFP) p\u0159ed vznikem v\u00e1\u017en\u00e9 potravinov\u00e9 krize v d\u016fsledku epidemie eboly v z\u00e1padn\u00ed Africe. Potravinovou pomoc se podle n\u011bj st\u00e1le nepoda\u0159ilo dostat k 750 000 lidem v nejh\u016f\u0159e <span class=\"highlight\">posti\u017een\u00fdch<\/span> oblastech.<\/strong> <!--more--><\/p>\n<p>Sv\u011btov\u00fd program pro v\u00fd\u017eivu uvedl, \u017ee jeho pomoc pot\u0159ebuje 1,3 milionu lid\u00ed v nejh\u016f\u0159e zasa\u017een\u00fdch zem\u00edch Lib\u00e9rii, Sie\u0159e Leone a Guineji. \u00bbDoposud jsme poskytli potraviny pro 534 000 lid\u00ed a po\u010d\u00edt\u00e1me s t\u00edm, \u017ee je je\u0161t\u011b tento m\u011bs\u00edc dod\u00e1me dal\u0161\u00edm 600 000 a\u017e 700 000,\u00ab \u0159ekla mluv\u010d\u00ed WFP Bettina L\u00fcscherov\u00e1. WFP zaji\u0161\u0165uje j\u00eddlo pacient\u016fm ve zdravotnick\u00fdch centrech i komunit\u00e1ch, je\u017e jsou v karant\u00e9n\u011b nebo v nich\u017e byl zaznamen\u00e1n rozs\u00e1hl\u00fd p\u0159enos n\u00e1kazy.<\/p>\n<p>P\u0159enos do EU a USA<\/p>\n<p>Vysok\u00fd p\u0159edstavitel WHO Christopher Dye prohl\u00e1sil, \u017ee p\u0159enos eboly do Spojen\u00fdch st\u00e1t\u016f a z\u00e1padn\u00ed Evropy je p\u0159edm\u011btem v\u00e1\u017en\u00fdch obav. Zdravotnick\u00e9 syst\u00e9my v Severn\u00ed Americe a v z\u00e1padn\u00ed Evrop\u011b jsou pr\u00fd ale tak siln\u00e9, \u017ee je rozs\u00e1hl\u00e1 epidemie nepravd\u011bpodobn\u00e1.<br \/>\nStejn\u00fd n\u00e1zor vyj\u00e1d\u0159il ve st\u0159edu tak\u00e9 americk\u00fd prezident Barack Obama, podle n\u011bj\u017e je riziko naka\u017een\u00ed Ameri\u010dan\u016f velmi n\u00edzk\u00e9. P\u0159esto na\u0159\u00eddil zdravotnick\u00fdm org\u00e1n\u016fm, aby rychleji reagovaly na v\u00fdskyt choroby na \u00fazem\u00ed USA. Ebola se tu potvrdila ji\u017e u druh\u00e9 o\u0161et\u0159ovatelky z nemocnice v Texasu. Podle \u00fa\u0159ad\u016f je velmi re\u00e1ln\u00e9, \u017ee p\u0159\u00edpad\u016f bude je\u0161t\u011b v\u00edc, nebo\u0165 sestra v pond\u011bl\u00ed cestovala letadlem z Clevelandu do Dallasu. L\u00e9ka\u0159i tak nyn\u00ed budou sledovat i v\u00edce ne\u017e 130 jej\u00edch spolucestuj\u00edc\u00edch.<\/p>\n<p>Ohro\u017een\u00fd Obama?<\/p>\n<p>Zcela mimo nebezpe\u010d\u00ed nen\u00ed ani samotn\u00fd americk\u00fd prezident, jen\u017e p\u0159iznal den\u00edku New York Times, \u017ee se p\u0159i n\u00e1v\u0161t\u011bv\u011b zdravotn\u00edk\u016f pe\u010duj\u00edc\u00edch o pacienty s ebolou form\u00e1ln\u011b objal a pol\u00edbil na tv\u00e1\u0159e se dv\u011bma zdravotnicemi, u kter\u00fdch se zjistilo, \u017ee tou dobou byly naka\u017een\u00e9 (podle v\u0161eho ne v\u0161ak p\u0159enosn\u00e9 &#8211; v inkuba\u010dn\u00ed lh\u016ft\u011b).<br \/>\nSv\u011bt mus\u00ed podle Obamy v boji s n\u00e1kazou zakro\u010dit ale p\u0159edev\u0161\u00edm v z\u00e1padn\u00ed Africe. Pokud se tam vymkne epidemie kontrole, roz\u0161\u00ed\u0159\u00ed se ebola po cel\u00e9m sv\u011bt\u011b. USA v\u010dera tak po\u017e\u00e1daly \u0161pan\u011blskou vl\u00e1du, aby jim dovolila vyu\u017e\u00edvat americk\u00e9 leteck\u00e9 z\u00e1kladny ve \u0160pan\u011blsku pro p\u0159esun pracovn\u00edk\u016f a materi\u00e1lu k v\u00fdstavb\u011b poln\u00edch nemocnic v Lib\u00e9rii a Sie\u0159e Leone. Washington chce do <span class=\"highlight\">posti\u017een\u00e9<\/span> oblasti poslat a\u017e 4000 sv\u00fdch voj\u00e1k\u016f.<\/p>\n<p>Kontroly pasa\u017e\u00e9r\u016f<\/p>\n<p>Po Spojen\u00fdch st\u00e1tech a Velk\u00e9 Brit\u00e1nii zavede kontroly pasa\u017e\u00e9r\u016f na leti\u0161t\u00edch kv\u016fli ebole tak\u00e9 \u010cesk\u00e1 republika. Opat\u0159en\u00ed za\u010dne platit v \u00fater\u00fd 21. \u0159\u00edjna od 8:00 na leti\u0161t\u00edch v Praze, Karlov\u00fdch Varech, Pardubic\u00edch, Ostrav\u011b a Brn\u011b. Cestuj\u00edc\u00ed budou vypl\u0148ovat vstupn\u00ed karti\u010dky a ti, kte\u0159\u00ed p\u0159ilet\u00ed z rizikov\u00fdch z\u00f3n, budou vy\u0161et\u0159eni.<br \/>\nPobou\u0159en\u00ed ghansk\u00e9 vl\u00e1dy vyvolal postup \u010desk\u00fdch \u00fa\u0159ad\u016f v p\u0159\u00edpad\u011b ghansk\u00e9ho studenta, u kter\u00e9ho bylo podez\u0159en\u00ed na n\u00e1kazu ebolou. Z\u00e1chran\u00e1\u0159i mlad\u00edka minulou sobotu p\u0159i odvozu z pra\u017esk\u00e9ho Hlavn\u00edho n\u00e1dra\u017e\u00ed p\u0159ekryli \u010dernou igelitovou f\u00f3li\u00ed, z \u010deho\u017e student pr\u00fd utrp\u011bl trauma. Podez\u0159en\u00ed na ebolu u n\u011bj testy ale nepotvrdily. V \u010cR zat\u00edm byla podez\u0159en\u00ed \u010dty\u0159i, u nikoho se v\u0161ak nepotvrdila.<br \/>\nO p\u0159\u00edsn\u011bj\u0161\u00edch kontrol\u00e1ch cestuj\u00edc\u00edch a o mo\u017enosti vysl\u00e1n\u00ed v\u00edce voj\u00e1k\u016f do z\u00e1padn\u00ed Afriky k zastaven\u00ed \u0161\u00ed\u0159en\u00ed viru v\u010dera v Bruselu jednali minist\u0159i zdravotnictv\u00ed EU.<\/p>\n<p>Hal\u00f3 noviny<\/p>\n","protected":false},"excerpt":{"rendered":"<div class=\"mh-excerpt\"><p>U p\u0159\u00edle\u017eitosti Sv\u011btov\u00e9ho dne v\u00fd\u017eivy varoval v\u010dera Sv\u011btov\u00fd program pro v\u00fd\u017eivu (WFP) p\u0159ed vznikem v\u00e1\u017en\u00e9 potravinov\u00e9 krize v d\u016fsledku epidemie eboly v z\u00e1padn\u00ed Africe. Potravinovou <a class=\"mh-excerpt-more\" href=\"https:\/\/www.invarena.cz\/?p=17923\" title=\"Zp\u016fsob\u00ed ebola hladomor?\">[&#8230;]<\/a><\/p>\n<\/div>","protected":false},"author":1,"featured_media":0,"comment_status":"open","ping_status":"closed","sticky":false,"template":"","format":"standard","meta":{"footnotes":""},"categories":[9],"tags":[],"class_list":["post-17923","post","type-post","status-publish","format-standard","hentry","category-zpravy"],"_links":{"self":[{"href":"https:\/\/www.invarena.cz\/index.php?rest_route=\/wp\/v2\/posts\/17923","targetHints":{"allow":["GET"]}}],"collection":[{"href":"https:\/\/www.invarena.cz\/index.php?rest_route=\/wp\/v2\/posts"}],"about":[{"href":"https:\/\/www.invarena.cz\/index.php?rest_route=\/wp\/v2\/types\/post"}],"author":[{"embeddable":true,"href":"https:\/\/www.invarena.cz\/index.php?rest_route=\/wp\/v2\/users\/1"}],"replies":[{"embeddable":true,"href":"https:\/\/www.invarena.cz\/index.php?rest_route=%2Fwp%2Fv2%2Fcomments&post=17923"}],"version-history":[{"count":0,"href":"https:\/\/www.invarena.cz\/index.php?rest_route=\/wp\/v2\/posts\/17923\/revisions"}],"wp:attachment":[{"href":"https:\/\/www.invarena.cz\/index.php?rest_route=%2Fwp%2Fv2%2Fmedia&parent=17923"}],"wp:term":[{"taxonomy":"category","embeddable":true,"href":"https:\/\/www.invarena.cz\/index.php?rest_route=%2Fwp%2Fv2%2Fcategories&post=17923"},{"taxonomy":"post_tag","embeddable":true,"href":"https:\/\/www.invarena.cz\/index.php?rest_route=%2Fwp%2Fv2%2Ftags&post=17923"}],"curies":[{"name":"wp","href":"https:\/\/api.w.org\/{rel}","templated":true}]}}