{"id":17924,"date":"2023-06-06T09:08:59","date_gmt":"2023-06-06T07:08:59","guid":{"rendered":"http:\/\/www.invarena.cz\/?p=17924"},"modified":"2023-06-06T09:09:00","modified_gmt":"2023-06-06T07:09:00","slug":"kazda-osma-zena-si-kvuli-rakovine-prsu-musela-pujcit-penize","status":"publish","type":"post","link":"https:\/\/www.invarena.cz\/?p=17924","title":{"rendered":"Ka\u017ed\u00e1 osm\u00e1 \u017eena si kv\u016fli rakovin\u011b prsu musela p\u016fj\u010dit pen\u00edze"},"content":{"rendered":"<h2><\/h2>\n<p>Rakovina prsu ji zas\u00e1hla ve 38 letech. \u017dila sama s osmiletou dcerou a \u017eivil ji vlastn\u00ed kosmetick\u00fd salon. S nemoc\u00ed bojovala pouh\u00fd rok, p\u0159esto se finan\u010dn\u011b dostala na dno. Musela p\u0159estat podnikat, n\u00e1jemn\u00e9 za salon ale z\u016fstalo. Kdy\u017e se k tomu p\u0159ipo\u010dte pron\u00e1jem bytu a n\u00e1klady na \u0161kol\u00e1ka, brzo p\u0159i\u0161la o v\u0161e. Aby se mohla zase postavit na nohy, rodina a p\u0159\u00e1tel\u00e9 pro ni zorganizovali sb\u00edrku.<\/p>\n<p>P\u0159\u00edb\u011bh Andrey z ji\u017en\u00edch \u010cech dokl\u00e1d\u00e1, \u017ee vedle boje s rakovinou mus\u00ed pacientky \u010delit tak\u00e9 nep\u0159\u00edjemn\u00e9 \u017eivotn\u00ed situaci, do kter\u00e9 je nemoc uvrhne. A to nejen b\u011bhem operac\u00ed a chemoterapie, ale i pot\u00e9. Pacientky toti\u017e v\u011bt\u0161inou p\u0159ijdou o zam\u011bstn\u00e1n\u00ed a l\u00e9\u010dba je p\u0159iprav\u00ed o \u00faspory. N\u00e1vrat do norm\u00e1ln\u00edho \u017eivota je o to slo\u017eit\u011bj\u0161\u00ed.<\/p>\n<p>ING \u017divotn\u00ed poji\u0161\u0165ovna se v r\u00e1mci projektu For You, kter\u00fd podporuje \u017eeny v boji proti rakovin\u011b prsu a pohlavn\u00edch org\u00e1n\u016f, ptala pacientek, jak je nemoc zas\u00e1hla finan\u010dn\u011b. T\u0159i \u010dtvrtiny p\u0159iznaly, \u017ee kv\u016fli v\u00fddaj\u016fm p\u0159edev\u0161\u00edm za l\u00e9ky, dopl\u0148ky stravy a speci\u00e1ln\u00ed oble\u010den\u00ed musely hloub\u011bji s\u00e1hnout do kapsy. V\u011bt\u0161ina z nich l\u00e9\u010dbu financovala z \u00faspor, 13 procent \u017een si ale muselo p\u016fj\u010dit od rodiny, p\u0159\u00e1tel nebo banky.<\/p>\n<p>&#8222;Omezit nebo \u00fapln\u011b rezignovat na pracovn\u00ed aktivity muselo v pr\u016fb\u011bhu nemoci 90 procent \u017een. To se samoz\u0159ejm\u011b nep\u0159\u00edzniv\u011b projevuje na jejich p\u0159\u00edjmech,&#8220; doplnila Helena Lazosov\u00e1 z ING Poji\u0161\u0165ovny.<br \/>\nNejlevn\u011bj\u0161\u00ed podprsenka, kterou mus\u00ed \u017eeny nosit po ablaci prsu, stoj\u00ed tis\u00edc korun, dal\u0161\u00ed tis\u00edce si vy\u017e\u00e1d\u00e1 paruka.<\/p>\n<p>&#8222;Zdravotn\u00ed poji\u0161\u0165ovny sice p\u0159isp\u00edvaj\u00ed na n\u011bkter\u00e9 kompenza\u010dn\u00ed pom\u016fcky, ale p\u0159\u00edsp\u011bvek je jen symbolick\u00fd. T\u0159eba na paruku p\u0159isp\u00edv\u00e1 tis\u00edcovku, ale slu\u0161n\u00e1 stoj\u00ed kolem p\u011bti tis\u00edc. St\u00e1t p\u0159isp\u00edv\u00e1 na z\u00e1kladn\u00ed variaci epit\u00e9zy, ale pokud si \u017eena chce opat\u0159it tu odleh\u010denou nebo do vody, op\u011bt mus\u00ed investovat n\u011bkolik tis\u00edc. Speci\u00e1ln\u00ed pr\u00e1dlo si \u017eena mus\u00ed koupit cel\u00e9 za sv\u00e9,&#8220; popisuje sv\u00e9 zku\u0161enosti \u010dlenka Aliance \u017een s rakovinou prsu Nikola Skondrojani. Doplnila, \u017ee na co m\u00e1 nemocn\u00e1 n\u00e1rok, se \u010dasto ani nedov\u00ed.<\/p>\n<p>T\u00edm to nekon\u010d\u00ed, do pr\u00e1ce jako d\u0159\u00edv se po nemoci mohlo vr\u00e1tit jen \u0161est procent \u017een. P\u0159es polovinu \u010dekal <span class=\"highlight\">invalidn\u00ed<\/span> d\u016fchod, \u010dtvrtina p\u0159e\u0161la na zkr\u00e1cen\u00fd \u00favazek. Ne ka\u017ed\u00e1 ale m\u00e1 takov\u00e9 \u0161t\u011bst\u00ed. T\u0159eba Nikolu se sna\u017eil jej\u00ed b\u00fdval\u00fd zam\u011bstnavatel p\u0159esv\u011bd\u010dit, aby podala v\u00fdpov\u011b\u010f. Nemusel by j\u00ed tak platit odstupn\u00e9.<\/p>\n","protected":false},"excerpt":{"rendered":"<div class=\"mh-excerpt\"><p>Rakovina prsu ji zas\u00e1hla ve 38 letech. \u017dila sama s osmiletou dcerou a \u017eivil ji vlastn\u00ed kosmetick\u00fd salon. S nemoc\u00ed bojovala pouh\u00fd rok, p\u0159esto se <a class=\"mh-excerpt-more\" href=\"https:\/\/www.invarena.cz\/?p=17924\" title=\"Ka\u017ed\u00e1 osm\u00e1 \u017eena si kv\u016fli rakovin\u011b prsu musela p\u016fj\u010dit pen\u00edze\">[&#8230;]<\/a><\/p>\n<\/div>","protected":false},"author":1,"featured_media":14576,"comment_status":"open","ping_status":"closed","sticky":false,"template":"","format":"standard","meta":{"footnotes":""},"categories":[1],"tags":[],"class_list":["post-17924","post","type-post","status-publish","format-standard","has-post-thumbnail","hentry","category-nezarazene"],"_links":{"self":[{"href":"https:\/\/www.invarena.cz\/index.php?rest_route=\/wp\/v2\/posts\/17924","targetHints":{"allow":["GET"]}}],"collection":[{"href":"https:\/\/www.invarena.cz\/index.php?rest_route=\/wp\/v2\/posts"}],"about":[{"href":"https:\/\/www.invarena.cz\/index.php?rest_route=\/wp\/v2\/types\/post"}],"author":[{"embeddable":true,"href":"https:\/\/www.invarena.cz\/index.php?rest_route=\/wp\/v2\/users\/1"}],"replies":[{"embeddable":true,"href":"https:\/\/www.invarena.cz\/index.php?rest_route=%2Fwp%2Fv2%2Fcomments&post=17924"}],"version-history":[{"count":0,"href":"https:\/\/www.invarena.cz\/index.php?rest_route=\/wp\/v2\/posts\/17924\/revisions"}],"wp:featuredmedia":[{"embeddable":true,"href":"https:\/\/www.invarena.cz\/index.php?rest_route=\/wp\/v2\/media\/14576"}],"wp:attachment":[{"href":"https:\/\/www.invarena.cz\/index.php?rest_route=%2Fwp%2Fv2%2Fmedia&parent=17924"}],"wp:term":[{"taxonomy":"category","embeddable":true,"href":"https:\/\/www.invarena.cz\/index.php?rest_route=%2Fwp%2Fv2%2Fcategories&post=17924"},{"taxonomy":"post_tag","embeddable":true,"href":"https:\/\/www.invarena.cz\/index.php?rest_route=%2Fwp%2Fv2%2Ftags&post=17924"}],"curies":[{"name":"wp","href":"https:\/\/api.w.org\/{rel}","templated":true}]}}