{"id":17934,"date":"2014-10-17T21:01:47","date_gmt":"2014-10-17T19:01:47","guid":{"rendered":"http:\/\/www.invarena.cz\/?p=17934"},"modified":"2014-10-17T21:01:47","modified_gmt":"2014-10-17T19:01:47","slug":"nadace-charta-77-se-zastala-petra-ctvrtnicka-a-jana-potmesila","status":"publish","type":"post","link":"https:\/\/www.invarena.cz\/?p=17934","title":{"rendered":"Nadace Charta 77 se zastala Petra \u010ctvrtn\u00ed\u010dka a Jana Potm\u011b\u0161ila"},"content":{"rendered":"<p><strong>Nadace Charta 77 se zastala Petra \u010ctvrtn\u00ed\u010dka a Jana Potm\u011b\u0161ila, herc\u016f odsouzen\u00fdch k podm\u00ednce za nat\u00e1\u010den\u00ed charitativn\u00edho klipu v p\u0159evleku za policisty, b\u011bhem kter\u00e9ho zkolaboval jeden z nap\u00e1len\u00fdch.<\/strong> <!--more--><\/p>\n<p>Podle \u0159editelky Nadace Bo\u017eeny Jirk\u016f (foto) nem\u00e1 jejich trest nic spole\u010dn\u00e9ho se spravedlnost\u00ed.<\/p>\n<p>Napsal proto dopis na ministerstvo spravedlnosti.<\/p>\n<p>V dopise ministryni spravedlnosti zd\u016fraznila, \u017ee herci sc\u00e9nku nat\u00e1\u010deli ve sv\u00e9m voln\u00e9m \u010dase, bez n\u00e1roku na honor\u00e1\u0159 a cht\u011bli t\u00edm pomoci <span class=\"highlight\">posti\u017een\u00fdm<\/span>.<\/p>\n","protected":false},"excerpt":{"rendered":"<div class=\"mh-excerpt\"><p>Nadace Charta 77 se zastala Petra \u010ctvrtn\u00ed\u010dka a Jana Potm\u011b\u0161ila, herc\u016f odsouzen\u00fdch k podm\u00ednce za nat\u00e1\u010den\u00ed charitativn\u00edho klipu v p\u0159evleku za policisty, b\u011bhem kter\u00e9ho zkolaboval <a class=\"mh-excerpt-more\" href=\"https:\/\/www.invarena.cz\/?p=17934\" title=\"Nadace Charta 77 se zastala Petra \u010ctvrtn\u00ed\u010dka a Jana Potm\u011b\u0161ila\">[&#8230;]<\/a><\/p>\n<\/div>","protected":false},"author":1,"featured_media":10705,"comment_status":"open","ping_status":"closed","sticky":false,"template":"","format":"standard","meta":{"footnotes":""},"categories":[7],"tags":[],"class_list":["post-17934","post","type-post","status-publish","format-standard","has-post-thumbnail","hentry","category-spolecnost"],"_links":{"self":[{"href":"https:\/\/www.invarena.cz\/index.php?rest_route=\/wp\/v2\/posts\/17934","targetHints":{"allow":["GET"]}}],"collection":[{"href":"https:\/\/www.invarena.cz\/index.php?rest_route=\/wp\/v2\/posts"}],"about":[{"href":"https:\/\/www.invarena.cz\/index.php?rest_route=\/wp\/v2\/types\/post"}],"author":[{"embeddable":true,"href":"https:\/\/www.invarena.cz\/index.php?rest_route=\/wp\/v2\/users\/1"}],"replies":[{"embeddable":true,"href":"https:\/\/www.invarena.cz\/index.php?rest_route=%2Fwp%2Fv2%2Fcomments&post=17934"}],"version-history":[{"count":0,"href":"https:\/\/www.invarena.cz\/index.php?rest_route=\/wp\/v2\/posts\/17934\/revisions"}],"wp:featuredmedia":[{"embeddable":true,"href":"https:\/\/www.invarena.cz\/index.php?rest_route=\/wp\/v2\/media\/10705"}],"wp:attachment":[{"href":"https:\/\/www.invarena.cz\/index.php?rest_route=%2Fwp%2Fv2%2Fmedia&parent=17934"}],"wp:term":[{"taxonomy":"category","embeddable":true,"href":"https:\/\/www.invarena.cz\/index.php?rest_route=%2Fwp%2Fv2%2Fcategories&post=17934"},{"taxonomy":"post_tag","embeddable":true,"href":"https:\/\/www.invarena.cz\/index.php?rest_route=%2Fwp%2Fv2%2Ftags&post=17934"}],"curies":[{"name":"wp","href":"https:\/\/api.w.org\/{rel}","templated":true}]}}