{"id":17936,"date":"2014-10-22T00:32:16","date_gmt":"2014-10-21T22:32:16","guid":{"rendered":"http:\/\/www.invarena.cz\/?p=17936"},"modified":"2014-10-22T00:32:16","modified_gmt":"2014-10-21T22:32:16","slug":"pestouni-maji-obavy-z-biologickych-rodicu","status":"publish","type":"post","link":"https:\/\/www.invarena.cz\/?p=17936","title":{"rendered":"P\u011bstouni maj\u00ed obavy z biologick\u00fdch rodi\u010d\u016f"},"content":{"rendered":"<p><strong>D\u00edky nov\u00e9 legislativ\u011b p\u0159ibylo p\u011bstoun\u016f. Nov\u011b dost\u00e1vaj\u00ed plat a vyu\u017e\u00edt m\u016f\u017eou i pomoci specializovan\u00fdch organizac\u00ed. Maj\u00ed ov\u0161em taky v\u00edc povinnost\u00ed. Z\u00e1kon jim nap\u0159\u00edklad na\u0159izuje rozv\u00edjet kontakty mezi d\u00edt\u011btem a biologick\u00fdmi rodi\u010di. A pr\u00e1v\u011b z toho m\u00edvaj\u00ed p\u011bstouni nejv\u011bt\u0161\u00ed obavy.<\/strong><!--more--><\/p>\n<p><em><strong>Radio\u017eurn\u00e1l<\/strong><\/em><\/p>\n<p>T\u0159icetilet\u00e1 Veronika \u0160im\u016fnkov\u00e1 m\u00e1 na kl\u00edn\u011b \u0161estn\u00e1ctim\u011bs\u00ed\u010dn\u00ed Lucinku, kter\u00e1 p\u0159ibyla do rodiny ke dv\u011bma vlastn\u00edm d\u011btem. Lucinka je velmi drobounk\u00e1.<br \/>\nM\u00e1 genetick\u00fd syndrom plus vrozenou metabolickou poruchu, tak\u017ee se vyv\u00edj\u00ed pomaleji a v t\u00e9to chv\u00edli v\u00e1\u017e\u00ed \u0161est a p\u016fl kila a vypad\u00e1 sp\u00ed\u0161 na p\u011bt m\u011bs\u00edc\u016f.<\/p>\n<p><strong>se t\u0159emi zdrav\u00fdmi d\u011btmi je hodn\u011b pr\u00e1ce. Jak v\u00e1s napadlo si vz\u00edt d\u00edt\u011b do p\u011bstounsk\u00e9 p\u00e9\u010de?<\/strong><\/p>\n<p>Veronika \u0160IM\u016eNKOV\u00c1, :<br \/>\nP\u0159edev\u0161\u00edm z toho d\u016fvodu, \u017ee u\u017e syn se narodil handicapovan\u00fd, tud\u00ed\u017e u n\u011bj progn\u00f3za taky nebyla v\u016fbec dobr\u00e1 a do budoucna, kdy\u017e jsem vid\u011bla, \u017ee chlapec se zlep\u0161uje, d\u011bl\u00e1 velk\u00e9 pokroky, rozhodla jsem se, \u017ee chci pom\u00e1hat n\u011bjak\u00e9mu d\u00edt\u011bti, kter\u00fd by m\u011blo m\u00edt tak\u00e9 zdravotn\u00ed <span class=\"highlight\">posti\u017een\u00ed<\/span>.<br \/>\n<strong> Legislativn\u011b p\u011bstounsk\u00e1 p\u00e9\u010de je za posledn\u00ed dva roky velice precizn\u011b o\u0161et\u0159ena. Jak v\u00e1m to pom\u00e1h\u00e1, anebo mo\u017en\u00e1 naopak svazuje ruce?<\/strong><\/p>\n<p>\u0160IM\u016eNKOV\u00c1, :<br \/>\nN\u00e1m jako rodin\u011b p\u011bstoun\u016f se ta legislativa zamlouv\u00e1, jeliko\u017e je tam opravdu odborn\u00fd dohled. Jedin\u00e1 mo\u017en\u00e1 hodn\u011b nev\u00fdhoda je toho, \u017ee se tam hodn\u011b podporuje biologick\u00e1 rodina, kter\u00e1 je nad ka\u017ed\u00fdm p\u011bstounem jako velkej otazn\u00edk, \u017ee nev\u00ed, co do budoucna.<\/p>\n<p><strong>Jak\u00e9 m\u00e1 zku\u0161enosti Anna N\u011bmcov\u00e1 ze sdru\u017een\u00ed Prevent, kter\u00e1 rodiny doprov\u00e1z\u00ed?<\/strong><\/p>\n<p>Anna N\u011aMCOV\u00c1, sdru\u017een\u00ed Prevent:<br \/>\nBu\u010fto se ty obavy nenapln\u00ed v tom smyslu, \u017ee ten biologick\u00fd rodi\u010d nem\u00e1 z\u00e1jem, nebo se n\u00e1m poda\u0159ilo t\u0159eba vyhledat matku, kter\u00e1 se d\u00edt\u011bte vzdala v dob\u011b, kdy byla z\u00e1visl\u00e1 na drog\u00e1ch, ale te\u010f po osmi letech abstinuje, odpykala si trest a \u017eije celkem jako spo\u0159\u00e1dan\u00fdm \u017eivotem a za\u010d\u00edn\u00e1me navazovat kontakt. Hol\u010di\u010dka, kter\u00e1 moment\u00e1ln\u011b m\u00e1 je\u0161t\u011b p\u0159ed pubertou, tak se na to, mysl\u00edm, pom\u011brn\u011b t\u011b\u0161\u00ed, nebo je zv\u011bdav\u00e1 a mysl\u00edm si, \u017ee to m\u016f\u017ee p\u0159in\u00e9st velk\u00e9 pozitivum do jej\u00edho \u017eivota.<br \/>\nPodle nov\u00e9 legislativy maj\u00ed tak\u00e9 p\u011bstouni pr\u00e1vo na plat a konzultace, anebo povinnost absolvovat dvacet \u010dty\u0159i hodin \u0161kolen\u00ed ro\u010dn\u011b.<\/p>\n","protected":false},"excerpt":{"rendered":"<div class=\"mh-excerpt\"><p>D\u00edky nov\u00e9 legislativ\u011b p\u0159ibylo p\u011bstoun\u016f. Nov\u011b dost\u00e1vaj\u00ed plat a vyu\u017e\u00edt m\u016f\u017eou i pomoci specializovan\u00fdch organizac\u00ed. Maj\u00ed ov\u0161em taky v\u00edc povinnost\u00ed. Z\u00e1kon jim nap\u0159\u00edklad na\u0159izuje rozv\u00edjet <a class=\"mh-excerpt-more\" href=\"https:\/\/www.invarena.cz\/?p=17936\" title=\"P\u011bstouni maj\u00ed obavy z biologick\u00fdch rodi\u010d\u016f\">[&#8230;]<\/a><\/p>\n<\/div>","protected":false},"author":1,"featured_media":4903,"comment_status":"open","ping_status":"closed","sticky":false,"template":"","format":"standard","meta":{"footnotes":""},"categories":[7],"tags":[],"class_list":["post-17936","post","type-post","status-publish","format-standard","has-post-thumbnail","hentry","category-spolecnost"],"_links":{"self":[{"href":"https:\/\/www.invarena.cz\/index.php?rest_route=\/wp\/v2\/posts\/17936","targetHints":{"allow":["GET"]}}],"collection":[{"href":"https:\/\/www.invarena.cz\/index.php?rest_route=\/wp\/v2\/posts"}],"about":[{"href":"https:\/\/www.invarena.cz\/index.php?rest_route=\/wp\/v2\/types\/post"}],"author":[{"embeddable":true,"href":"https:\/\/www.invarena.cz\/index.php?rest_route=\/wp\/v2\/users\/1"}],"replies":[{"embeddable":true,"href":"https:\/\/www.invarena.cz\/index.php?rest_route=%2Fwp%2Fv2%2Fcomments&post=17936"}],"version-history":[{"count":0,"href":"https:\/\/www.invarena.cz\/index.php?rest_route=\/wp\/v2\/posts\/17936\/revisions"}],"wp:featuredmedia":[{"embeddable":true,"href":"https:\/\/www.invarena.cz\/index.php?rest_route=\/wp\/v2\/media\/4903"}],"wp:attachment":[{"href":"https:\/\/www.invarena.cz\/index.php?rest_route=%2Fwp%2Fv2%2Fmedia&parent=17936"}],"wp:term":[{"taxonomy":"category","embeddable":true,"href":"https:\/\/www.invarena.cz\/index.php?rest_route=%2Fwp%2Fv2%2Fcategories&post=17936"},{"taxonomy":"post_tag","embeddable":true,"href":"https:\/\/www.invarena.cz\/index.php?rest_route=%2Fwp%2Fv2%2Ftags&post=17936"}],"curies":[{"name":"wp","href":"https:\/\/api.w.org\/{rel}","templated":true}]}}