{"id":17937,"date":"2014-10-17T14:47:34","date_gmt":"2014-10-17T12:47:34","guid":{"rendered":"http:\/\/www.invarena.cz\/?p=17937"},"modified":"2014-10-17T14:47:19","modified_gmt":"2014-10-17T12:47:19","slug":"podpora-pro-handicapovane","status":"publish","type":"post","link":"https:\/\/www.invarena.cz\/?p=17937","title":{"rendered":"Handicapovan\u00ed \u017e\u00e1daj\u00ed zm\u011bny"},"content":{"rendered":"<p><strong>N\u00e1rodn\u00ed radu osob se zdravotn\u00edm posti\u017een\u00edm v jej\u00edm apelu na vl\u00e1du podpo\u0159ily z\u00e1stupci pades\u00e1ti organizac\u00ed z cel\u00e9 republiky. Poukazuj\u00ed nap\u0159. na p\u0159ek\u00e1\u017eky p\u0159i zam\u011bstn\u00e1v\u00e1n\u00ed <span class=\"highlight\">invalidn\u00edch<\/span> d\u016fchodc\u016f a \u017e\u00e1daj\u00ed zm\u011bny v syst\u00e9mu p\u0159\u00edsp\u011bvk\u016f na p\u00e9\u010di.<\/strong><!--more--><\/p>\n<div><strong>\u00a0A\u0165 se politici v\u00edc zab\u00fdvaj\u00ed probl\u00e9my handicapovan\u00fdch lid\u00ed, vyz\u00fdvaj\u00ed organizace zdravotn\u011b posti\u017een\u00fdch.<\/strong><\/div>\n<div><\/div>\n<div>N\u00e1rodn\u00ed rada osob se zdravotn\u00edm posti\u017een\u00edm apeluje na prezidenta i na vl\u00e1du. Podpo\u0159ili ji v tom z\u00e1stupci pades\u00e1ti organizac\u00ed z cel\u00e9 republiky. Poukazuj\u00ed nap\u0159\u00edklad na p\u0159ek\u00e1\u017eky p\u0159i zam\u011bstn\u00e1v\u00e1n\u00ed <span class=\"highlight\">invalidn\u00edch<\/span> d\u016fchodc\u016f a taky \u017e\u00e1daj\u00ed zm\u011bny v syst\u00e9mu p\u0159\u00edsp\u011bvk\u016f na p\u00e9\u010di.<\/div>\n<div id=\"divDocMain\">\n<p>&#8222;Za tou diskuz\u00ed nen\u00e1sleduj\u00ed zat\u00edm \u010diny. A my se domn\u00edv\u00e1me, \u017ee i kdy\u017e vl\u00e1da je t\u0159i \u010dtvrt\u011b roku, tak\u017ee p\u0159ece jenom u\u017e by alespo\u0148 prvn\u00ed n\u00e1vrhy n\u011bkter\u00e9 mohly b\u00fdt,&#8220; sd\u011blil v \u010cT 1 V\u00e1clav KR\u00c1SA, p\u0159edseda, N\u00e1rodn\u00ed rada osob se zdravotn\u00edm posti\u017een\u00edm.<\/p>\n<p>Petr HAB\u00c1\u0147, mluv\u010d\u00ed, Ministerstvo pr\u00e1ce a soci\u00e1ln\u00edch v\u011bc\u00ed uvedl, \u017ee &#8222;Pokud chceme, aby ty zm\u011bny byly skute\u010dn\u011b dobr\u00e9 a trval\u00e9, a nemusely se v bl\u00edzk\u00fdch m\u011bs\u00edc\u00edch znovu m\u011bnit, je pot\u0159eba je po\u0159\u00e1dn\u011b prodiskutovat se v\u0161emi z\u00fa\u010dastn\u011bn\u00fdmi.&#8220;<\/p>\n<p>V jedn\u00e1n\u00ed s politiky cht\u011bj\u00ed handicapovan\u00ed zm\u011bnit taktiku. P\u0159edsedu bude na sch\u016fzk\u00e1ch doprov\u00e1zet i nov\u011b zvolen\u00e1 m\u00edstop\u0159edsedkyn\u011b rady T\u00e1\u0148a Fischerov\u00e1.<\/p>\n<p>&#8222;Ono je p\u0159ece jenom d\u016fle\u017eit\u00e9, zjednat si to, aby v\u016fbec, abychom byli sly\u0161eni, proto\u017ee velmi \u010dasto se \u010dlov\u011bku stane, \u017ee \u0159\u00edk\u00e1 n\u011bco, co je pravda, ale nikdo ho nesly\u0161\u00ed,&#8220; \u0159ekla T\u00e1\u0148a FISCHEROV\u00c1, m\u00edstop\u0159edsedkyn\u011b, N\u00e1rodn\u00ed rada osob se zdravotn\u00edm posti\u017een\u00edm.<\/p>\n<\/div>\n","protected":false},"excerpt":{"rendered":"<div class=\"mh-excerpt\"><p>N\u00e1rodn\u00ed radu osob se zdravotn\u00edm posti\u017een\u00edm v jej\u00edm apelu na vl\u00e1du podpo\u0159ily z\u00e1stupci pades\u00e1ti organizac\u00ed z cel\u00e9 republiky. Poukazuj\u00ed nap\u0159. na p\u0159ek\u00e1\u017eky p\u0159i zam\u011bstn\u00e1v\u00e1n\u00ed invalidn\u00edch <a class=\"mh-excerpt-more\" href=\"https:\/\/www.invarena.cz\/?p=17937\" title=\"Handicapovan\u00ed \u017e\u00e1daj\u00ed zm\u011bny\">[&#8230;]<\/a><\/p>\n<\/div>","protected":false},"author":1,"featured_media":14015,"comment_status":"open","ping_status":"closed","sticky":false,"template":"","format":"standard","meta":{"footnotes":""},"categories":[6],"tags":[],"class_list":["post-17937","post","type-post","status-publish","format-standard","has-post-thumbnail","hentry","category-politika"],"_links":{"self":[{"href":"https:\/\/www.invarena.cz\/index.php?rest_route=\/wp\/v2\/posts\/17937","targetHints":{"allow":["GET"]}}],"collection":[{"href":"https:\/\/www.invarena.cz\/index.php?rest_route=\/wp\/v2\/posts"}],"about":[{"href":"https:\/\/www.invarena.cz\/index.php?rest_route=\/wp\/v2\/types\/post"}],"author":[{"embeddable":true,"href":"https:\/\/www.invarena.cz\/index.php?rest_route=\/wp\/v2\/users\/1"}],"replies":[{"embeddable":true,"href":"https:\/\/www.invarena.cz\/index.php?rest_route=%2Fwp%2Fv2%2Fcomments&post=17937"}],"version-history":[{"count":0,"href":"https:\/\/www.invarena.cz\/index.php?rest_route=\/wp\/v2\/posts\/17937\/revisions"}],"wp:featuredmedia":[{"embeddable":true,"href":"https:\/\/www.invarena.cz\/index.php?rest_route=\/wp\/v2\/media\/14015"}],"wp:attachment":[{"href":"https:\/\/www.invarena.cz\/index.php?rest_route=%2Fwp%2Fv2%2Fmedia&parent=17937"}],"wp:term":[{"taxonomy":"category","embeddable":true,"href":"https:\/\/www.invarena.cz\/index.php?rest_route=%2Fwp%2Fv2%2Fcategories&post=17937"},{"taxonomy":"post_tag","embeddable":true,"href":"https:\/\/www.invarena.cz\/index.php?rest_route=%2Fwp%2Fv2%2Ftags&post=17937"}],"curies":[{"name":"wp","href":"https:\/\/api.w.org\/{rel}","templated":true}]}}