{"id":17945,"date":"2014-10-18T14:21:49","date_gmt":"2014-10-18T12:21:49","guid":{"rendered":"http:\/\/www.invarena.cz\/?p=17945"},"modified":"2014-10-18T14:21:49","modified_gmt":"2014-10-18T12:21:49","slug":"zena-chtela-zemrit-tak-ji-pomohl","status":"publish","type":"post","link":"https:\/\/www.invarena.cz\/?p=17945","title":{"rendered":"\u017dena cht\u011bla zem\u0159\u00edt, tak j\u00ed pomohl"},"content":{"rendered":"<p><strong>Ten \u010dervnov\u00fd den kolem p\u016fl dev\u00e1t\u00e9 ve\u010der ozn\u00e1mil dvaapades\u00e1tilet\u00fd Zden\u011bk Herv\u00edk dispe\u010derce z\u00e1chrann\u00e9 slu\u017eby v krajsk\u00e9m m\u011bst\u011b, \u017ee se jeho dru\u017ece ud\u011blalo nevolno a m\u00e1 velk\u00e9 bolesti v oblasti b\u0159icha.<\/strong> <!--more--><\/p>\n<p>Z\u00e1chranka o n\u011bkolik minut pozd\u011bji dopravila pades\u00e1tiletou Vandu Krobleckou do m\u00edstn\u00ed nemocnice, kde byla \u017eena hospitalizov\u00e1na pro podez\u0159en\u00ed z intoxikace depresivy. S ohledem na to, \u017ee podle l\u00e9ka\u0159\u016f \u0161lo o sebevra\u017eedn\u00fd pokus, se o ud\u00e1losti dozv\u011bd\u011bli i m\u00edstn\u00ed policist\u00e9.<\/p>\n<p>Sezn\u00e1mili se na psychiatrii<\/p>\n<p>Vy\u0161et\u0159ov\u00e1n\u00edm p\u0159\u00edpadu byl pov\u011b\u0159en poru\u010d\u00edk Krej\u010d\u00ed se sv\u00fdm t\u00fdmem kriminalist\u016f. Proto\u017ee nebylo mo\u017en\u00e9 Krobleckou zat\u00edm vyslechnout, soust\u0159edili se kriminalist\u00e9 na ohled\u00e1n\u00ed m\u00edsta \u010dinu a s\u00e1m Krej\u010d\u00ed prov\u00e1d\u011bl v\u00fdslech Herv\u00edka.<br \/>\n&#8222;S Vandou jsem se sezn\u00e1mil, kdy\u017e jsem byl hospitalizov\u00e1n na psychiatrick\u00e9 klinice p\u0159ibli\u017en\u011b p\u0159ed p\u016fl rokem. Docela jsme se tam sbl\u00ed\u017eili, chodili jsme spolu na vych\u00e1zky a nakonec jsme do\u0161li k z\u00e1v\u011bru, \u017ee po propu\u0161t\u011bn\u00ed bych u n\u00ed mohl i bydlet. Vandana tom nebyla zdravotn\u011b dob\u0159e, n\u011bkolikr\u00e1t mi \u0159ekla, \u017ee si p\u0159ipad\u00e1 zbyte\u010dn\u00e1, nepot\u0159ebn\u00e1 a \u017ee nen\u00ed schopna ani pomoci sv\u00fdm dcer\u00e1m p\u0159i v\u00fdchov\u011b vnou\u010dat. J\u00e1 jsem se j\u00ed sna\u017eil pom\u00e1hat ze v\u0161ech sil, jedna jej\u00ed dcera bydl\u00ed ve stejn\u00e9m dom\u011b jako Vanda, a tak jsme j\u00ed s vnou\u010daty pom\u00e1hali. Vanda to ale v\u017edycky vydr\u017eela jen chvilku, potom odch\u00e1zela na balkon a hl\u00edd\u00e1n\u00ed bylo na mn\u011b. N\u011bkolikr\u00e1t \u0159ekla, \u017ee by rad\u011bji nebyla,&#8220; sly\u0161el Krej\u010d\u00ed s Herv\u00edkov\u00fdch \u00fast.<br \/>\nKriminalist\u00e9 p\u0159i ohled\u00e1n\u00ed bytu zajistili n\u011bkolik krabi\u010dek od r\u016fzn\u00fdch l\u00e9k\u016f, p\u0159ev\u00e1\u017en\u011b antidepresiv.<\/p>\n<p>\u017dena promluvila<\/p>\n<p>\u0160\u00e9f vy\u0161et\u0159ovac\u00edho t\u00fdmu netrp\u011bliv\u011b \u010dekal na souhlas l\u00e9ka\u0159\u016f, aby mohl vyslechnout Krobleckou. Stalo se tak a\u017e po n\u011bkolika dnech. V \u00favodu sv\u00e9 v\u00fdpov\u011bdi \u017eena popsala, jak se sezn\u00e1mila s Herv\u00edkem. &#8222;P\u0159esv\u011bd\u010doval m\u011b, \u017ee mi pom\u016f\u017ee moje obt\u00ed\u017ee p\u0159ekonat. Nem\u011bl v t\u00e9 dob\u011b kde bydlet, nem\u011bl ani \u017e\u00e1dn\u00e9 zam\u011bstn\u00e1n\u00ed. Byl propu\u0161t\u011bn z kliniky dva t\u00fddny p\u0159ede mnou a j\u00e1 jsem svolila, aby bydlel u m\u011b. Po propu\u0161t\u011bn\u00ed jsem nastoupila do zam\u011bstn\u00e1n\u00ed, ale nezvl\u00e1dala jsem to. Neust\u00e1le jsem trp\u011bla \u00fazkostmi a za\u010dala jsem uva\u017eovat o sebevra\u017ed\u011b. Nem\u011bla jsem ale dost odvahy, a tak jsem Zde\u0148ka po\u017e\u00e1dala o pomoc. Sl\u00edbil mi, \u017ee se\u017eene pr\u00e1\u0161ky, po kter\u00fdch \u010dlov\u011bk usne a u\u017e se neprobud\u00ed,&#8220; uvedla Krobleck\u00e1 do protokolu. A dodala, \u017ee po n\u00ed cht\u011bl dva tis\u00edce korun s t\u00edm, \u017ee za l\u00e9ky mus\u00ed zaplatit, a tak\u00e9 je od n\u00ed dostal.<br \/>\nPot\u00e9 se Krobleck\u00e1 dostala ve sv\u00e9 v\u00fdpov\u011bdi k velmi zaj\u00edmav\u00e9 pas\u00e1\u017ei. &#8222;Kdy\u017e jsem se rozhodla pro dobrovoln\u00fd odchod ze \u017eivota, za\u010dal m\u011b p\u0159esv\u011bd\u010dovat, \u017ee mus\u00edme ud\u011blat r\u016fzn\u00e1 opat\u0159en\u00ed, aby moje d\u011bti dostaly po mn\u011b n\u011bjak\u00e9 pen\u00edze. \u0158ekl mi, \u017ee mus\u00edm zru\u0161it d\u016fchodov\u00e9 poji\u0161t\u011bn\u00ed, proto\u017ee z toho by d\u011bti nic nedostaly, a mus\u00edm uzav\u0159\u00edt nov\u00e9 poji\u0161t\u011bn\u00ed. Proto\u017ee jsem nebyla schopna samostatn\u00e9ho rozhodov\u00e1n\u00ed, \u0159ekl, \u017ee v\u0161e za\u0159\u00edd\u00ed, \u017ee m\u00e1 zn\u00e1m\u00e9. Tak jsem mu v\u0161e pot\u0159ebn\u00e9 podepsala. Pak mn\u011b p\u0159inesl ty pr\u00e1\u0161ky a hodil je na st\u016fl. Vzala jsem si jich v\u0161ech pades\u00e1t, rozm\u00edchala ve sklenici vody a vypila. \u0160la jsem si lehnout a \u010dekala jsem, a\u017e usnu. Jenom\u017ee mn\u011b to v\u016fbec ne\u0161lo a ud\u011blalo se mi stra\u0161n\u011b \u0161patn\u011b. Bylo to st\u00e1le hor\u0161\u00ed a hor\u0161\u00ed, a tak jsem \u017e\u00e1dala Zde\u0148ka, aby zavolal z\u00e1chranku, co\u017e u\u010dinil. Odvezli m\u011b do nemocnice, kde mi vypumpovali \u017ealudek a po n\u011bkolika dnech m\u011b p\u0159evezli na psychiatrickou kliniku O pr\u00e1\u0161c\u00edch od Zde\u0148ka jsem nic ne\u0159ekla, sl\u00edbila jsem mu to,&#8220; dodala Krobleck\u00e1.<\/p>\n<p>Na pen\u00edze \u010dekala marn\u011b<\/p>\n<p>B\u011bhem pobytu v psychiatrick\u00e9 l\u00e9\u010debn\u011b \u010dekala na ozn\u00e1men\u00ed, \u017ee pen\u00edze ze zru\u0161en\u00e9ho penzijn\u00edho poji\u0161t\u011bn\u00ed budou p\u0159evedeny na jej\u00ed \u00fa\u010det. &#8222;Za\u010dala jsem tak\u00e9 p\u0159em\u00fd\u0161let o tom,kdy mi za\u010dne Zden\u011bk spl\u00e1cet dluh, kter\u00fd u m\u011b m\u011bl. On se ale o tom necht\u011bl v\u016fbec bavit. Za\u010dal mi vy\u0159izovat \u017e\u00e1dost o <span class=\"highlight\">invalidn\u00ed<\/span> d\u016fchod. M\u011bl tak k dispozici m\u016fj rodn\u00fd list, ob\u010dansk\u00fd pr\u016fkaz a rodn\u00e9 listy d\u011bt\u00ed. Cht\u011bla jsem po n\u011bm doklady o finan\u010dn\u00ed transakci, ale neuk\u00e1zal mi je. Pen\u00edze, celkem 70 tis\u00edc, se ale neobjevily ani na m\u00e9m \u00fa\u010dtu. Kdy\u017e jsem ude\u0159ila na Zde\u0148ka, \u0159ekl mi, \u017ee pen\u00edze p\u0159ejdou na nov\u00fd \u00fa\u010det. Nic takov\u00e9ho se ale nestalo. Byl to od Zde\u0148ka podraz,&#8220; dodala Krobleck\u00e1. Nakonec po propu\u0161t\u011bn\u00ed z l\u00e9\u010den\u00ed podala na Herv\u00edka trestn\u00ed ozn\u00e1men\u00ed.<\/p>\n<p>Vyu\u017eil situace<\/p>\n<p>B\u011bhem dal\u0161\u00edho vy\u0161et\u0159ov\u00e1n\u00ed se uk\u00e1zalo, \u017ee pen\u00edze ze zru\u0161en\u00e9ho penzijn\u00edho p\u0159ipoji\u0161t\u011bn\u00ed Krobleck\u00e9 skon\u010dily na \u00fa\u010dtu Herv\u00edkova synovce. zakr\u00e1tko byl Herv\u00edk zadr\u017een a p\u0159edveden k v\u00fdslechu.<br \/>\n&#8222;C\u00edtila se st\u00e1le ohro\u017een\u00e1, tak jsem j\u00ed nab\u00eddl pomoc. V den, kdy cht\u011bla ukon\u010dit \u017eivot, jsem si nechal u l\u00e9ka\u0159e p\u0159edepsat \u010dty\u0159i balen\u00ed l\u00e9ku na deprese. O pen\u011bz\u00edch se nechci vyjad\u0159ovat,&#8220; uvedl Herv\u00edk.<br \/>\nVyslechnut byl i jeho synovec. &#8222;Str\u00fdc m\u011b po\u017e\u00e1dal, zda bych nep\u0159ijal n\u011bjakou finan\u010dn\u00ed hotovost na sv\u016fj \u00fa\u010det. Souhlasil jsem a pen\u00edze se skute\u010dn\u011b objevily na m\u00e9m \u00fa\u010dtu. \u0160lo o sedmdes\u00e1t tis\u00edc korun. \u0160edes\u00e1t tis\u00edc jsem vybral a p\u0159edal Herv\u00edkovi, deset jsem si nechal, proto\u017ee mi je dlu\u017eil,&#8220; uvedl Mojm\u00edr Kruhalka.<br \/>\nZnalci psychiat\u0159i a psychologov\u00e9 ve sv\u00e9m posudku uvedli, \u017ee pan\u00ed Krobleck\u00e1 je posti\u017eena du\u0161evn\u00ed poruchou, vypl\u00fdvaj\u00edc\u00ed z t\u011b\u017ek\u00e9 kombinovan\u00e9 poruchy osobnosti sm\u00ed\u0161en\u00e9 s depresivn\u00ed poruchou. &#8222;Tato porucha m\u011bla p\u0159\u00edm\u00fd vliv na jej\u00ed vlastn\u00ed rozhodnut\u00ed sp\u00e1chat sebevra\u017edu. Jej\u00ed ovlivnitelnost druhou osobou je zna\u010dn\u00e1,&#8220; zazn\u011blo v posudku.<br \/>\nZden\u011bk Herv\u00edk byl obvin\u011bn ze zvl\u00e1\u0161\u0165 z\u00e1va\u017en\u00e9ho zlo\u010dinu \u00fa\u010dasti na sebevra\u017ed\u011b a z p\u0159e\u010dinu podvodu. Krajsk\u00fd soud jej poslal na \u0161est let do v\u011bzen\u00ed. Odvolal se k Vrchn\u00edmu soudu v Praze, kter\u00fd mu trest o dva roky sn\u00ed\u017eil.<\/p>\n<p>Plze\u0148sk\u00fd den\u00edk<\/p>\n","protected":false},"excerpt":{"rendered":"<div class=\"mh-excerpt\"><p>Ten \u010dervnov\u00fd den kolem p\u016fl dev\u00e1t\u00e9 ve\u010der ozn\u00e1mil dvaapades\u00e1tilet\u00fd Zden\u011bk Herv\u00edk dispe\u010derce z\u00e1chrann\u00e9 slu\u017eby v krajsk\u00e9m m\u011bst\u011b, \u017ee se jeho dru\u017ece ud\u011blalo nevolno a m\u00e1 <a class=\"mh-excerpt-more\" href=\"https:\/\/www.invarena.cz\/?p=17945\" title=\"\u017dena cht\u011bla zem\u0159\u00edt, tak j\u00ed pomohl\">[&#8230;]<\/a><\/p>\n<\/div>","protected":false},"author":1,"featured_media":0,"comment_status":"open","ping_status":"closed","sticky":false,"template":"","format":"standard","meta":{"footnotes":""},"categories":[9],"tags":[],"class_list":["post-17945","post","type-post","status-publish","format-standard","hentry","category-zpravy"],"_links":{"self":[{"href":"https:\/\/www.invarena.cz\/index.php?rest_route=\/wp\/v2\/posts\/17945","targetHints":{"allow":["GET"]}}],"collection":[{"href":"https:\/\/www.invarena.cz\/index.php?rest_route=\/wp\/v2\/posts"}],"about":[{"href":"https:\/\/www.invarena.cz\/index.php?rest_route=\/wp\/v2\/types\/post"}],"author":[{"embeddable":true,"href":"https:\/\/www.invarena.cz\/index.php?rest_route=\/wp\/v2\/users\/1"}],"replies":[{"embeddable":true,"href":"https:\/\/www.invarena.cz\/index.php?rest_route=%2Fwp%2Fv2%2Fcomments&post=17945"}],"version-history":[{"count":0,"href":"https:\/\/www.invarena.cz\/index.php?rest_route=\/wp\/v2\/posts\/17945\/revisions"}],"wp:attachment":[{"href":"https:\/\/www.invarena.cz\/index.php?rest_route=%2Fwp%2Fv2%2Fmedia&parent=17945"}],"wp:term":[{"taxonomy":"category","embeddable":true,"href":"https:\/\/www.invarena.cz\/index.php?rest_route=%2Fwp%2Fv2%2Fcategories&post=17945"},{"taxonomy":"post_tag","embeddable":true,"href":"https:\/\/www.invarena.cz\/index.php?rest_route=%2Fwp%2Fv2%2Ftags&post=17945"}],"curies":[{"name":"wp","href":"https:\/\/api.w.org\/{rel}","templated":true}]}}