{"id":17950,"date":"2014-10-18T04:38:27","date_gmt":"2014-10-18T02:38:27","guid":{"rendered":"http:\/\/www.invarena.cz\/?p=17950"},"modified":"2014-10-18T14:38:39","modified_gmt":"2014-10-18T12:38:39","slug":"slezskou-metropoli-ceka-prestizni-sportovni-vikend","status":"publish","type":"post","link":"https:\/\/www.invarena.cz\/?p=17950","title":{"rendered":"Slezskou metropoli \u010dek\u00e1 presti\u017en\u00ed sportovn\u00ed v\u00edkend"},"content":{"rendered":"<p><strong>V r\u00e1mci tradi\u010dn\u00ed sportovn\u00ed akce, kter\u00e1 nese n\u00e1zev Grand Prix PEPA, bude prob\u00edhat i oslava p\u016flstolet\u00ed \u010desk\u00e9 kulturistiky.\u00a0Mimo jin\u00e9 se p\u0159edstav\u00ed i z\u00e1vodn\u00edk Dan Minster, kter\u00fd je na voz\u00edku (ilustra\u010dn\u00ed foto).<\/strong> <!--more--><\/p>\n<p>Pokud pat\u0159\u00edte k fanou\u0161k\u016fm \u0161pi\u010dkov\u00e9 kulturistiky a fitness, potom pro v\u00e1s m\u00e1 na\u0161e redakce jeden z\u00e1sadn\u00ed tip. B\u011bhem soboty 25. \u0159\u00edjna se toti\u017e uskute\u010dn\u00ed v po\u0159ad\u00ed u\u017e \u0161estat\u0159ic\u00e1t\u00fd ro\u010dn\u00edk presti\u017en\u00ed sout\u011b\u017ee Grand Prix PEPA. Letos v jeho r\u00e1mci prob\u011bhne tak\u00e9 oslava pades\u00e1t\u00e9ho v\u00fdro\u010d\u00ed \u010desk\u00e9 kulturistiky. Nechyb\u00ed ani pestr\u00fd a tak\u00e9 dost netradi\u010dn\u00ed doprovodn\u00fd program. Organiz\u00e1to\u0159i pro z\u00e1vodn\u00edky p\u0159ipravili b\u011b\u017eeck\u00fd z\u00e1vod Opavou o d\u00e9lce deseti kilometr\u016f. Na nejsiln\u011bj\u0161\u00ed borce \u010dekaj\u00ed utk\u00e1n\u00ed v p\u00e1ce.<\/p>\n<p>Mimo jin\u00e9 se p\u0159edstav\u00ed z\u00e1vodn\u00edk Dan Minster, jemu\u017e osud p\u0159\u00edli\u0161 nep\u0159\u00e1l. Po dopravn\u00ed nehod\u011b byl upout\u00e1n na <span class=\"highlight\">invalidn\u00ed<\/span> voz\u00edk. Ani to v\u0161ak pro n\u011bj nebylo p\u0159ek\u00e1\u017ekou a v sou\u010dasnosti se m\u016f\u017ee z\u00fa\u010dastnit podobn\u00fdch sout\u011b\u017e\u00ed. Do\u010dkaj\u00ed se i n\u00e1ro\u010dn\u00ed, proto\u017ee v pl\u00e1nu je tak\u00e9 p\u0159ekvapen\u00ed, kter\u00e9 obstar\u00e1 vystoupen\u00ed \u0161pi\u010dkov\u00e9ho z\u00e1vodn\u00edka.<\/p>\n<p>Grand Prix PEPA pat\u0159\u00ed mezi nejv\u00fdznamn\u011bj\u0161\u00ed sportovn\u011bspole\u010densk\u00e9 akce nejen v \u010cesk\u00e9 republice. &#8222;Trouf\u00e1m si \u0159\u00edct, \u017ee posledn\u00ed roky pat\u0159\u00edme mezi nejd\u016fle\u017eit\u011bj\u0161\u00ed akce sv\u00e9ho druhu v Evrop\u011b. PEPA m\u00e1 oproti jin\u00fdm z\u00e1vod\u016fm jedine\u010dnou atmosf\u00e9ru umocn\u011bnou prost\u0159ed\u00edm Slezsk\u00e9ho divadla. Nav\u00edc se zde potk\u00e1vaj\u00ed \u0161pi\u010dkov\u00ed z\u00e1vodn\u00edci nejen z Evropy, ale t\u0159eba i africk\u00fdch \u010di asijsk\u00fdch zem\u00ed,&#8220; \u0159ekl po\u0159adatel sout\u011b\u017ee Stanislav Pe\u0161\u00e1t.<br \/>\nTradi\u010dn\u00ed z\u00e1vody v kulturistice a fitness letos ozvl\u00e1\u0161tn\u00ed i p\u0159\u00edtomnost \u0159ady b\u00fdval\u00fdch mistr\u016f Evropy \u010di sv\u011bta. &#8222;\u010cesk\u00e1 kulturistika slav\u00ed pades\u00e1t let. Rozhodli jsme se proto, \u017ee v r\u00e1mci Pepy ocen\u00edme n\u011bkolik v\u00fdznamn\u00fdch osobnost\u00ed historie. Pozvali jsme v\u00edt\u011bze evropsk\u00fdch a sv\u011btov\u00fdch sout\u011b\u017e\u00ed, kter\u00fdm na p\u00f3diu p\u0159ed\u00e1me v\u00fdro\u010dn\u00ed poh\u00e1r,&#8220; vysv\u011btlil Pe\u0161\u00e1t, kter\u00fd \u0159adu let vedl \u010cesk\u00fd svaz kulturistiky a jako rozhod\u010d\u00ed a deleg\u00e1t nav\u0161t\u00edvil i nejpresti\u017en\u011bj\u0161\u00ed sv\u011btov\u00e9 z\u00e1vody.<br \/>\nGrand Prix PEPA je\u0161t\u011b p\u0159ed revoluc\u00ed pat\u0159il mezi sout\u011b\u017ee, kter\u00fdch se v tehdej\u0161\u00edm \u010ceskoslovensku konalo hned n\u011bkolik. Jen\u017ee postupem doby rostla \u00farove\u0148, do Opavy za\u010dali jezdit \u0161pi\u010dkov\u00ed sv\u011btov\u00ed z\u00e1vodn\u00edci a dnes tato sout\u011b\u017e pat\u0159\u00ed k nejpresti\u017en\u011bj\u0161\u00edm v Evrop\u011b.&#8220;Jsem moc r\u00e1d za skv\u011bl\u00e9 reakce lid\u00ed, se kter\u00fdmi se setk\u00e1v\u00e1m rok co rok. Ti \u0159\u00edkaj\u00ed, \u017ee z\u00e1vod podobn\u00fd tomu opavsk\u00e9mu jinde neza\u017eili. Na p\u00f3diu se za ty roky p\u0159edvedla cel\u00e1 \u0159ada \u0161pi\u010dkov\u00fdch z\u00e1vodn\u00edk\u016f nejen evropsk\u00fdch, ale i sv\u011btov\u00fdch. A jsem moc r\u00e1d, \u017ee se \u0159ada z nich nau\u010dila do Opavy jezdit a podzim bez Pepy si u\u017e nedok\u00e1\u017e\u00ed p\u0159edstavit,&#8220; uvedl Pe\u0161\u00e1t.<br \/>\nJeho slova potvrzuje i startovn\u00ed listina leto\u0161n\u00edho z\u00e1vodu. &#8222;P\u0159ihl\u00e1\u0161ky je\u0161t\u011b nejsou uzav\u0159eny, ale o\u010dek\u00e1v\u00e1me okolo 150 z\u00e1vodn\u00edk\u016f. Siln\u00e9 zastoupen\u00ed budou m\u00edt Pobaltsk\u00e9 zem\u011b \u010di Polsko, kter\u00e9 dnes pat\u0159\u00ed k evropsk\u00e9 \u0161pi\u010dce. Z\u00e1vodn\u00edci p\u0159ijedou z cel\u00e9 \u0159ady zem\u00ed Evropy, z Belgie, Rakouska, Bulharska, Chorvatska, Portugalska, Ukrajiny, hl\u00e1s\u00ed se n\u00e1m i n\u011bkolik Afri\u010dan\u016f. Chyb\u011bt nebude ani to nejlep\u0161\u00ed, co dnes m\u00e1me v \u010cesk\u00e9 republice. Podobn\u00e9 slo\u017een\u00ed jako v Opav\u011b m\u016f\u017eete vid\u011bt u\u017e jen na mistrovstv\u00ed Evropy,&#8220; vyjmenoval Pe\u0161\u00e1t s t\u00edm, \u017ee krom\u011b z\u00e1vodn\u00edk\u016f doraz\u00ed do Opavy nejm\u00e9n\u011b i stovka tren\u00e9r\u016f, rozhod\u010d\u00edch, mana\u017eer\u016f \u010di \u010dinovn\u00edk\u016f. Opavsk\u00e1 akce je zn\u00e1m\u00e1 i sv\u00fdm doprovodn\u00fdm \u010di spole\u010densk\u00fdm programem. &#8222;Z\u00e1vodn\u00edci absolvuj\u00ed ob\u011bd s prim\u00e1torem. Stala se z toho velmi hezk\u00e1 tradice,&#8220; \u0159ekl organiz\u00e1tor. Zlat\u00fdm h\u0159ebem je pak spole\u010densk\u00fd ve\u010der, na kter\u00e9m se osobnosti mohou setk\u00e1vat.<br \/>\nBohat\u00fd bude i doprovodn\u00fd program. \u010c\u00e1st se odehraje v obchodn\u00edm centru Breda&amp;Weinstein. A\u0165 u\u017e to budou od 13 hodin z\u00e1vody v armwrestlingu, p\u0159edstaven\u00ed t\u011bch nejsiln\u011bj\u0161\u00edch borc\u016f strongman\u016f nebo b\u011bh na 10 km, kter\u00fd bude v 11 hodin startovat pr\u00e1v\u011b p\u0159ed t\u00edmto centrem. V\u00edt\u011bzov\u00e9 t\u011bchto z\u00e1vod\u016f se pak utkaj\u00ed ve velk\u00e9m fin\u00e1le, kter\u00e9 bude sou\u010d\u00e1st\u00ed slavnostn\u00edho ve\u010dera ve Slezsk\u00e9m divadle. &#8222;Grand Prix PEPA nen\u00ed jen o fitness \u010di kulturistice, ale i o sportu a zdrav\u00e9m \u017eivotn\u00edm stylu. Chceme proto do n\u011bj vt\u00e1hnout co nejv\u00edce lid\u00ed,&#8220; dodal Stanislav Pe\u0161\u00e1t.<br \/>\nGrand Prix PEPA 2014 se uskute\u010dn\u00ed v sobotu 25. \u0159\u00edjna. Podrobn\u00fd program si m\u016f\u017eete p\u0159e\u010d\u00edst na webov\u00fdch str\u00e1nk\u00e1ch po\u0159adatele www.pepasport. cz nebo na Facebooku. Z\u00e1znam ze Slezsk\u00e9ho divadla bude vys\u00edlat \u010cT4 Sport, kter\u00e1 pl\u00e1nuje hned n\u011bkolik repr\u00edz. O fin\u00e1lov\u00fd ve\u010der je velk\u00fd z\u00e1jem, v\u011bt\u0161ina vstupenek je u\u017e prod\u00e1na.<\/p>\n","protected":false},"excerpt":{"rendered":"<div class=\"mh-excerpt\"><p>V r\u00e1mci tradi\u010dn\u00ed sportovn\u00ed akce, kter\u00e1 nese n\u00e1zev Grand Prix PEPA, bude prob\u00edhat i oslava p\u016flstolet\u00ed \u010desk\u00e9 kulturistiky.\u00a0Mimo jin\u00e9 se p\u0159edstav\u00ed i z\u00e1vodn\u00edk Dan Minster, <a class=\"mh-excerpt-more\" href=\"https:\/\/www.invarena.cz\/?p=17950\" title=\"Slezskou metropoli \u010dek\u00e1 presti\u017en\u00ed sportovn\u00ed v\u00edkend\">[&#8230;]<\/a><\/p>\n<\/div>","protected":false},"author":1,"featured_media":16686,"comment_status":"open","ping_status":"closed","sticky":false,"template":"","format":"standard","meta":{"footnotes":""},"categories":[7],"tags":[],"class_list":["post-17950","post","type-post","status-publish","format-standard","has-post-thumbnail","hentry","category-spolecnost"],"_links":{"self":[{"href":"https:\/\/www.invarena.cz\/index.php?rest_route=\/wp\/v2\/posts\/17950","targetHints":{"allow":["GET"]}}],"collection":[{"href":"https:\/\/www.invarena.cz\/index.php?rest_route=\/wp\/v2\/posts"}],"about":[{"href":"https:\/\/www.invarena.cz\/index.php?rest_route=\/wp\/v2\/types\/post"}],"author":[{"embeddable":true,"href":"https:\/\/www.invarena.cz\/index.php?rest_route=\/wp\/v2\/users\/1"}],"replies":[{"embeddable":true,"href":"https:\/\/www.invarena.cz\/index.php?rest_route=%2Fwp%2Fv2%2Fcomments&post=17950"}],"version-history":[{"count":0,"href":"https:\/\/www.invarena.cz\/index.php?rest_route=\/wp\/v2\/posts\/17950\/revisions"}],"wp:featuredmedia":[{"embeddable":true,"href":"https:\/\/www.invarena.cz\/index.php?rest_route=\/wp\/v2\/media\/16686"}],"wp:attachment":[{"href":"https:\/\/www.invarena.cz\/index.php?rest_route=%2Fwp%2Fv2%2Fmedia&parent=17950"}],"wp:term":[{"taxonomy":"category","embeddable":true,"href":"https:\/\/www.invarena.cz\/index.php?rest_route=%2Fwp%2Fv2%2Fcategories&post=17950"},{"taxonomy":"post_tag","embeddable":true,"href":"https:\/\/www.invarena.cz\/index.php?rest_route=%2Fwp%2Fv2%2Ftags&post=17950"}],"curies":[{"name":"wp","href":"https:\/\/api.w.org\/{rel}","templated":true}]}}