{"id":17957,"date":"2014-10-20T10:29:31","date_gmt":"2014-10-20T08:29:31","guid":{"rendered":"http:\/\/www.invarena.cz\/?p=17957"},"modified":"2014-10-27T11:12:47","modified_gmt":"2014-10-27T10:12:47","slug":"domov-pistina-pro-postizene-se-presune-za-70-milionu","status":"publish","type":"post","link":"https:\/\/www.invarena.cz\/?p=17957","title":{"rendered":"Domov P\u00edstina pro posti\u017een\u00e9 se p\u0159esune za 70 milion\u016f"},"content":{"rendered":"<p><strong>Domov P\u00edstina (foto) u Str\u00e1\u017ee nad Ne\u017e\u00e1rkou na Jind\u0159ichohradecku, kter\u00fd poskytuje pobytovou soci\u00e1ln\u00ed slu\u017ebu 58 \u017een\u00e1m s ment\u00e1ln\u00edm posti\u017een\u00edm, se v p\u0159\u00ed\u0161t\u00edm roce p\u0159esune do n\u011bkolika men\u0161\u00edch objekt\u016f.<\/strong><!--more--><\/p>\n<p>P\u016fjde o jednopatrov\u00e9 a dvoupatrov\u00e9 domy, v nich\u017e budou klientky za\u0159\u00edzen\u00ed pob\u00fdvat v \u0161esti\u010dlenn\u00fdch komunit\u00e1ch. Ka\u017ed\u00e9 skupin\u011b budou nad\u00e1le pom\u00e1hat asistenti. N\u00e1klady na vybudov\u00e1n\u00ed nov\u00fdch objekt\u016f \u010din\u00ed t\u00e9m\u011b\u0159 70 milion\u016f korun, \u0159ekla Alena Pudilov\u00e1.<\/p>\n<p>Domov P\u00edstina neslou\u017e\u00ed jen pro lidi s ment\u00e1ln\u00ed poruchou, mohou je vyu\u017e\u00edvat i lid\u00e9 s kombinovan\u00fdm posti\u017een\u00edm. V sou\u010dasnosti jsou v P\u00edstin\u011b sam\u00e9 \u017eeny.<\/p>\n<p>Nov\u00e9 objekty, do nich\u017e se cel\u00fd domov p\u0159esune, vyrostou v bl\u00edzk\u00fdch destinac\u00edch &#8211; Jind\u0159ichov\u011b Hradci, T\u0159eboni Lomnici nad Lu\u017enic\u00ed nebo v Li\u0161ov\u011b.<\/p>\n<p>V Domov\u011b P\u00edstina \u017eij\u00ed dosp\u011bl\u00ed lid\u00e9 v\u010detn\u011b lid\u00ed d\u016fchodov\u00e9ho v\u011bku, kte\u0159\u00ed byli na \u00fastavn\u00ed re\u017eim zvykl\u00ed i des\u00edtky let. Soci\u00e1ln\u00ed pracovn\u00edci proto o\u010dek\u00e1vaj\u00ed, \u017ee zm\u011bna pro n\u011b nemus\u00ed b\u00fdt pr\u00e1v\u011b jednoduch\u00e1. A to pr\u00fd p\u0159edev\u0161\u00edm proto, \u017ee se u nich u\u017e v mnoha p\u0159\u00edpadech vytvo\u0159il siln\u00fd vztah k um\u011bl\u00fdm pravidl\u016fm \u017eivota v instituci.<\/p>\n<p>&#8222;Postupn\u00e9 p\u0159\u00edprav\u011b klient\u016f se v\u011bnujeme ji\u017e n\u011bkolik let, z toho posledn\u00ed rok pom\u011brn\u011b intenzivn\u011b. Sna\u017e\u00edme se, aby si u\u017e nyn\u00ed mohli na vlastn\u00ed k\u016f\u017ei vyzkou\u0161et alespo\u0148 n\u011bkter\u00e9 b\u011b\u017en\u00e9 \u010dinnosti, kter\u00e9 d\u0159\u00edve d\u011blali zam\u011bstnanci za n\u011b. T\u0159eba si vyprat a vy\u017eehlit pr\u00e1dlo, uva\u0159it si jednoduch\u00e9 j\u00eddlo, vyzvednout si l\u00e9ky v l\u00e9k\u00e1rn\u011b, vy\u0159\u00eddit si z\u00e1kladn\u00ed v\u011bci na \u00fa\u0159adech,&#8220; uvedl vedouc\u00ed soci\u00e1ln\u00edho \u00faseku v P\u00edstin\u011b Martin Holub.<\/p>\n<p>Za\u0159\u00edzen\u00ed Centra soci\u00e1ln\u00edch slu\u017eeb Jind\u0159ich\u016fv Hradec z\u0159izuje Jiho\u010desk\u00fd kraj. Ten tak\u00e9 rozhodne, jak bude objekt v P\u00edstin\u011b v budoucnosti vyu\u017e\u00edv\u00e1n.<\/p>\n","protected":false},"excerpt":{"rendered":"<div class=\"mh-excerpt\"><p>Domov P\u00edstina (foto) u Str\u00e1\u017ee nad Ne\u017e\u00e1rkou na Jind\u0159ichohradecku, kter\u00fd poskytuje pobytovou soci\u00e1ln\u00ed slu\u017ebu 58 \u017een\u00e1m s ment\u00e1ln\u00edm posti\u017een\u00edm, se v p\u0159\u00ed\u0161t\u00edm roce p\u0159esune do <a class=\"mh-excerpt-more\" href=\"https:\/\/www.invarena.cz\/?p=17957\" title=\"Domov P\u00edstina pro posti\u017een\u00e9 se p\u0159esune za 70 milion\u016f\">[&#8230;]<\/a><\/p>\n<\/div>","protected":false},"author":1,"featured_media":17958,"comment_status":"open","ping_status":"closed","sticky":false,"template":"","format":"standard","meta":{"footnotes":""},"categories":[7],"tags":[],"class_list":["post-17957","post","type-post","status-publish","format-standard","has-post-thumbnail","hentry","category-spolecnost"],"_links":{"self":[{"href":"https:\/\/www.invarena.cz\/index.php?rest_route=\/wp\/v2\/posts\/17957","targetHints":{"allow":["GET"]}}],"collection":[{"href":"https:\/\/www.invarena.cz\/index.php?rest_route=\/wp\/v2\/posts"}],"about":[{"href":"https:\/\/www.invarena.cz\/index.php?rest_route=\/wp\/v2\/types\/post"}],"author":[{"embeddable":true,"href":"https:\/\/www.invarena.cz\/index.php?rest_route=\/wp\/v2\/users\/1"}],"replies":[{"embeddable":true,"href":"https:\/\/www.invarena.cz\/index.php?rest_route=%2Fwp%2Fv2%2Fcomments&post=17957"}],"version-history":[{"count":0,"href":"https:\/\/www.invarena.cz\/index.php?rest_route=\/wp\/v2\/posts\/17957\/revisions"}],"wp:featuredmedia":[{"embeddable":true,"href":"https:\/\/www.invarena.cz\/index.php?rest_route=\/wp\/v2\/media\/17958"}],"wp:attachment":[{"href":"https:\/\/www.invarena.cz\/index.php?rest_route=%2Fwp%2Fv2%2Fmedia&parent=17957"}],"wp:term":[{"taxonomy":"category","embeddable":true,"href":"https:\/\/www.invarena.cz\/index.php?rest_route=%2Fwp%2Fv2%2Fcategories&post=17957"},{"taxonomy":"post_tag","embeddable":true,"href":"https:\/\/www.invarena.cz\/index.php?rest_route=%2Fwp%2Fv2%2Ftags&post=17957"}],"curies":[{"name":"wp","href":"https:\/\/api.w.org\/{rel}","templated":true}]}}