{"id":1799,"date":"2013-03-05T14:43:59","date_gmt":"2013-03-05T13:43:59","guid":{"rendered":"http:\/\/www.invarena.cz\/?p=1799"},"modified":"2013-03-07T11:21:26","modified_gmt":"2013-03-07T10:21:26","slug":"mpsv-pry-zneuzilo-miliardu-z-fondu-eu","status":"publish","type":"post","link":"https:\/\/www.invarena.cz\/?p=1799","title":{"rendered":"MPSV pr\u00fd zneu\u017eilo miliardu z fond\u016f EU"},"content":{"rendered":"<p>Lidovci dnes podali trestn\u00ed ozn\u00e1men\u00ed kv\u016fli syst\u00e9mu na vypl\u00e1cen\u00ed soci\u00e1ln\u00edch d\u00e1vek. Domn\u00edvaj\u00ed se, \u017ee na jeho financov\u00e1n\u00ed ministerstvo pr\u00e1ce zneu\u017eilo skoro miliardu korun z evropsk\u00fdch dotac\u00ed. Novin\u00e1\u0159\u016fm to \u0159ekl m\u00edstop\u0159edseda KDU-\u010cSL Jan Barto\u0161ek (foto).<!--more--><\/p>\n<p>&#8222;Mysl\u00edme si, \u017ee do\u0161lo ke zneu\u017eit\u00ed evropsk\u00fdch fond\u016f, evropsk\u00fdch pen\u011bz. Rozhodli jsme se k pod\u00e1n\u00ed trestn\u00edho ozn\u00e1men\u00ed na nezn\u00e1m\u00e9ho pachatele,&#8220; uvedl Barto\u0161ek. Ozn\u00e1men\u00ed se t\u00fdk\u00e1 trestn\u00fdch \u010din\u016f podvodu, zneu\u017eit\u00ed pravomoci \u00fa\u0159edn\u00ed osoby \u010di po\u0161kozen\u00ed z\u00e1jm\u016f Evropsk\u00e9 unie. <\/p>\n<p>Podle Barto\u0161ka si resort pr\u00e1ce pod veden\u00edm b\u00fdval\u00e9ho ministra Jarom\u00edra Dr\u00e1bka (TOP 09) s\u00e1m vyhl\u00e1sil v\u00fdzvu k pod\u00e1v\u00e1n\u00ed projekt\u016f a \u017e\u00e1dost\u00ed o evropsk\u00e9 pen\u00edze, napsal si projekt, schv\u00e1lil si ho a bude si i vypl\u00e1cet pen\u00edze. <\/p>\n<p>&#8222;S\u00e1m si napl\u00e1novat, jak\u00e9 mno\u017estv\u00ed pen\u011bz za co utrat\u00edm, to mi p\u0159ipad\u00e1 jako geni\u00e1ln\u00ed mafi\u00e1nsk\u00fd n\u00e1pad,&#8220; \u0159ekl lidoveck\u00fd m\u00edstop\u0159edseda.<\/p>\n<p>Ministerstvo dodavatele nevyb\u00edralo dodavatele nov\u00e9ho syst\u00e9mu k vypl\u00e1cen\u00ed d\u00e1vek v tendru, ale p\u0159ipojilo se jen k r\u00e1mcov\u00e9 smlouv\u011b ministerstva vnitra se spole\u010dnost\u00ed Fujitsu Technology Solutions. Podle antimonopoln\u00edho \u00fa\u0159adu ob\u011b ministerstva poru\u0161ila z\u00e1kon o ve\u0159ejn\u00fdch zak\u00e1zk\u00e1ch, ulo\u017eil ka\u017ed\u00e9mu p\u016flmilionovou pokutu. Zak\u00e1zal i pou\u017e\u00edv\u00e1n\u00ed t\u011bchto program\u016f se lh\u016ftou do p\u011bti m\u011bs\u00edc\u016f pot\u00e9, co rozhodnut\u00ed \u00daOHS za\u010dalo b\u00fdt pravomocn\u00e9.<\/p>\n<p>Lidovci m\u00edn\u00ed, \u017ee na syst\u00e9m vypl\u00e1cen\u00ed d\u00e1vek je schv\u00e1lena dotace t\u00e9m\u011b\u0159 972,6 miliardy korun s DPH z opera\u010dn\u00edho programu Lidsk\u00e9 zdroje a zam\u011bstnanost a ze st\u00e1tn\u00edho rozpo\u010dtu. Pen\u00edze se \u010derpaj\u00ed na projekt CEDAIN &#8211; k zaji\u0161t\u011bn\u00ed pilotn\u00edho provozu syst\u00e9mu a k za\u0161kolen\u00ed \u00fa\u0159edn\u00edk\u016f.<\/p>\n<p>Podle strany \u010din\u00ed \u0161koda z &#8222;chybn\u011b uzav\u0159en\u00e9 r\u00e1mcov\u00e9 smlouvy na poskytov\u00e1n\u00ed licenc\u00ed&#8220; s Fujitsu Technology Solutions p\u0159es 964 milion\u016f korun s DPH. Dal\u0161\u00edch 617.100 korun je na &#8222;chybn\u011b zadan\u00e9 v\u00fdb\u011brov\u00e9 \u0159\u00edzen\u00ed&#8220; k zaji\u0161t\u011bn\u00ed publicity Evropsk\u00e9ho soci\u00e1ln\u00edho fondu, kter\u00e9 pr\u00fd bylo hromadn\u00e9 na n\u011bkolik projekt\u016f nar\u00e1z, tak\u017ee n\u00e1klady nelze spr\u00e1vn\u011b roz\u00fa\u010dtovat. Celkem 1,44 milionu pak m\u00e1 b\u00fdt na &#8222;administrativn\u00ed pochyben\u00ed&#8220; za n\u00e1klady na pr\u00e1vn\u00ed slu\u017eby.<\/p>\n<p>invArena<\/p>\n","protected":false},"excerpt":{"rendered":"<div class=\"mh-excerpt\"><p>Lidovci dnes podali trestn\u00ed ozn\u00e1men\u00ed kv\u016fli syst\u00e9mu na vypl\u00e1cen\u00ed soci\u00e1ln\u00edch d\u00e1vek. Domn\u00edvaj\u00ed se, \u017ee na jeho financov\u00e1n\u00ed ministerstvo pr\u00e1ce zneu\u017eilo skoro miliardu korun z evropsk\u00fdch <a class=\"mh-excerpt-more\" href=\"https:\/\/www.invarena.cz\/?p=1799\" title=\"MPSV pr\u00fd zneu\u017eilo miliardu z fond\u016f EU\">[&#8230;]<\/a><\/p>\n<\/div>","protected":false},"author":1,"featured_media":519,"comment_status":"open","ping_status":"open","sticky":false,"template":"","format":"standard","meta":{"footnotes":""},"categories":[9],"tags":[],"class_list":["post-1799","post","type-post","status-publish","format-standard","has-post-thumbnail","hentry","category-zpravy"],"_links":{"self":[{"href":"https:\/\/www.invarena.cz\/index.php?rest_route=\/wp\/v2\/posts\/1799","targetHints":{"allow":["GET"]}}],"collection":[{"href":"https:\/\/www.invarena.cz\/index.php?rest_route=\/wp\/v2\/posts"}],"about":[{"href":"https:\/\/www.invarena.cz\/index.php?rest_route=\/wp\/v2\/types\/post"}],"author":[{"embeddable":true,"href":"https:\/\/www.invarena.cz\/index.php?rest_route=\/wp\/v2\/users\/1"}],"replies":[{"embeddable":true,"href":"https:\/\/www.invarena.cz\/index.php?rest_route=%2Fwp%2Fv2%2Fcomments&post=1799"}],"version-history":[{"count":0,"href":"https:\/\/www.invarena.cz\/index.php?rest_route=\/wp\/v2\/posts\/1799\/revisions"}],"wp:featuredmedia":[{"embeddable":true,"href":"https:\/\/www.invarena.cz\/index.php?rest_route=\/wp\/v2\/media\/519"}],"wp:attachment":[{"href":"https:\/\/www.invarena.cz\/index.php?rest_route=%2Fwp%2Fv2%2Fmedia&parent=1799"}],"wp:term":[{"taxonomy":"category","embeddable":true,"href":"https:\/\/www.invarena.cz\/index.php?rest_route=%2Fwp%2Fv2%2Fcategories&post=1799"},{"taxonomy":"post_tag","embeddable":true,"href":"https:\/\/www.invarena.cz\/index.php?rest_route=%2Fwp%2Fv2%2Ftags&post=1799"}],"curies":[{"name":"wp","href":"https:\/\/api.w.org\/{rel}","templated":true}]}}