{"id":1801,"date":"2013-03-05T09:05:48","date_gmt":"2013-03-05T08:05:48","guid":{"rendered":"http:\/\/www.invarena.cz\/?p=1801"},"modified":"2013-03-06T18:55:04","modified_gmt":"2013-03-06T17:55:04","slug":"azylove-domy-trapi-nedostatek-penez","status":"publish","type":"post","link":"https:\/\/www.invarena.cz\/?p=1801","title":{"rendered":"Azylov\u00e9 domy tr\u00e1p\u00ed nedostatek pen\u011bz"},"content":{"rendered":"<p>Po cel\u00e9 zemi hroz\u00ed kv\u016fli nedostatku financ\u00ed konec des\u00edtk\u00e1m organizac\u00ed poskytuj\u00edc\u00edch soci\u00e1ln\u00ed slu\u017eby. Existen\u010dn\u00ed probl\u00e9my m\u00e1 i azylov\u00fd d\u016fm v Ji\u0159et\u00edn\u011b pod Jedlovou na D\u011b\u010d\u00ednsku &#8211; Domov sv. M\u00e1\u0159\u00ed Magdaleny (foto). Je to jedin\u00e9 m\u00edsto v \u010cR, kde se staraj\u00ed o zdravotn\u011b posti\u017een\u00e9 matky.<!--more--><\/p>\n<p>redaktorka:<br \/>\nTer\u00e9nn\u00ed pracovnice bal\u00ed j\u00eddlo pro jednu z 30 rodin, kter\u00fdm pom\u00e1haj\u00ed. Od leto\u0161n\u00edho roku ale takhle jezd\u00ed zadarmo, ve sv\u00e9m voln\u00e9m \u010dase. Nedostali toti\u017e dotaci.<\/p>\n<p>Martina, klientka charity:<br \/>\nPom\u00e1h\u00e1 n\u00e1m vlastn\u011b s v\u011bcma jako o\u0161acen\u00ed a to v\u0161echno.<\/p>\n<p>redaktorka:<br \/>\nPen\u00edze chyb\u00ed i samotn\u00e9mu azylov\u00e9mu domu. \u017dij\u00ed tady \u017eeny, kter\u00e9 by se kv\u016fli sv\u00e9mu posti\u017een\u00ed nedok\u00e1zaly samy o d\u011bti postarat.<\/p>\n<p>Veronika, obyvatelka domova<br \/>\nTady se chovaj\u00ed ke m\u011b l\u00edp jak jinde.<\/p>\n<p>redaktorka:<br \/>\nV podobn\u00fdch garsonk\u00e1ch \u017eije v azylov\u00e9m dom\u011b 27 rodin. Dohromady je to 73 lid\u00ed. Aby mohla charita v Ji\u0159et\u00edn\u011b letos fungovat, pot\u0159ebuje sehnat je\u0161t\u011b nejm\u00e9n\u011b milion.<\/p>\n<p>Hana Venturov\u00e1, vedouc\u00ed Domova sv. M\u00e1\u0159\u00ed Magdaleny:<br \/>\nMy po\u0159\u00e1d douf\u00e1me, my se nevzd\u00e1v\u00e1me nikdy.<\/p>\n<p>redaktorka:<br \/>\nA nepom\u016f\u017ee ani \u00dasteck\u00fd kraj. I jeho vlastn\u00ed organizace dostaly men\u0161\u00ed dotace a bude jim muset doplatit zhruba 70 milion\u016f.<\/p>\n<p>Martin Klika radn\u00ed, \u00dasteck\u00fd kraj:<br \/>\nTam p\u0159i\u0161lo nap\u0159\u00edklad kolem 55 % dotace, a to je samoz\u0159ejm\u011b v tuhletu chv\u00edli pro n\u011bkter\u00e9 za\u0159\u00edzen\u00ed likvida\u010dn\u00ed.<\/p>\n<p>Organizace poskytuj\u00edc\u00ed soci\u00e1ln\u00ed slu\u017eby cht\u011bly letos po st\u00e1tu p\u0159es 10 miliard. Dostaly necel\u00e9 dv\u011b t\u0159etiny, a to je o 360 milion\u016f m\u00e9n\u011b ne\u017e loni. Ministerstvo se br\u00e1n\u00ed, \u017ee rozdalo v\u0161e, co mohlo. &#8222;Pokud se poda\u0159\u00ed z\u00edskat n\u011bjak\u00e9 prost\u0159edky nav\u00edc, tak je samoz\u0159ejm\u011b rozd\u011bl\u00ed,&#8220; uvedla \u0160t\u011bp\u00e1nka Filipov\u00e1, mluv\u010d\u00ed MPSV.<\/p>\n<p>Do m\u011bs\u00edce by se m\u011bli z\u00e1stupci kraj\u016f a ministerstva sej\u00edt a situaci \u0159e\u0161it. <\/p>\n<p>Petra Tachec\u00ed, \u010cesk\u00e1 televize <\/p>\n","protected":false},"excerpt":{"rendered":"<div class=\"mh-excerpt\"><p>Po cel\u00e9 zemi hroz\u00ed kv\u016fli nedostatku financ\u00ed konec des\u00edtk\u00e1m organizac\u00ed poskytuj\u00edc\u00edch soci\u00e1ln\u00ed slu\u017eby. Existen\u010dn\u00ed probl\u00e9my m\u00e1 i azylov\u00fd d\u016fm v Ji\u0159et\u00edn\u011b pod Jedlovou na D\u011b\u010d\u00ednsku <a class=\"mh-excerpt-more\" href=\"https:\/\/www.invarena.cz\/?p=1801\" title=\"Azylov\u00e9 domy tr\u00e1p\u00ed nedostatek pen\u011bz\">[&#8230;]<\/a><\/p>\n<\/div>","protected":false},"author":1,"featured_media":1806,"comment_status":"open","ping_status":"open","sticky":false,"template":"","format":"standard","meta":{"footnotes":""},"categories":[1,7,9],"tags":[],"class_list":["post-1801","post","type-post","status-publish","format-standard","has-post-thumbnail","hentry","category-nezarazene","category-spolecnost","category-zpravy"],"_links":{"self":[{"href":"https:\/\/www.invarena.cz\/index.php?rest_route=\/wp\/v2\/posts\/1801","targetHints":{"allow":["GET"]}}],"collection":[{"href":"https:\/\/www.invarena.cz\/index.php?rest_route=\/wp\/v2\/posts"}],"about":[{"href":"https:\/\/www.invarena.cz\/index.php?rest_route=\/wp\/v2\/types\/post"}],"author":[{"embeddable":true,"href":"https:\/\/www.invarena.cz\/index.php?rest_route=\/wp\/v2\/users\/1"}],"replies":[{"embeddable":true,"href":"https:\/\/www.invarena.cz\/index.php?rest_route=%2Fwp%2Fv2%2Fcomments&post=1801"}],"version-history":[{"count":0,"href":"https:\/\/www.invarena.cz\/index.php?rest_route=\/wp\/v2\/posts\/1801\/revisions"}],"wp:featuredmedia":[{"embeddable":true,"href":"https:\/\/www.invarena.cz\/index.php?rest_route=\/wp\/v2\/media\/1806"}],"wp:attachment":[{"href":"https:\/\/www.invarena.cz\/index.php?rest_route=%2Fwp%2Fv2%2Fmedia&parent=1801"}],"wp:term":[{"taxonomy":"category","embeddable":true,"href":"https:\/\/www.invarena.cz\/index.php?rest_route=%2Fwp%2Fv2%2Fcategories&post=1801"},{"taxonomy":"post_tag","embeddable":true,"href":"https:\/\/www.invarena.cz\/index.php?rest_route=%2Fwp%2Fv2%2Ftags&post=1801"}],"curies":[{"name":"wp","href":"https:\/\/api.w.org\/{rel}","templated":true}]}}