{"id":18012,"date":"2014-10-22T18:40:19","date_gmt":"2014-10-22T16:40:19","guid":{"rendered":"http:\/\/www.invarena.cz\/?p=18012"},"modified":"2014-10-22T18:40:35","modified_gmt":"2014-10-22T16:40:35","slug":"detske-kluby-pro-socialne-slabe-deti-jsou-ohrozeny","status":"publish","type":"post","link":"https:\/\/www.invarena.cz\/?p=18012","title":{"rendered":"D\u011btsk\u00e9 kluby pro soci\u00e1ln\u011b slab\u00e9 d\u011bti jsou ohro\u017eeny"},"content":{"rendered":"<p><strong>Budoucnost lesn\u00edch \u0161kolek i dal\u0161\u00edch d\u011btsk\u00fdch organizac\u00ed je zase v rukou poslanc\u016f. Ti budou znovu rozhodovat o z\u00e1kon\u011b, jen\u017e na n\u011b klade ekonomicky n\u00e1ro\u010dn\u00e9 po\u017eadavky. Ohro\u017een\u00e9 nov\u00fdm z\u00e1konem se c\u00edt\u00ed \u0159ada organizac\u00ed, v\u010detn\u011b Jun\u00e1ka \u010di Pion\u00fdra.<\/strong><!--more--><em><strong>\u010cesk\u00e1 televize<\/strong><\/em><\/p>\n<p><strong>Do sn\u011bmovny z\u00e1kon, kter\u00fd klade p\u0159\u00edsn\u011bj\u0161\u00ed po\u017eadavky na d\u011btsk\u00e9 kluby, poslal zp\u00e1tky prezident Milo\u0161 Zeman s dov\u011btkem &#8222;vetuji ho&#8220;. Prezidentovi toti\u017e vadilo, \u017ee norma podle n\u011bj nepo\u010d\u00edt\u00e1 pr\u00e1v\u011b i s lesn\u00edmi \u0161kolkami. Ohro\u017een\u00e9 nov\u00fdm z\u00e1konem se ale c\u00edt\u00ed i dal\u0161\u00ed organizace, v\u010detn\u011b Jun\u00e1ka.<\/strong><\/p>\n<p>&nbsp;<\/p>\n<p>Je jim kolem 3 let. Do pra\u017esk\u00e9ho klubu, kter\u00fd z\u0159izuje organizace \u010clov\u011bk v t\u00edsni, chod\u00ed d\u011bti z chud\u00fdch rodin, kter\u00e9 nemaj\u00ed pen\u00edze na b\u011b\u017en\u00e9 \u0161kolky.<\/p>\n<p>Se \u010dasto stane, \u017ee se v t\u011bch klubech poprv\u00e9 potkaj\u00ed s tu\u017ekou, s pastelkou nebo s kn\u00ed\u017ekou.<\/p>\n<p>Organizace \u010clov\u011bk v t\u00edsni m\u00e1 po cel\u00e9 republice 12 p\u0159ed\u0161koln\u00edch klub\u016f, kter\u00fdmi projde na 250 chud\u00fdch d\u011bt\u00ed. Ty odsud potom pokra\u010duj\u00ed do mate\u0159sk\u00fdch anebo b\u011b\u017en\u00fdch z\u00e1kladn\u00edch \u0161kol. Podle nov\u00e9ho z\u00e1kona o d\u011btsk\u00fdch skupin\u00e1ch te\u010f ale ka\u017ed\u00fd takov\u00fd klub bude muset spl\u0148ovat p\u0159\u00edsn\u00e9 hygienick\u00e9 podm\u00ednky. Na to organizace nemaj\u00ed pen\u00edze.<\/p>\n<p>Zuzana RAMAJZLOV\u00c1, metodi\u010dka p\u0159ed\u0161koln\u00edho vzd\u011bl\u00e1v\u00e1n\u00ed, \u010clov\u011bk v t\u00edsni:<br \/>\nTy po\u017eadavky jsou do v\u00fd\u0161ky umyvadla, kter\u00e9 m\u00e1 b\u00fdt pro 3let\u00e9 d\u011bti, v\u00fd\u0161ky umyvadla pro 6let\u00e9 d\u011bti, zvl\u00e1\u0161tn\u00ed \u0161atny.<\/p>\n<p>Probl\u00e9m se ale t\u00fdk\u00e1 i t\u0159eba Pion\u00fdra nebo Jun\u00e1ka. Ten od leto\u0161n\u00edho roku z\u0159\u00eddil nov\u00e9 odd\u00edly pro p\u0159ed\u0161kol\u00e1ky.<\/p>\n<p>\u00da\u0159ad ministryn\u011b Marksov\u00e9 chce s organiz\u00e1tory p\u0159ed\u0161koln\u00edch klub\u016f o probl\u00e9mu debatovat. C\u00edlem pr\u00fd nen\u00ed je zlikvidovat. Stejn\u011b ministerstvo mluv\u00ed i o lesn\u00edch \u0161kolk\u00e1ch.<\/p>\n<p>Petr HAB\u00c1\u0147, mluv\u010d\u00ed, ministerstvo pr\u00e1ce a soci\u00e1ln\u00edch v\u011bc\u00ed:<br \/>\nZ\u00e1kon, pokud projde, po\u010d\u00edt\u00e1 s p\u0159echodn\u00fdm ro\u010dn\u00edm obdob\u00edm tak, aby takzvan\u00e9 lesn\u00ed \u0161kolky mohly d\u00e1le bez probl\u00e9m\u016f fungovat. A v pr\u016fb\u011bhu toho jednoho roku by m\u011blo doj\u00edt k \u00faprav\u00e1m t\u011bch st\u00e1vaj\u00edc\u00edch podm\u00ednek.<\/p>\n<p>Z\u00e1kon ale nem\u00e1 jen odp\u016frce. P\u0159es 20 organizac\u00ed, kter\u00e9 se v\u011bnuj\u00ed p\u0159ed\u0161koln\u00ed v\u00fdchov\u011b, vyzvalo poslance, aby navzdory vetu normu p\u0159ijali.<\/p>\n<p>Jan SCHNEIDER, p\u0159edseda Asociace ran\u00e9 p\u00e9\u010de a v\u00fdchovy:<br \/>\nD\u011btsk\u00e9 skupiny jsou mo\u017enost\u00ed, jak pro spoustu rodi\u010d\u016f nab\u00eddnout dostupnou alternativu p\u00e9\u010de o d\u011bti, proto\u017ee dneska vlastn\u011b funguj\u00ed jenom soukrom\u00e9 \u0161kolky.<\/p>\n<p>redaktorka:<br \/>\nPokud poslanci z\u00e1kon znovu podpo\u0159\u00ed, za\u010dne definitivn\u011b platit od ledna. Pak bude m\u00edt st\u00e1t je\u0161t\u011b rok, aby upravil hygienick\u00e9 podm\u00ednky, d\u00edky kter\u00fdm by mohly p\u0159ed\u0161koln\u00ed kluby \u010di lesn\u00ed \u0161kolky d\u00e1l fungovat.<\/p>\n<p>&nbsp;<\/p>\n","protected":false},"excerpt":{"rendered":"<div class=\"mh-excerpt\"><p>Budoucnost lesn\u00edch \u0161kolek i dal\u0161\u00edch d\u011btsk\u00fdch organizac\u00ed je zase v rukou poslanc\u016f. Ti budou znovu rozhodovat o z\u00e1kon\u011b, jen\u017e na n\u011b klade ekonomicky n\u00e1ro\u010dn\u00e9 po\u017eadavky. <a class=\"mh-excerpt-more\" href=\"https:\/\/www.invarena.cz\/?p=18012\" title=\"D\u011btsk\u00e9 kluby pro soci\u00e1ln\u011b slab\u00e9 d\u011bti jsou ohro\u017eeny\">[&#8230;]<\/a><\/p>\n<\/div>","protected":false},"author":1,"featured_media":6269,"comment_status":"open","ping_status":"closed","sticky":false,"template":"","format":"standard","meta":{"footnotes":""},"categories":[7],"tags":[],"class_list":["post-18012","post","type-post","status-publish","format-standard","has-post-thumbnail","hentry","category-spolecnost"],"_links":{"self":[{"href":"https:\/\/www.invarena.cz\/index.php?rest_route=\/wp\/v2\/posts\/18012","targetHints":{"allow":["GET"]}}],"collection":[{"href":"https:\/\/www.invarena.cz\/index.php?rest_route=\/wp\/v2\/posts"}],"about":[{"href":"https:\/\/www.invarena.cz\/index.php?rest_route=\/wp\/v2\/types\/post"}],"author":[{"embeddable":true,"href":"https:\/\/www.invarena.cz\/index.php?rest_route=\/wp\/v2\/users\/1"}],"replies":[{"embeddable":true,"href":"https:\/\/www.invarena.cz\/index.php?rest_route=%2Fwp%2Fv2%2Fcomments&post=18012"}],"version-history":[{"count":0,"href":"https:\/\/www.invarena.cz\/index.php?rest_route=\/wp\/v2\/posts\/18012\/revisions"}],"wp:featuredmedia":[{"embeddable":true,"href":"https:\/\/www.invarena.cz\/index.php?rest_route=\/wp\/v2\/media\/6269"}],"wp:attachment":[{"href":"https:\/\/www.invarena.cz\/index.php?rest_route=%2Fwp%2Fv2%2Fmedia&parent=18012"}],"wp:term":[{"taxonomy":"category","embeddable":true,"href":"https:\/\/www.invarena.cz\/index.php?rest_route=%2Fwp%2Fv2%2Fcategories&post=18012"},{"taxonomy":"post_tag","embeddable":true,"href":"https:\/\/www.invarena.cz\/index.php?rest_route=%2Fwp%2Fv2%2Ftags&post=18012"}],"curies":[{"name":"wp","href":"https:\/\/api.w.org\/{rel}","templated":true}]}}