{"id":18014,"date":"2014-10-22T11:21:40","date_gmt":"2014-10-22T09:21:40","guid":{"rendered":"http:\/\/www.invarena.cz\/?p=18014"},"modified":"2014-10-22T11:22:28","modified_gmt":"2014-10-22T09:22:28","slug":"zajem-o-ockovani-roste-hlavne-o-vakciny-chranici-seniory-i-deti","status":"publish","type":"post","link":"https:\/\/www.invarena.cz\/?p=18014","title":{"rendered":"Z\u00e1jem o o\u010dkov\u00e1n\u00ed roste. Hlavn\u011b o vakc\u00edny chr\u00e1n\u00edc\u00ed seniory i d\u011bti"},"content":{"rendered":"<p><strong>Po\u010det o\u010dkov\u00e1n\u00ed proti nemocem, kter\u00e9 tr\u00e1p\u00ed nejrizikov\u011bj\u0161\u00ed skupiny, jak\u00fdmi jsou zejm\u00e9na senio\u0159i a d\u011bti do 4 let, vzrostl podle statistik \u010cesk\u00e9 pr\u016fmyslov\u00e9 zdravotn\u00ed poji\u0161\u0165ovny (\u010cPZP) meziro\u010dn\u011b o des\u00edtky procent.<\/strong> <!--more--><\/p>\n<p><b>Nejv\u011bt\u0161\u00edm pomysln\u00fdm skokanem je o\u010dkov\u00e1n\u00ed proti pneumokokovi, kter\u00e9 za\u017e\u00edv\u00e1 doslova boom &#8211; oproti stejn\u00e9mu obdob\u00ed v minul\u00e9m roce ho vyu\u017eilo o 133 % v\u00edce lid\u00ed. Tradi\u010dn\u011b nejobl\u00edben\u011bj\u0161\u00ed je st\u00e1le o\u010dkov\u00e1n\u00ed proti kl\u00ed\u0161\u0165ov\u00e9 encefalitid\u011b, kter\u00e9 zaznamenalo t\u00e9m\u011b\u0159 t\u0159icetiprocentn\u00ed n\u00e1r\u016fst.<\/b><\/p>\n<p>&#8222;Za prvn\u00edch dev\u011bt m\u011bs\u00edc\u016f roku 2014 jsme zaznamenali v\u00fdrazn\u00fd z\u00e1jem o o\u010dkov\u00e1n\u00ed proti pneumokokov\u00fdm n\u00e1kaz\u00e1m, kter\u00e9 nej\u010dast\u011bji postihuj\u00ed osoby star\u0161\u00ed 60 let. Druhou skupinou, kter\u00e1 b\u00fdv\u00e1 nej\u010dast\u011bji posti\u017eena, jsou d\u011bti do 4 let. O\u010dkov\u00e1n\u00ed proti pneumokok\u016fm vyu\u017eilo oproti stejn\u00e9mu obdob\u00ed v minul\u00e9m roce o 133 % v\u00edce poji\u0161t\u011bnc\u016f,&#8220; uvedla <b>tiskov\u00e1 mluv\u010d\u00ed \u010cPZP Elenka Mazurov\u00e1<\/b>.<\/p>\n<p align=\"justify\">Hlavn\u00edmi projevy pneumokokov\u00fdch n\u00e1kaz jsou zejm\u00e9na z\u00e1pal plic, z\u00e1n\u011bt mozkov\u00fdch plen, otrava krve a p\u0159\u00edpadn\u011b z\u00e1n\u011bty kloub\u016f. &#8222;Sedmn\u00e1ctiprocentn\u00ed n\u00e1r\u016fst jsme registrovali tak\u00e9 u o\u010dkov\u00e1n\u00ed proti rotavir\u016fm, kter\u00e9 jsou nej\u010dast\u011bj\u0161\u00ed p\u0159\u00ed\u010dinou hospitalizac\u00ed u mal\u00fdch d\u011bt\u00ed do 5 let v\u011bku s infek\u010dn\u00edmi pr\u016fjmy,&#8220; komentuje d\u00e1le Mazurov\u00e1.<\/p>\n<table border=\"0\" cellspacing=\"0\" cellpadding=\"6\">\n<colgroup>\n<col width=\"160\" \/>\n<col width=\"105\" \/>\n<col width=\"141\" \/>\n<col width=\"105\" \/>\n<col width=\"141\" \/><\/colgroup>\n<tbody>\n<tr>\n<td colspan=\"5\" valign=\"bottom\" width=\"700\" height=\"13\">\n<p align=\"center\"><b>Srovn\u00e1n\u00ed po\u010dtu o\u010dkovan\u00fdch 1. &#8211; 9. m\u011bs\u00edc 2013 vs. 1. &#8211; 9. m\u011bs\u00edc 2014<\/b><\/p>\n<\/td>\n<\/tr>\n<\/tbody>\n<tbody>\n<tr>\n<td valign=\"bottom\" width=\"160\" height=\"13\"><\/td>\n<td colspan=\"2\" bgcolor=\"#DBE5F1\" width=\"258\">\n<p align=\"center\"><b>2013<\/b><\/p>\n<\/td>\n<td colspan=\"2\" bgcolor=\"#95B3D7\" width=\"258\">\n<p align=\"center\"><b>2014<\/b><\/p>\n<\/td>\n<\/tr>\n<tr valign=\"bottom\">\n<td width=\"160\" height=\"13\"><\/td>\n<td bgcolor=\"#F2DDDC\" width=\"105\">\n<p align=\"center\"><b>cena<\/b><\/p>\n<\/td>\n<td bgcolor=\"#F2DDDC\" width=\"141\">\n<p align=\"center\"><b>po\u010det o\u010dkovan\u00fdch<\/b><\/p>\n<\/td>\n<td bgcolor=\"#F2DDDC\" width=\"105\">\n<p align=\"center\"><b>cena<\/b><\/p>\n<\/td>\n<td bgcolor=\"#F2DDDC\" width=\"141\">\n<p align=\"center\"><b>po\u010det o\u010dkovan\u00fdch<\/b><\/p>\n<\/td>\n<\/tr>\n<tr valign=\"bottom\">\n<td width=\"160\" height=\"13\"><b>Kl\u00ed\u0161\u0165ov\u00e1 encefalitida<\/b><\/td>\n<td bgcolor=\"#DBE5F1\" width=\"105\">\n<p align=\"center\">19 298 785 K\u010d<\/p>\n<\/td>\n<td bgcolor=\"#DBE5F1\" width=\"141\">\n<p align=\"center\">23 923<\/p>\n<\/td>\n<td bgcolor=\"#95B3D7\" width=\"105\">\n<p align=\"center\">27 582 871 K\u010d<\/p>\n<\/td>\n<td bgcolor=\"#95B3D7\" width=\"141\">\n<p align=\"center\">30 816<\/p>\n<\/td>\n<\/tr>\n<tr valign=\"bottom\">\n<td width=\"160\" height=\"13\"><b>Hepatitida<\/b><\/td>\n<td bgcolor=\"#DBE5F1\" width=\"105\">\n<p align=\"center\">4 861 871 K\u010d<\/p>\n<\/td>\n<td bgcolor=\"#DBE5F1\" width=\"141\">\n<p align=\"center\">5 194<\/p>\n<\/td>\n<td bgcolor=\"#95B3D7\" width=\"105\">\n<p align=\"center\">5 669 060 K\u010d<\/p>\n<\/td>\n<td bgcolor=\"#95B3D7\" width=\"141\">\n<p align=\"center\">5 497<\/p>\n<\/td>\n<\/tr>\n<tr valign=\"bottom\">\n<td width=\"160\" height=\"13\"><b>Pneumokok<\/b><\/td>\n<td bgcolor=\"#DBE5F1\" width=\"105\">\n<p align=\"center\">1 602 064 K\u010d<\/p>\n<\/td>\n<td bgcolor=\"#DBE5F1\" width=\"141\">\n<p align=\"center\">2 102<\/p>\n<\/td>\n<td bgcolor=\"#95B3D7\" width=\"105\">\n<p align=\"center\">3 115 308 K\u010d<\/p>\n<\/td>\n<td bgcolor=\"#95B3D7\" width=\"141\">\n<p align=\"center\">4 898<\/p>\n<\/td>\n<\/tr>\n<tr valign=\"bottom\">\n<td width=\"160\" height=\"13\"><b>Rotaviry<\/b><\/td>\n<td bgcolor=\"#DBE5F1\" width=\"105\">\n<p align=\"center\">1 690 597 K\u010d<\/p>\n<\/td>\n<td bgcolor=\"#DBE5F1\" width=\"141\">\n<p align=\"center\">1 284<\/p>\n<\/td>\n<td bgcolor=\"#95B3D7\" width=\"105\">\n<p align=\"center\">2 110 226 K\u010d<\/p>\n<\/td>\n<td bgcolor=\"#95B3D7\" width=\"141\">\n<p align=\"center\">1 513<\/p>\n<\/td>\n<\/tr>\n<tr valign=\"bottom\">\n<td width=\"160\" height=\"11\"><b>Meningitida<\/b><\/td>\n<td bgcolor=\"#DBE5F1\" width=\"105\">\n<p align=\"center\">1 630 566 K\u010d<\/p>\n<\/td>\n<td bgcolor=\"#DBE5F1\" width=\"141\">\n<p align=\"center\">1 351<\/p>\n<\/td>\n<td bgcolor=\"#95B3D7\" width=\"105\">\n<p align=\"center\">1 530 704 K\u010d<\/p>\n<\/td>\n<td bgcolor=\"#95B3D7\" width=\"141\">\n<p align=\"center\">1 294<\/p>\n<\/td>\n<\/tr>\n<\/tbody>\n<\/table>\n<p align=\"justify\">Nejobl\u00edben\u011bj\u0161\u00edm o\u010dkov\u00e1n\u00edm mezi poji\u0161t\u011bnci \u010cPZP z\u016fst\u00e1v\u00e1 to proti kl\u00ed\u0161\u0165ov\u00e9 encefalitid\u011b, kter\u00e9 v leto\u0161n\u00edm roce \u010derpalo 30 816 lid\u00ed. Oproti minul\u00e9mu roku se tak vakc\u00ednou proti t\u00e9to nemoci nechalo o\u010dkovat t\u00e9m\u011b\u0159 o 30 % v\u00edce lid\u00ed a \u010cPZP za vakc\u00edny zaplatila p\u0159es 27 milion\u016f korun. \u201eTento trend p\u0159ipisujeme zejm\u00e9na zv\u00fd\u0161en\u00e9 informovanosti lid\u00ed o chorob\u011b d\u00edky kampan\u00edm ve sd\u011blovac\u00edch prost\u0159edc\u00edch,&#8220; vysv\u011btluje Mazurov\u00e1. Druh\u00fdm nej\u010derpan\u011bj\u0161\u00edm je s 5497 pacienty o\u010dkov\u00e1n\u00ed proti hepatitid\u011b, kter\u00e1 b\u00fdv\u00e1 n\u011bkdy tak\u00e9 naz\u00fdv\u00e1na nemoc\u00ed \u0161pinav\u00fdch rukou.<\/p>\n<p align=\"justify\">P\u0159\u00edli\u0161 velk\u00fd z\u00e1jem v\u00a0\u010cesk\u00e9 republice, ve srovn\u00e1n\u00ed s\u00a0ostatn\u00edmi druhy o\u010dkov\u00e1n\u00ed, st\u00e1le nen\u00ed o vakc\u00edny proti sez\u00f3nn\u00ed ch\u0159ipce, kter\u00e9 za leto\u0161n\u00ed rok vyu\u017eilo prozat\u00edm pouze 258 poji\u0161t\u011bnc\u016f. Proti stejn\u00e9mu obdob\u00ed v roce 2013 z\u00e1jem ale vzrostl o 34 %. Za prvn\u00edch 9 m\u011bs\u00edc\u016f roku 2014 proplatila \u010cesk\u00e1 pr\u016fmyslov\u00e1 zdravotn\u00ed poji\u0161\u0165ovna vakc\u00edny celkov\u011b za 44,5 milionu korun, co\u017e je o 30 % v\u00edce, ne\u017e za stejn\u00e9 obdob\u00ed v\u00a0roce 2013. Dobrovoln\u00e9 o\u010dkov\u00e1n\u00ed \u010derpaj\u00ed \u010dast\u011bji \u017eeny, kter\u00e9 v\u011bnuj\u00ed v\u0161eobecn\u011b sv\u00e9mu zdrav\u00ed v\u011bt\u0161\u00ed p\u00e9\u010di, ne\u017e mu\u017ei.<\/p>\n<p align=\"justify\">ilustra\u010dn\u00ed foto: renjith krishnan FreeDigitalPhotos.net<\/p>\n<p align=\"justify\">tiskov\u00e1 zpr\u00e1va<\/p>\n<p align=\"justify\"><i>\u010cesk\u00e1 pr\u016fmyslov\u00e1 zdravotn\u00ed poji\u0161\u0165ovna je druhou nejv\u011bt\u0161\u00ed zam\u011bstnaneckou zdravotn\u00ed poji\u0161\u0165ovnou s v\u00edce ne\u017e 1,2 milionu poji\u0161t\u011bnc\u016f a v\u00edce ne\u017e sto pobo\u010dkami po cel\u00e9 \u010cesk\u00e9 republice.<\/i><\/p>\n","protected":false},"excerpt":{"rendered":"<div class=\"mh-excerpt\"><p>Po\u010det o\u010dkov\u00e1n\u00ed proti nemocem, kter\u00e9 tr\u00e1p\u00ed nejrizikov\u011bj\u0161\u00ed skupiny, jak\u00fdmi jsou zejm\u00e9na senio\u0159i a d\u011bti do 4 let, vzrostl podle statistik \u010cesk\u00e9 pr\u016fmyslov\u00e9 zdravotn\u00ed poji\u0161\u0165ovny (\u010cPZP) <a class=\"mh-excerpt-more\" href=\"https:\/\/www.invarena.cz\/?p=18014\" title=\"Z\u00e1jem o o\u010dkov\u00e1n\u00ed roste. Hlavn\u011b o vakc\u00edny chr\u00e1n\u00edc\u00ed seniory i d\u011bti\">[&#8230;]<\/a><\/p>\n<\/div>","protected":false},"author":1,"featured_media":14171,"comment_status":"open","ping_status":"closed","sticky":false,"template":"","format":"standard","meta":{"footnotes":""},"categories":[11],"tags":[],"class_list":["post-18014","post","type-post","status-publish","format-standard","has-post-thumbnail","hentry","category-zdravi"],"_links":{"self":[{"href":"https:\/\/www.invarena.cz\/index.php?rest_route=\/wp\/v2\/posts\/18014","targetHints":{"allow":["GET"]}}],"collection":[{"href":"https:\/\/www.invarena.cz\/index.php?rest_route=\/wp\/v2\/posts"}],"about":[{"href":"https:\/\/www.invarena.cz\/index.php?rest_route=\/wp\/v2\/types\/post"}],"author":[{"embeddable":true,"href":"https:\/\/www.invarena.cz\/index.php?rest_route=\/wp\/v2\/users\/1"}],"replies":[{"embeddable":true,"href":"https:\/\/www.invarena.cz\/index.php?rest_route=%2Fwp%2Fv2%2Fcomments&post=18014"}],"version-history":[{"count":0,"href":"https:\/\/www.invarena.cz\/index.php?rest_route=\/wp\/v2\/posts\/18014\/revisions"}],"wp:featuredmedia":[{"embeddable":true,"href":"https:\/\/www.invarena.cz\/index.php?rest_route=\/wp\/v2\/media\/14171"}],"wp:attachment":[{"href":"https:\/\/www.invarena.cz\/index.php?rest_route=%2Fwp%2Fv2%2Fmedia&parent=18014"}],"wp:term":[{"taxonomy":"category","embeddable":true,"href":"https:\/\/www.invarena.cz\/index.php?rest_route=%2Fwp%2Fv2%2Fcategories&post=18014"},{"taxonomy":"post_tag","embeddable":true,"href":"https:\/\/www.invarena.cz\/index.php?rest_route=%2Fwp%2Fv2%2Ftags&post=18014"}],"curies":[{"name":"wp","href":"https:\/\/api.w.org\/{rel}","templated":true}]}}