{"id":18016,"date":"2014-10-22T11:28:28","date_gmt":"2014-10-22T09:28:28","guid":{"rendered":"http:\/\/www.invarena.cz\/?p=18016"},"modified":"2014-10-22T11:44:20","modified_gmt":"2014-10-22T09:44:20","slug":"prezident-plni-sve-slovo-milosti-nedava","status":"publish","type":"post","link":"https:\/\/www.invarena.cz\/?p=18016","title":{"rendered":"Prezident pln\u00ed, co \u0159ekl. Milosti ned\u00e1v\u00e1"},"content":{"rendered":"<p><strong>Ministryn\u011b spravedlnosti doporu\u010dila Hradu t\u0159i \u017e\u00e1dosti o milost a t\u0159ikr\u00e1t neusp\u011bla. Po\u010dtvrt\u00e9 proto odlo\u017eila trest do\u010dasn\u011b sama. Ud\u011blov\u00e1n\u00ed milost\u00ed se za Zemana zcela zastavilo.<\/strong> <!--more--><\/p>\n<p>Ministryn\u011b spravedlnosti Helena V\u00e1lkov\u00e1 (ANO) pozoruhodn\u00fdm zp\u016fsobem &#8222;supluje&#8220; prezidenta Milo\u0161e Zemana, kter\u00fd odm\u00edt\u00e1 ud\u011blovat milosti.<\/p>\n<p>Zeman se toti\u017e rozhodl d\u00e1vat tuto v\u00fdsadu jen smrteln\u011b nemocn\u00fdm. Letos odm\u00edtl ud\u011blit milost ve v\u0161ech t\u0159ech p\u0159\u00edpadech, kdy mu to Ministerstvo spravedlnosti doporu\u010dilo. V dal\u0161\u00edm, \u010dtvrt\u00e9m p\u0159\u00edpad\u011b proto V\u00e1lkov\u00e1 jedn\u00e9 \u017een\u011b sama odlo\u017eila n\u00e1stup do v\u011bzen\u00ed. To j\u00ed z\u00e1kon dovoluje v p\u0159\u00edpadech, kdy n\u011bkdo o milost \u017e\u00e1d\u00e1, a to jen do doby, ne\u017e o n\u00ed Hrad rozhodne. \u017dena se star\u00e1 o \u010dty\u0159i nezletil\u00e9 d\u011bti a v\u011bzen\u00ed by jej\u00ed rodinnou situaci dost zkomplikovalo. Byla odsouzena za podvod. Objedn\u00e1vala si p\u0159es internet zbo\u017e\u00ed a neplatila za n\u011b. Zp\u016fsobila \u0161kodu 430 tis\u00edc korun.<\/p>\n<p>&#8222;Pro\u0161et\u0159ujeme i jin\u00e9 humanit\u00e1rn\u00ed d\u016fvody ne\u017e nemoc,&#8220; vysv\u011btlil postup V\u00e1lkov\u00e9 V\u00edt\u011bzslav N\u011bm\u010d\u00e1k, \u0159editel nov\u00e9ho ministersk\u00e9ho odboru, pod kter\u00fd milosti spadaj\u00ed.<\/p>\n<p>V\u0161echny t\u0159i p\u0159edchoz\u00ed \u017e\u00e1dosti, kter\u00e9 \u00fa\u0159ad Zemanovi doporu\u010dil, v\u0161ak byly vedeny pr\u00e1v\u011b <span class=\"highlight\">zdravotn\u00edmi<\/span> d\u016fvody.<br \/>\nZdvi\u017een\u00fd ukazov\u00e1\u010dek Dva \u017eadatel\u00e9 byli odsouzeni za zp\u016fsoben\u00ed v\u00e1\u017en\u00e9 dopravn\u00ed nehody. V nejdojemn\u011bj\u0161\u00edm p\u0159\u00edpad\u011b \u0161lo o mladou d\u00edvku, kter\u00e1 p\u0159i j\u00edzd\u011b automobilem havarovala a na m\u00edst\u011b zem\u0159ela jej\u00ed sedmn\u00e1ctilet\u00e1 spolujezdkyn\u011b.<\/p>\n<p>&#8222;Ta \u0159idi\u010dka bude do konce sv\u00e9ho \u017eivota invalidn\u00ed. Je ochrnut\u00e1 od krku dol\u016f, m\u00e1 trvale po\u0161kozen\u00fd mozek a nen\u00ed schopna ani ch\u00e1pat v\u00fdznam trestn\u00edho \u0159\u00edzen\u00ed, kter\u00e9 je stejn\u011b p\u0159eru\u0161en\u00e9. Ale pan prezident se striktn\u011b dr\u017eel toho v\u00fdkladu, \u017ee tato d\u00edvka nen\u00ed bezprost\u0159edn\u011b ohro\u017eena na \u017eivot\u011b a milost neud\u011blil,&#8220; popsala MF DNES p\u0159\u00edpad V\u00e1lkov\u00e1.<\/p>\n<p>Pr\u00e1v\u011b tuto kauzu ch\u00e1pe t\u00e9m\u011b\u0159 jako precedens do budoucna \u2013 m\u011b\u0159\u00edtko, v jak\u00e9m p\u0159\u00edpad\u011b je\u0161t\u011b Zeman milost neud\u011bl\u00ed.<br \/>\n&#8222;Pro m\u011b to byl takov\u00fd zdvi\u017een\u00fd ukazov\u00e1\u010dek, kter\u00fd mi \u0159\u00edkal: Samoz\u0159ejm\u011b m\u016f\u017eete, pan\u00ed ministryn\u011b, i v budoucnu p\u0159edlo\u017eit n\u011bjak\u00fd mimo\u0159\u00e1dn\u00fd p\u0159\u00edpad, ale budu se na n\u011bj d\u00edvat \u00fahlem pohledu toho sv\u00e9ho zad\u00e1n\u00ed,&#8220; dodala V\u00e1lkov\u00e1.<\/p>\n<p>Tak\u00e9 v dal\u0161\u00ed kauze (chronologicky prvn\u00ed \u2013 \u017e\u00e1dost se \u0159e\u0161ila v lednu) jde o \u010dlov\u011bka, kter\u00fd zp\u016fsobil v\u00e1\u017enou nehodu, p\u0159i n\u00ed\u017e zranil i sebe. Pouze nejnov\u011bj\u0161\u00ed kauza z l\u00e9ta se net\u00fdk\u00e1 dopravy. V\u00e1lkov\u00e1 doporu\u010dila prezidentovi \u017e\u00e1dost da\u0148ov\u00e9ho podvodn\u00edka, kter\u00fd trp\u00ed v\u00e1\u017enou srde\u010dn\u00ed vadou.<\/p>\n<p>Krom\u011b t\u011bchto t\u0159\u00ed p\u0159\u00edpad\u016f letos vzbudily pozornost je\u0161t\u011b dal\u0161\u00ed dv\u011b \u017e\u00e1dosti. U\u017e pon\u011bkolik\u00e1t\u00e9 ji podal vrah Ji\u0159\u00ed Kaj\u00ednek, ale ministerstvo mu nevyhov\u011blo. V Rumburku se zase podepisovala petice za ud\u011blen\u00ed milosti <span class=\"highlight\">zdravotn\u00ed<\/span> sest\u0159e obvin\u011bn\u00e9 z vra\u017edy, kter\u00e1 vypadala jako eutanazie. Tato \u017e\u00e1dost na \u00fa\u0159ad je\u0161t\u011b nedorazila.<br \/>\nV\u011bt\u0161ina \u017e\u00e1dost\u00ed je od recidivist\u016f \u017d\u00e1dosti motivovan\u00e9 <span class=\"highlight\">zdravotn\u00edmi<\/span> d\u016fvody p\u0159ekvapiv\u011b tvo\u0159\u00ed jen malou \u010d\u00e1st z celkov\u00e9ho po\u010dtu 1 098.<\/p>\n<p>V drtiv\u00e9 v\u011bt\u0161in\u011b jde o recidivisty, kte\u0159\u00ed nemaj\u00ed \u017e\u00e1dn\u00fd zvl\u00e1\u0161tn\u00ed d\u016fvod cht\u00edt zvl\u00e1\u0161tn\u00ed zach\u00e1zen\u00ed \u2013 maxim\u00e1ln\u011b je to p\u00e9\u010de o st\u00e1rnouc\u00ed rodi\u010de. Prost\u011b to s \u017e\u00e1dost\u00ed zkus\u00ed. &#8222;\u017d\u00e1dostmi se <span class=\"highlight\">zdravotn\u00edmi<\/span> d\u016fvody se zab\u00fdv\u00e1me p\u0159ednostn\u011b. St\u00e1le je\u0161t\u011b vy\u0159izujeme prvotn\u00ed bal\u00edk, kter\u00fd jsme dostali na za\u010d\u00e1tku z Hradu, kdy\u017e loni vznikl n\u00e1\u0161 odbor. Ale u\u017e jsme za polovinou,&#8220; dodal N\u011bm\u010d\u00e1k. V odd\u011blen\u00ed milost\u00ed pracuj\u00ed t\u0159i pr\u00e1vn\u00edci, kte\u0159\u00ed se jimi naplno zab\u00fdvaj\u00ed. Ka\u017ed\u00fd spis chce v\u0161ak nakonec vid\u011bt ministryn\u011b.<\/p>\n<p>Cel\u00fd spor o Zemanovy milosti spo\u010d\u00edv\u00e1 v tom, zda m\u016f\u017ee tuto pravomoc hlavy st\u00e1tu \u00fapln\u011b odlo\u017eit. Oponenti zast\u00e1vaj\u00ed n\u00e1zor, \u017ee by se prezident agendou, kterou mu ukl\u00e1d\u00e1 \u00dastava, m\u011bl zodpov\u011bdn\u011b zab\u00fdvat a milosti ud\u011blovat.<\/p>\n<p>&#8212;<\/p>\n<p><strong>Anketa <\/strong><\/p>\n<p><strong>Je spr\u00e1vn\u00e9, \u017ee prezident neud\u011bluje milosti? <\/strong><\/p>\n<p>Eli\u0161ka Wagnerov\u00e1 sen\u00e1torka a b\u00fdval\u00e1 \u00fastavn\u00ed soudkyn\u011b<\/p>\n<p>Spr\u00e1vn\u00e9 to nen\u00ed, \u017ee se milosti p\u0159estaly ud\u011blovat. Kdyby byla milost zbyte\u010dn\u00e1, tak by nebyla zakotven\u00e1 v \u00dastav\u011b. Je to ur\u010dit\u00fd korektiv spravedlnosti tam, kde ji nedok\u00e1zalo\u00a0 zjednat pr\u00e1vo.<\/p>\n<p>Anna \u0160abatov\u00e1 ombudsmanka<\/p>\n<p>Ud\u011blovat milosti je pr\u00e1vo, nikoli povinnost. Prezident nep\u0159ekra\u010duje \u00fastavn\u00ed zad\u00e1n\u00ed. A hlavn\u011b to nen\u00ed v p\u016fsobnosti ombudsmana.<\/p>\n<p>V\u00e1clav Klaus b\u00fdval\u00fd prezident<\/p>\n<p>To, jak k milostem p\u0159istupuje m\u016fj n\u00e1stupce, je nepln\u011bn\u00ed \u00fastavn\u00ed pravomoci. C\u00edt\u00edte p\u0159ece v\u0161ichni ohromn\u00fd rozd\u00edl mezi t\u00edm, kdy\u017e si \u017e\u00e1dosti podrobn\u011b prostuduji a pak \u0159eknu, \u017ee milost neud\u011bl\u00edm, a t\u00edm, kdy\u017e \u0159eknu dop\u0159edu, \u017ee \u017e\u00e1dn\u00e9 milosti ud\u011blovat nebudu (z p\u0159edn\u00e1\u0161ky v \u00dast\u00ed n. Labem).<\/p>\n<p>Mlad\u00e1 fronta Dnes<\/p>\n","protected":false},"excerpt":{"rendered":"<div class=\"mh-excerpt\"><p>Ministryn\u011b spravedlnosti doporu\u010dila Hradu t\u0159i \u017e\u00e1dosti o milost a t\u0159ikr\u00e1t neusp\u011bla. Po\u010dtvrt\u00e9 proto odlo\u017eila trest do\u010dasn\u011b sama. Ud\u011blov\u00e1n\u00ed milost\u00ed se za Zemana zcela zastavilo.<\/p>\n<\/div>","protected":false},"author":1,"featured_media":2134,"comment_status":"open","ping_status":"closed","sticky":false,"template":"","format":"standard","meta":{"footnotes":""},"categories":[6],"tags":[],"class_list":["post-18016","post","type-post","status-publish","format-standard","has-post-thumbnail","hentry","category-politika"],"_links":{"self":[{"href":"https:\/\/www.invarena.cz\/index.php?rest_route=\/wp\/v2\/posts\/18016","targetHints":{"allow":["GET"]}}],"collection":[{"href":"https:\/\/www.invarena.cz\/index.php?rest_route=\/wp\/v2\/posts"}],"about":[{"href":"https:\/\/www.invarena.cz\/index.php?rest_route=\/wp\/v2\/types\/post"}],"author":[{"embeddable":true,"href":"https:\/\/www.invarena.cz\/index.php?rest_route=\/wp\/v2\/users\/1"}],"replies":[{"embeddable":true,"href":"https:\/\/www.invarena.cz\/index.php?rest_route=%2Fwp%2Fv2%2Fcomments&post=18016"}],"version-history":[{"count":0,"href":"https:\/\/www.invarena.cz\/index.php?rest_route=\/wp\/v2\/posts\/18016\/revisions"}],"wp:featuredmedia":[{"embeddable":true,"href":"https:\/\/www.invarena.cz\/index.php?rest_route=\/wp\/v2\/media\/2134"}],"wp:attachment":[{"href":"https:\/\/www.invarena.cz\/index.php?rest_route=%2Fwp%2Fv2%2Fmedia&parent=18016"}],"wp:term":[{"taxonomy":"category","embeddable":true,"href":"https:\/\/www.invarena.cz\/index.php?rest_route=%2Fwp%2Fv2%2Fcategories&post=18016"},{"taxonomy":"post_tag","embeddable":true,"href":"https:\/\/www.invarena.cz\/index.php?rest_route=%2Fwp%2Fv2%2Ftags&post=18016"}],"curies":[{"name":"wp","href":"https:\/\/api.w.org\/{rel}","templated":true}]}}