{"id":18021,"date":"2014-10-22T17:51:06","date_gmt":"2014-10-22T15:51:06","guid":{"rendered":"http:\/\/www.invarena.cz\/?p=18021"},"modified":"2014-10-22T17:51:06","modified_gmt":"2014-10-22T15:51:06","slug":"stovky-zachranaru-nacvicovaly-zasah-po-utoku-sarinem-v-metru","status":"publish","type":"post","link":"https:\/\/www.invarena.cz\/?p=18021","title":{"rendered":"Stovky z\u00e1chran\u00e1\u0159\u016f nacvi\u010dovaly z\u00e1sah po \u00fatoku sarinem v metru"},"content":{"rendered":"<p><strong>Stovky z\u00e1chran\u00e1\u0159\u016f, hasi\u010d\u016f, voj\u00e1k\u016f a policist\u016f dnes v noci nacvi\u010dovaly z\u00e1sah po teroristick\u00e9m \u00fatoku v pra\u017esk\u00e9m metru. &#8222;Terorist\u00e9&#8220; cvi\u010dn\u011b na n\u00e1stupi\u0161ti ve stanici And\u011bl rozbili sklen\u011bnou l\u00e1hev s otravnou l\u00e1tkou sarin. Podle sc\u00e9n\u00e1\u0159e na n\u00e1sledky otravy zem\u0159elo deset lid\u00ed, dal\u0161\u00ed des\u00edtky byly zran\u011bny.<\/strong><!--more--><\/p>\n<p>\u00datok, kter\u00fd se inspiroval ud\u00e1lostmi z tokijsk\u00e9ho metra z po\u010d\u00e1tku 90. let, za\u010dal n\u011bkolik minut po 01:00. Po rozbit\u00ed n\u00e1doby byl aktivov\u00e1n popla\u0161n\u00fd syst\u00e9m, kter\u00fd by m\u011bl chemick\u00e9 l\u00e1tky, jako je sarin, rozpoznat. Jak syst\u00e9m funguje, necht\u011bj\u00ed z\u00e1stupci z\u00e1chrann\u00fdch slo\u017eek nebo dopravn\u00edho podniku z bezpe\u010dnostn\u00edch d\u016fvod\u016f komentovat.<\/p>\n<p>Po n\u011bkolika minut\u00e1ch na m\u00edsto dorazily prvn\u00ed hasi\u010dsk\u00e9 vozy a sanitky, kter\u00e9 brzy t\u00e9m\u011b\u0159 zaplnily autobusov\u00e9 n\u00e1dra\u017e\u00ed Na Kn\u00ed\u017eec\u00ed. Hasi\u010di se rychle p\u0159evl\u00e9kli do protichemick\u00fdch oblek\u016f a vyrazili na prvn\u00ed pr\u016fzkum do stanice metra. Brzy je doplnili dal\u0161\u00ed kolegov\u00e9, kte\u0159\u00ed na m\u00edst\u011b postavili dekontamina\u010dn\u00ed pracovi\u0161t\u011b, p\u0159ivezeny byly i v\u00fdjezdov\u00e9 chemick\u00e9 laborato\u0159e.<\/p>\n<p>Po n\u011bkolika des\u00edtk\u00e1ch minut z podzem\u00ed za\u010dali hasi\u010di vyv\u00e1d\u011bt \u010di vyn\u00e1\u0161et prvn\u00ed cestuj\u00edc\u00ed. Po tak zvan\u00e9 such\u00e9 dekontaminaci, kdy byli je\u0161t\u011b ve vestibulu metra vysvle\u010deni do spodn\u00edho pr\u00e1dla a o\u010di\u0161t\u011bni proudem vzduchu, je autobusy a sanitky za\u010daly rozv\u00e1\u017eet do nemocnic. Jejich krizov\u00e9 \u0161t\u00e1by mezit\u00edm povolaly l\u00e9ka\u0159sk\u00e9 posily a za\u0159\u00eddily dostate\u010dn\u00fd po\u010det l\u016f\u017eek.<\/p>\n<p>Hasi\u010di b\u011bhem noci nezasahovali pouze na stanici And\u011bl, jejich jednotky tak\u00e9 kontrolovaly sousedn\u00ed stanice, kam odjely soupravy metra, kter\u00e9 mohly b\u00fdt nebezpe\u010dnou l\u00e1tkou tak\u00e9 zasa\u017eeny.<\/p>\n<p>Do cvi\u010den\u00ed, kter\u00e9 bylo nejv\u011bt\u0161\u00ed za posledn\u00edch n\u011bkolik let, se zapojilo v\u00edce ne\u017e 800 lid\u00ed, v\u010detn\u011b n\u011bkolika des\u00edtek figurant\u016f. Na m\u00edsto dojeli i detektivov\u00e9 \u00datvaru pro odhalov\u00e1n\u00ed organizovan\u00e9ho zlo\u010dinu nebo v\u00edce ne\u017e des\u00edtka voj\u00e1k\u016f z libereck\u00e9 protichemick\u00e9 jednotky. Ti podle mluv\u010d\u00ed gener\u00e1ln\u00edho \u0161t\u00e1bu Jany R\u016f\u017ei\u010dkov\u00e9 postavili v are\u00e1lu vojensk\u00e9 nemocnice speci\u00e1ln\u00ed dekontamina\u010dn\u00ed stan.<\/p>\n<p>\u0158editel pra\u017esk\u00e9 z\u00e1chrann\u00e9 slu\u017eby Zden\u011bk Schwarz byl s pr\u016fb\u011bhem cvi\u010den\u00ed spokojen. &#8222;M\u016f\u017eu srovn\u00e1vat se zahrani\u010d\u00edm a mysl\u00edm si, \u017ee Praha se v tomhle nem\u00e1 za co styd\u011bt. Prob\u00edh\u00e1 to jako v\u0161ude jinde, dokonce v n\u011b\u010dem jsme nap\u0159ed,&#8220; \u0159ekl novin\u00e1\u0159\u016fm. &#8222;D\u016fle\u017eit\u00e9 je, \u017ee se cvi\u010d\u00ed sou\u010dinnost, \u017ee si to ti lid\u00e9 ohmataj\u00ed, \u017ee vid\u00ed, jak by to bylo v re\u00e1lu,&#8220; dodal.<\/p>\n","protected":false},"excerpt":{"rendered":"<div class=\"mh-excerpt\"><p>Stovky z\u00e1chran\u00e1\u0159\u016f, hasi\u010d\u016f, voj\u00e1k\u016f a policist\u016f dnes v noci nacvi\u010dovaly z\u00e1sah po teroristick\u00e9m \u00fatoku v pra\u017esk\u00e9m metru. &#8222;Terorist\u00e9&#8220; cvi\u010dn\u011b na n\u00e1stupi\u0161ti ve stanici And\u011bl rozbili <a class=\"mh-excerpt-more\" href=\"https:\/\/www.invarena.cz\/?p=18021\" title=\"Stovky z\u00e1chran\u00e1\u0159\u016f nacvi\u010dovaly z\u00e1sah po \u00fatoku sarinem v metru\">[&#8230;]<\/a><\/p>\n<\/div>","protected":false},"author":1,"featured_media":0,"comment_status":"open","ping_status":"closed","sticky":false,"template":"","format":"standard","meta":{"footnotes":""},"categories":[9],"tags":[],"class_list":["post-18021","post","type-post","status-publish","format-standard","hentry","category-zpravy"],"_links":{"self":[{"href":"https:\/\/www.invarena.cz\/index.php?rest_route=\/wp\/v2\/posts\/18021","targetHints":{"allow":["GET"]}}],"collection":[{"href":"https:\/\/www.invarena.cz\/index.php?rest_route=\/wp\/v2\/posts"}],"about":[{"href":"https:\/\/www.invarena.cz\/index.php?rest_route=\/wp\/v2\/types\/post"}],"author":[{"embeddable":true,"href":"https:\/\/www.invarena.cz\/index.php?rest_route=\/wp\/v2\/users\/1"}],"replies":[{"embeddable":true,"href":"https:\/\/www.invarena.cz\/index.php?rest_route=%2Fwp%2Fv2%2Fcomments&post=18021"}],"version-history":[{"count":0,"href":"https:\/\/www.invarena.cz\/index.php?rest_route=\/wp\/v2\/posts\/18021\/revisions"}],"wp:attachment":[{"href":"https:\/\/www.invarena.cz\/index.php?rest_route=%2Fwp%2Fv2%2Fmedia&parent=18021"}],"wp:term":[{"taxonomy":"category","embeddable":true,"href":"https:\/\/www.invarena.cz\/index.php?rest_route=%2Fwp%2Fv2%2Fcategories&post=18021"},{"taxonomy":"post_tag","embeddable":true,"href":"https:\/\/www.invarena.cz\/index.php?rest_route=%2Fwp%2Fv2%2Ftags&post=18021"}],"curies":[{"name":"wp","href":"https:\/\/api.w.org\/{rel}","templated":true}]}}