{"id":18022,"date":"2014-10-22T18:40:01","date_gmt":"2014-10-22T16:40:01","guid":{"rendered":"http:\/\/www.invarena.cz\/?p=18022"},"modified":"2014-10-22T18:45:56","modified_gmt":"2014-10-22T16:45:56","slug":"marksova-muze-se-stat-ze-nejaky-detska-skupina-kvuli-zakonu-zanikne","status":"publish","type":"post","link":"https:\/\/www.invarena.cz\/?p=18022","title":{"rendered":"Marksov\u00e1: M\u016f\u017ee se st\u00e1t, \u017ee n\u011bjak\u00e1 d\u011btsk\u00e1 skupina kv\u016fli z\u00e1konu zanikne"},"content":{"rendered":"<p><strong>Na t\u00e9ma ohro\u017een\u00fdch lesn\u00edch \u0161kolek, d\u011btsk\u00fdch klub\u016f hovo\u0159ili v \u010cT Michaela Marksov\u00e1, ministryn\u011b pr\u00e1ce a soci\u00e1ln\u00edch v\u011bc\u00ed, a vedouc\u00ed integra\u010dn\u00edch program\u016f spole\u010dnosti \u010clov\u011bk v t\u00edsni Jan \u010cern\u00fd.<\/strong> <!--more--><br \/>\n<strong>Prezident \u0159\u00edk\u00e1, \u017ee jen hlup\u00e1k nem\u011bn\u00ed n\u00e1zory, tak se jenom uji\u0161\u0165uji, jestli se nezm\u011bnily n\u00e1zory od t\u00e9 doby, \u017ee by se hlasovalo jinak ve sn\u011bmovn\u011b?<\/strong><\/p>\n<p>Michaela MARKSOV\u00c1, ministryn\u011b pr\u00e1ce a soci\u00e1ln\u00edch v\u011bc\u00ed \/\u010cSSD\/:<br \/>\nm\u00e1te pravdu, \u017ee j\u00e1 se je budu sna\u017eit sp\u00ed\u0161e poslance p\u0159esv\u011bd\u010dit, aby pro tento z\u00e1kon hlasovali, proto\u017ee jsem p\u0159esv\u011bd\u010dena, \u017ee je velice u\u017eite\u010dn\u00fd, a \u017ee ty obavy, kter\u00e9 ty organizace vyjad\u0159uj\u00ed, nejsou nam\u00edst\u011b.<\/p>\n<p>moder\u00e1tor:<br \/>\n<strong>Pane \u010cern\u00fd, pokud p\u0159ehlasuje sn\u011bmovna veto, co vy budete d\u011blat?<\/strong><\/p>\n<p>Jan \u010cERN\u00dd, vedouc\u00ed program\u016f soci\u00e1ln\u00ed integrace, \u010clov\u011bk v t\u00edsni:<br \/>\nInformujeme poslance o tom, co se m\u016f\u017ee podle n\u00e1s st\u00e1t. A co budeme d\u011blat, pakli\u017ee se to stane, tak to opravdu nev\u00edm. Mo\u017en\u00e1 budeme jakoby pokra\u010dovat d\u00e1l v tom vzd\u011bl\u00e1vac\u00edm undergroundu jakoby, kter\u00fd vlastn\u011b pro ty d\u011bti, kter\u00e9 to nejv\u00edc v \u010cesk\u00e9 republice pot\u0159ebuj\u00ed, tak provozujeme, jo. Je &#8230;, probl\u00e9m je ten, nen\u00ed ani tak z\u00e1kon o d\u011btsk\u00e9 skupin\u011b, ale o to &#8230;, o tom, co v\u0161echno vlastn\u011b p\u0159in\u00e1\u0161\u00ed, a co nen\u00ed napsan\u00e9 v tom z\u00e1konu. Otev\u00edr\u00e1 hlavn\u011b stavebn\u00ed \u0159\u00edzen\u00ed a ot\u00e1zku stavebn\u011b-technick\u00e9ho zabezpe\u010den\u00ed t\u011bch budov, kde vlastn\u011b nejde jenom o to, co pak bude naps\u00e1no v tom &#8230;<\/p>\n<p>moder\u00e1tor:<br \/>\nco mysl\u00edte t\u00edm, \u017ee se otev\u00edr\u00e1 stavebn\u00ed \u0159\u00edzen\u00ed?<\/p>\n<p>\u010cERN\u00dd,<br \/>\nkdy\u017e budu pot\u0159ebovat vyhov\u011bt tomu z\u00e1konu, tak mus\u00edm si povolat architekta nebo stava\u0159e, ten mi mus\u00ed zpracovat projekt, abych vyhov\u011bl v\u0161em t\u011bm podklad\u016fm. Tady je t\u0159eba takov\u00e1 40str\u00e1nkov\u00e1 \u010desk\u00e1 technick\u00e1 norma na hygienick\u00e9 za\u0159\u00edzen\u00ed a \u0161atny, kde je naps\u00e1no, jak vypad\u00e1 ten kter\u00fd z\u00e1chod, jak\u00fd m\u00e1 kachl\u00edky, do jak\u00e9 v\u00fd\u0161ky, co je to p\u0159eds\u00ed\u0148, kolik jich je a vlastn\u011b do mnoha t\u011bch budov, kter\u00e9 m\u00e1me v pron\u00e1jmu a kter\u00e9, kter\u00e9 maj\u00ed ty organizace, kter\u00e9 poskytuj\u00ed soci\u00e1ln\u011b vzd\u011bl\u00e1vac\u00ed slu\u017eby v pron\u00e1jmu, tak se t\u0159eba ty v\u011bci nevejdou, prost\u011b technicky je tam &#8230;<\/p>\n<p>moder\u00e1tor:<br \/>\nPan\u00ed ministryn\u011b, neohro\u017eujete tady ty nap\u0159\u00edklad nejchud\u0161\u00ed d\u011bti, o kter\u00e9 se \u010clov\u011bk v t\u00edsni v t\u011bch p\u0159ed\u0161koln\u00edch skupin\u00e1ch star\u00e1?<\/p>\n<p>MARKSOV\u00c1<br \/>\nJ\u00e1 se po\u0159\u00e1d domn\u00edv\u00e1m, \u017ee je neohro\u017eujeme, a to z n\u011bkolika d\u016fvod\u016f. Za prv\u00e9 my jsme je\u0161t\u011b po\u0159\u00e1d nedostali informaci, to je jedna z t\u011bch v\u011bc\u00ed, na kter\u00e9 se, na kter\u00fdch se mus\u00edme dohodnout, za jak\u00fdch p\u0159esn\u011b podm\u00ednek, pro jak\u00e9 d\u011bti a jak funguj\u00ed tyto kluby, o kter\u00fdch te\u010f mluv\u00edme. To znamen\u00e1 kluby pro d\u011bti ze soci\u00e1ln\u011b vylou\u010den\u00e9ho prost\u0159ed\u00ed. Pokud v\u00edm, tak velice \u010dasto tyto kluby funguj\u00ed i z\u00e1rove\u0148 s t\u011bmi rodi\u010di. Rodi\u010de se u\u010d\u00ed si s t\u011bmi d\u011btmi t\u0159eba hr\u00e1t, u\u010d\u00ed se s nimi vybarvovat, \u010d\u00edst kn\u00ed\u017eky, proto\u017ee to neum\u00ed oni, ale &#8230;<\/p>\n<p>moder\u00e1tor:<br \/>\nA to n\u011bco m\u011bn\u00ed na t\u011bch kachli\u010dk\u00e1ch, z\u00e1chodech a umyvadlech?<\/p>\n<p>MARKSOV\u00c1,<br \/>\nMoment. Ano, proto\u017ee v takov\u00fdch p\u0159\u00edpadech smysl t\u011bch klub\u016f nen\u00ed hl\u00eddat d\u011bti a poskytnout jim p\u00e9\u010di ve chv\u00edli, kdy ti rodi\u010de, p\u0159edev\u0161\u00edm matky, chod\u00ed do pr\u00e1ce. To je jedna ta kapitola. Tak\u017ee my se nejd\u0159\u00edv mus\u00edme pod\u00edvat, na kter\u00e9 ty kluby by se v\u016fbec ten z\u00e1kon o d\u011btsk\u00e9 skupin\u011b vzt\u00e1hl. A te\u010f, co se t\u00fd\u010de t\u011bch standard\u016f. Kdy\u017e si p\u0159e\u010dtete tu na\u0161i vyhl\u00e1\u0161ku, tak ty jsou velice m\u00edrn\u00e9 a je to vlastn\u011b poprv\u00e9, kdy se v\u016fbec otev\u0159ela ta debata o tom, jak\u00e9 jsou tady hygienick\u00e9 standardy a technick\u00e9 stavebn\u00ed p\u00e9\u010de o p\u0159ed\u0161koln\u00ed d\u011bti. A j\u00e1 si mysl\u00edm, \u017ee tato debata je nam\u00edst\u011b a naprost\u00e1 v\u011bt\u0161ina t\u011bch v\u011bc\u00ed, co tady m\u00e1me, tak si mysl\u00edm, \u017ee je splniteln\u00e1 a u\u017e v\u00ed podle m\u00e9ho n\u00e1zoru, v t\u011bch klubech t\u0159eba taky m\u00e1te, ur\u010dit\u011b m\u00e1te pro d\u011bti z\u00e1chod, ur\u010dit\u011b pro n\u011b m\u00e1te umyvadlo a ne za v\u0161ech okolnost\u00ed mus\u00ed b\u00fdt umyvadlo n\u00edzk\u00e9 a z\u00e1chod mal\u00fd, &#8230;<\/p>\n<p>moder\u00e1tor:<br \/>\ntak to vypad\u00e1, \u017ee to je velmi jednoduch\u00e9, p\u0159edpisy jsou m\u00edrn\u00e9 ve vyhl\u00e1\u0161ce ministerstva.To znamen\u00e1, \u017ee bude ale n\u011bjak\u00e1 d\u011btsk\u00e1 skupina, kter\u00e1 to mo\u017en\u00e1 nezvl\u00e1dne, nebo to bude velk\u00fd investi\u010dn\u00ed n\u00e1klad, tak\u017ee z\u0159ejm\u011b zanikne?<\/p>\n<p>Michaela MARKSOV\u00c1<br \/>\nTo je mo\u017en\u00e9, ale rozhodn\u011b z\u00e1m\u011brem tohoto z\u00e1kona nen\u00ed, aby n\u011bjak\u00e1 d\u011btsk\u00e1 skupina zanikla.<\/p>\n<p>moder\u00e1tor:<br \/>\nNo, z\u00e1m\u011brem mo\u017en\u00e1 ne, ale d\u016fsledkem.<\/p>\n<p>Jan \u010cERN\u00dd,<br \/>\nOno je pot\u0159eba \u0159\u00edct, \u017ee od po\u010dtu 12 d\u011bt\u00ed vej\u0161, tak na ty budovy se bude vztahovat technick\u00e1 norma jako na b\u011b\u017en\u00e9 \u0161kolky &#8211; 258. A na ty ostatn\u00ed se bude vztahovat vyhl\u00e1\u0161ka, kter\u00e1 je\u0161t\u011b nen\u00ed fin\u00e1ln\u011b p\u0159ijat\u00e1, nicm\u00e9n\u011b, kdy\u017e n\u011bkam nap\u00ed\u0161ete &#8222;z\u00e1chod&#8220;, tak tato technick\u00e1 norma \u0159\u00edk\u00e1, co je to z\u00e1chod, ne ta vyhl\u00e1\u0161ka.<\/p>\n<p>Michaela MARKSOV\u00c1,<br \/>\nAno, ale j\u00e1 p\u0159edpokl\u00e1d\u00e1m, \u017ee vy tam mus\u00edte z\u00e1chody m\u00edt za prv\u00e9, o tom nepochybuji. Druh\u00e1 v\u011bc je, a to je \u00fapln\u011b samostatn\u00e1 kapitola, jsou ty skupiny nad 12 d\u011bt\u00ed. To m\u00e1te pravdu. Tam jsou velice p\u0159\u00edsn\u00e9 standardy, kter\u00e9 nejsou v\u016fbec v ruk\u00e1ch na\u0161eho ministerstva. Jsou ve \u0161kolsk\u00e9m z\u00e1kon\u011b, jsou v \u017eivnostensk\u00e9m z\u00e1kon\u011b a tady bych cht\u011bla p\u0159ipomenout, \u017ee p\u0159i t\u00e9 debat\u011b o tomto z\u00e1kon\u011b v Poslaneck\u00e9 sn\u011bmovn\u011b n\u00e1s, vlastn\u011b m\u011b, ministerstva zdravotnictv\u00ed &#8230; ministra zdravotnictv\u00ed a ministra \u0161kolstv\u00ed zav\u00e1zala Poslaneck\u00e1 sn\u011bmovna, abychom spolu jednali a abychom se pod\u00edvali i na rozvoln\u011bn\u00ed standard\u016f t\u011bchto, na t\u011bch 12 d\u011bt\u00ed. Ale to jsme je\u0161t\u011b neza\u010dali, ale my v tuto chv\u00edli jsme velice zm\u00edrnili jenom skute\u010dn\u011b d\u00edky tomuto z\u00e1konu standardy t\u011bch skupin\u00a0 do 12 d\u011bt\u00ed a ty si mysl\u00edm, \u017ee splniteln\u00e9 jsou. A \u0159\u00edk\u00e1m, my se mus\u00edme pod\u00edvat na ty jednotliv\u00e9 kluby. Tam, kde by se uk\u00e1zalo, \u017ee skute\u010dn\u011b podlehnete, padnete do z\u00e1kona o d\u011btsk\u00e9 skupin\u011b, tak se budeme d\u00edvat na to, jak v\u00e1m pomoci a krom\u011b toho j\u00e1 mus\u00edm \u0159\u00edci, \u017ee jsme st\u00e1le v jedn\u00e1n\u00ed s ministerstvem zdravotnictv\u00ed, abychom tuto vyhl\u00e1\u0161ku je\u0161t\u011b zobecnili, aby to bylo pro v\u00e1s je\u0161t\u011b jednodu\u0161\u0161\u00ed, ne\u017e to je te\u010f.<\/p>\n<p>moder\u00e1tor:<br \/>\njenom pro up\u0159esn\u011bn\u00ed, a\u0165 m\u00e1me \u00fapln\u011b jasno. To znamen\u00e1, \u017ee vy p\u0159\u00edpadn\u011b budete n\u011bkomu selektivn\u011b podm\u00ednky n\u011bjak\u00fdm zp\u016fsobem zm\u011bk\u010dovat nebo &#8230;<\/p>\n<p>MARKSOV\u00c1,<br \/>\nNe, ne, ne. To ur\u010dit\u011b ne.<\/p>\n<p>moder\u00e1tor:<br \/>\nPro\u010d se to neud\u011bl\u00e1 rovnou tedy v tom z\u00e1kon\u011b?<\/p>\n<p>MARKSOV\u00c1<br \/>\nJ\u00e1 mus\u00edm \u0159\u00edct, \u017ee je to velk\u00fd boj, \u017ee se vlastn\u011b dote\u010f, bych \u0159ekla, \u017ee ty hygienick\u00e9 a stavebn\u00ed standardy pro d\u011bti byly jaksi tabu, \u017ee to nikdo ne\u0159e\u0161il. Teprve tento z\u00e1kon to otev\u0159el. A j\u00e1 to vid\u00edm velice pozitivn\u011b, proto\u017ee ta diskuse je velk\u00e1 a u\u017e se za\u010d\u00edn\u00e1 obecn\u011b p\u0159ij\u00edmat, \u017ee to, jak\u00e9 standardy v sou\u010dasn\u00e9 dob\u011b m\u00e1me, je p\u0159ehnan\u011b p\u0159\u00edsn\u00e9, a \u017ee bychom se o nich m\u011bli za\u010d\u00edt bavit. Tak\u017ee j\u00e1 jsem optimistka a z\u00edtra na tiskov\u00e9 konferenci bychom m\u011bli vystoupit spolu s ministrem zdravotnictv\u00ed i \u0161kolstv\u00ed a snad na\u0161e vystoupen\u00ed n\u00e1s v\u0161ech 3 dohromady bude p\u0159esv\u011bd\u010div\u00e9 natolik, aby tyto organizace p\u0159estaly m\u00edt strach.<\/p>\n<p>moder\u00e1tor:<br \/>\nCo tam \u0159eknete?<\/p>\n<p>MARKSOV\u00c1,<br \/>\n\u017de budeme d\u00e1le jednat, \u017ee souhlas\u00edme se zm\u011bk\u010den\u00edm t\u011bch podm\u00ednek. \u0158\u00edk\u00e1m, do 12 d\u011bt\u00ed, to je je\u0161t\u011b v rukou na\u0161eho ministerstva &#8230;a nad t\u011bch 12 let, o tom budeme asi jednat p\u0159\u00ed\u0161t\u00ed rok a j\u00e1 mohu koordinovat. To nen\u00ed v m\u00fdch ruk\u00e1ch.<\/p>\n<p>moder\u00e1tor:<br \/>\nKter\u00fdm d\u011btem hroz\u00ed to, \u017ee p\u0159ijdou o tuto p\u0159ed\u0161koln\u00ed v\u00fdchovu nap\u0159\u00edklad?<\/p>\n<p>\u010cERN\u00dd,<br \/>\nNo, z\u00e1le\u017e\u00ed na tom, jak budou odv\u00e1\u017en\u00e9 ty organizace, proto\u017ee tam jsou velk\u00e9 pokuty za neleg\u00e1ln\u00ed provozov\u00e1n\u00ed vzd\u011bl\u00e1vac\u00ed a v\u00fdchovn\u00e9 \u010dinnosti.<\/p>\n<p>moder\u00e1tor:<br \/>\nNo a kdy\u017e si pozvete jenom maminku, jak \u0159\u00edkala pan\u00ed ministryn\u011b, kdy\u017e to nen\u00ed vylo\u017een\u011b jenom hl\u00edd\u00e1n\u00ed d\u011bt\u00ed, to nen\u00ed cesta, kterou m\u016f\u017eete j\u00edt?<\/p>\n<p>Jan \u010cERN\u00dd,<br \/>\nNe, ta na to nem\u00e1 vliv.\u00a0 ta definice v paragrafu 2 je takov\u00e1, kdy\u017e se sejde 2 a v\u00edce d\u011bt\u00ed za \u00fa\u010delem v\u00fdchovy, vzd\u011bl\u00e1v\u00e1n\u00ed a p\u00e9\u010de, tak prost\u011b padaj\u00ed pod ten z\u00e1kon o d\u011btsk\u00e9 skupin\u011b. Tud\u00ed\u017e znamen\u00e1 to, \u017ee mus\u00ed spl\u0148ovat ty standardy. T\u00fdk\u00e1 se to i mate\u0159sk\u00fdch center.<\/p>\n<p>moder\u00e1tor:<br \/>\nPan\u00ed ministryn\u011b tady nab\u00edz\u00ed zm\u011bk\u010den\u00ed. Te\u010f jste to sly\u0161el. tak kde se jste schopni se potkat? Kam, jak byste si to zm\u011bk\u010den\u00ed p\u0159edstavovali vy?<\/p>\n<p>\u010cERN\u00dd,<br \/>\nMy si p\u0159edstavujeme tro\u0161ku jin\u00e9 \u0159e\u0161en\u00ed, a to znamen\u00e1, ten, kdo by cht\u011bl da\u0148ov\u00e9 \u00falevy a d\u011blat firemn\u00ed \u0161kolky a to, co vlastn\u011b umo\u017e\u0148uje z\u00e1kon o d\u011btsk\u00e9 skupin\u011b a kv\u016fli \u010demu byl p\u0159ed 8 lety ministrem Ne\u010dasem mysl\u00edm, tehdy <span class=\"highlight\">ministrem<\/span> <span class=\"highlight\">pr\u00e1ce<\/span> a soci\u00e1ln\u00edch v\u011bc\u00ed, vykopnut jako do t\u00fd 8let\u00fd pouti, kter\u00e1 dneska nebo na t\u00e9to sch\u016fzi n\u011bjak kon\u010d\u00ed &#8230;<\/p>\n<p>moder\u00e1tor:<br \/>\ntak po\u010dkejte. Tak pan\u00ed ministryn\u011b tady nab\u00edz\u00ed, \u017ee bude s v\u00e1mi jednat a n\u011bjak\u00e1 zm\u011bk\u010den\u00ed b\u011bhem toho roku se budou hledat. Tak co jinak? A jste v re\u017eimu z\u00e1konu, kter\u00fd s nejv\u011bt\u0161\u00ed pravd\u011bpodobnost\u00ed asi bude tedy.<\/p>\n<p>Jan \u010cERN\u00dd,<br \/>\nJ\u00e1 tvrd\u00edm, \u017ee jak lesn\u00ed \u0161kolky, tak na\u0161e kluby, tak dal\u0161\u00ed organizace, kter\u00e9 pracuj\u00ed s d\u011btma a ml\u00e1de\u017e\u00ed, maj\u00ed dostate\u010dn\u00e9 a bezpe\u010dn\u00e9 prostory pro to, aby fungovaly ty \u010dinnosti bez n\u011bjakejch dodate\u010dnejch stavebn\u00edch \u00faprav. Jakmile se pust\u00edte na pole stavebn\u00edch jako \u00faprav, tak zva\u017eujete taky bezbari\u00e9rovost t\u011bch za\u0159\u00edzen\u00ed, zdali prost\u011b jsou to ve\u0159ejn\u00e1 za\u0159\u00edzen\u00ed, pakli\u017ee se tam poskytuj\u00ed i soci\u00e1ln\u00ed slu\u017eby, jo a to jsou n\u00e1klady, kter\u00fd jdou do n\u011bjak\u00fdch des\u00edtek, stovek milion\u016f korun, a p\u0159itom nejsou \u00fapln\u011b pot\u0159eba, jo. Pro n\u00e1s je d\u016fle\u017eitej dobrej pedagog, ne normovanej reg\u00e1l na boty.<\/p>\n<p>moder\u00e1tor:<br \/>\nco kdy\u017e se n\u011bco stane? Nem\u00e1 tady b\u00fdt jasn\u011b stanoveno, jasn\u00e1 pravidla pro to, jak m\u00e1te fungovat?<\/p>\n<p>\u010cERN\u00dd<br \/>\nKdy\u017e se n\u011bco stane na z\u00e1chod\u011b, mysl\u00edte, nebo &#8230;<\/p>\n<p>moder\u00e1tor:<br \/>\nNo, tak je to jedno &#8230;, z\u00e1chod je jedno z pravidel, kter\u00e9 ten z\u00e1kon stanovuje.<\/p>\n<p>Jan \u010cERN\u00dd,<br \/>\nale v\u0161ichni samoz\u0159ejm\u011b to hygienick\u00e9 z\u00e1zem\u00ed dostate\u010dn\u00e9 m\u00e1me a bezpe\u010dn\u00e9, tak\u017ee tam, v oblasti bezpe\u010dnosti nedoch\u00e1z\u00ed k \u017e\u00e1dn\u00e9mu posunu prost\u011b v nebezpe\u010dnosti nedoch\u00e1z\u00ed.<\/p>\n<p>MARKSOV\u00c1,<br \/>\nTak j\u00e1 mysl\u00edm, \u017ee p\u0159edev\u0161\u00edm tohleto je obecn\u00e1 ot\u00e1zka. My si mus\u00edme uv\u011bdomit, \u017ee se bav\u00edme o n\u011bjak\u00e9 pravideln\u00e9 p\u00e9\u010di o p\u0159ed\u0161koln\u00ed d\u011bti, a pak je samoz\u0159ejm\u011b ot\u00e1zka, jestli to m\u00e1me nechat b\u00fdt jako st\u00e1t a zav\u0159\u00edt o\u010di, nebo jestli k tomu d\u00e1t alespo\u0148 n\u011bjak\u00e9 minim\u00e1ln\u00ed standardy. J\u00e1 si mysl\u00edm, \u017ee bychom tomu m\u011bli d\u00e1t ty minim\u00e1ln\u00ed standardy. A te\u010f se bav\u00edme o tom, jak\u00e9 maj\u00ed b\u00fdt. J\u00e1 se domn\u00edv\u00e1m, \u017ee vy tam, kde skute\u010dn\u011b padnete do d\u011btsk\u00e9 skupiny, tak\u017ee stejn\u011b v\u011bt\u0161inu t\u011bch standard\u016f u\u017e spl\u0148ujete, pokud j\u00e1 v\u00edm, ale znova, budeme se na to muset pod\u00edvat, proto\u017ee j\u00e1 nev\u00edm, co vy p\u0159esn\u011b provozujete. My je\u0161t\u011b jsme tuto informaci nedostali, a pak se o tom poj\u010fme bavit, proto\u017ee na\u0161t\u011bst\u00ed ta vyhl\u00e1\u0161ka, \u0159\u00edk\u00e1m, ta do t\u011bch 12 d\u011bt\u00ed je v rukou ministerstva a nad t\u011bch 12 d\u011bt\u00ed, o tom se ur\u010dit\u011b budeme d\u00e1le bavit, proto\u017ee ony s t\u00edm maj\u00ed probl\u00e9my i mate\u0159sk\u00e9 \u0161kolky. On je to velk\u00fd probl\u00e9m i pro n\u011b.<\/p>\n<p>moder\u00e1tor:<br \/>\nD\u00edky, \u017ee jste p\u0159i\u0161li do Ud\u00e1lost\u00ed, koment\u00e1\u0159\u016f.<\/p>\n<p>&nbsp;<\/p>\n<p>&nbsp;<\/p>\n<p>&nbsp;<\/p>\n<div id=\"updPanDown\"><\/div>\n","protected":false},"excerpt":{"rendered":"<div class=\"mh-excerpt\"><p>Na t\u00e9ma ohro\u017een\u00fdch lesn\u00edch \u0161kolek, d\u011btsk\u00fdch klub\u016f hovo\u0159ili v \u010cT Michaela Marksov\u00e1, ministryn\u011b pr\u00e1ce a soci\u00e1ln\u00edch v\u011bc\u00ed, a vedouc\u00ed integra\u010dn\u00edch program\u016f spole\u010dnosti \u010clov\u011bk v t\u00edsni <a class=\"mh-excerpt-more\" href=\"https:\/\/www.invarena.cz\/?p=18022\" title=\"Marksov\u00e1: M\u016f\u017ee se st\u00e1t, \u017ee n\u011bjak\u00e1 d\u011btsk\u00e1 skupina kv\u016fli z\u00e1konu zanikne\">[&#8230;]<\/a><\/p>\n<\/div>","protected":false},"author":1,"featured_media":16409,"comment_status":"open","ping_status":"closed","sticky":false,"template":"","format":"standard","meta":{"footnotes":""},"categories":[12],"tags":[],"class_list":["post-18022","post","type-post","status-publish","format-standard","has-post-thumbnail","hentry","category-rozhovory"],"_links":{"self":[{"href":"https:\/\/www.invarena.cz\/index.php?rest_route=\/wp\/v2\/posts\/18022","targetHints":{"allow":["GET"]}}],"collection":[{"href":"https:\/\/www.invarena.cz\/index.php?rest_route=\/wp\/v2\/posts"}],"about":[{"href":"https:\/\/www.invarena.cz\/index.php?rest_route=\/wp\/v2\/types\/post"}],"author":[{"embeddable":true,"href":"https:\/\/www.invarena.cz\/index.php?rest_route=\/wp\/v2\/users\/1"}],"replies":[{"embeddable":true,"href":"https:\/\/www.invarena.cz\/index.php?rest_route=%2Fwp%2Fv2%2Fcomments&post=18022"}],"version-history":[{"count":0,"href":"https:\/\/www.invarena.cz\/index.php?rest_route=\/wp\/v2\/posts\/18022\/revisions"}],"wp:featuredmedia":[{"embeddable":true,"href":"https:\/\/www.invarena.cz\/index.php?rest_route=\/wp\/v2\/media\/16409"}],"wp:attachment":[{"href":"https:\/\/www.invarena.cz\/index.php?rest_route=%2Fwp%2Fv2%2Fmedia&parent=18022"}],"wp:term":[{"taxonomy":"category","embeddable":true,"href":"https:\/\/www.invarena.cz\/index.php?rest_route=%2Fwp%2Fv2%2Fcategories&post=18022"},{"taxonomy":"post_tag","embeddable":true,"href":"https:\/\/www.invarena.cz\/index.php?rest_route=%2Fwp%2Fv2%2Ftags&post=18022"}],"curies":[{"name":"wp","href":"https:\/\/api.w.org\/{rel}","templated":true}]}}