{"id":18036,"date":"2014-10-23T12:52:37","date_gmt":"2014-10-23T10:52:37","guid":{"rendered":"http:\/\/www.invarena.cz\/?p=18036"},"modified":"2014-10-23T12:51:46","modified_gmt":"2014-10-23T10:51:46","slug":"nove-prukazy-ztp-budou-i-bez-lekare","status":"publish","type":"post","link":"https:\/\/www.invarena.cz\/?p=18036","title":{"rendered":"Nov\u00e9 pr\u016fkazy ZTP maj\u00ed b\u00fdt i bez l\u00e9ka\u0159e"},"content":{"rendered":"<p><strong>Zdravotn\u011b posti\u017een\u00ed, kte\u0159\u00ed maj\u00ed pr\u016fkazy pro handicapovan\u00e9 vydan\u00e9 do konce leto\u0161n\u00edho roku, budou z\u0159ejm\u011b dost\u00e1vat nov\u00e9 pr\u016fkazy automaticky. \u00da\u0159ady by jim je mohly vym\u011bnit bez posuzov\u00e1n\u00ed zdravotn\u00edho stavu l\u00e9ka\u0159em a bez spr\u00e1vn\u00edho \u0159\u00edzen\u00ed.<\/strong> <!--more--><\/p>\n<p>P\u0159edpokl\u00e1d\u00e1 to novela z\u00e1kona o poskytov\u00e1n\u00ed d\u00e1vek <span class=\"highlight\">posti\u017een\u00fdm<\/span>, kterou v\u010dera poslaneck\u00e9 sn\u011bmovn\u011b doporu\u010dil schv\u00e1lit soci\u00e1ln\u00ed v\u00fdbor.<\/p>\n<p>Pokud by se ale zm\u011bna neschv\u00e1lila, bylo by to podle n\u00e1m\u011bstka ministryn\u011b pr\u00e1ce a soci\u00e1ln\u00edch v\u011bc\u00ed Petra \u0160imerky n\u00e1ro\u010dn\u00e9 pro <span class=\"highlight\">posti\u017een\u00e9<\/span> i pro st\u00e1t.<\/p>\n<p>Av\u0161ak v\u010dera p\u0159edlo\u017een\u00fd z\u00e1kon stanovuje postup, jak se budou nyn\u011bj\u0161\u00ed pr\u016fkazy m\u011bnit.<\/p>\n<p>M\u00edsto d\u0159\u00edv\u011bj\u0161\u00edch pr\u016fkaz\u016f TP, <span class=\"highlight\">ZTP<\/span> a <span class=\"highlight\">ZTP<\/span>\/P \u00fa\u0159ady od roku 2012 vyd\u00e1valy pr\u016fkaz osoby se zdravotn\u00edm posti\u017een\u00edm (OZP).<\/p>\n<p>Od leto\u0161n\u00edho roku \u00fa\u0159ady lidem pr\u016fkaz m\u011bn\u00ed a\u017e pot\u00e9, co jejich stav zhodnot\u00ed posudkov\u00ed l\u00e9ka\u0159i spr\u00e1vy soci\u00e1ln\u00edho zabezpe\u010den\u00ed.<\/p>\n<p>Od p\u0159\u00ed\u0161t\u00edho roku by proto podle n\u00e1vrhu novely \u00fa\u0159edn\u00edci m\u011bli dr\u017eitel\u016fm nov\u00fd pr\u016fkaz d\u00e1t automaticky. Lid\u00e9 by m\u011bli m\u00edt n\u00e1rok na stejn\u00fd typ pr\u016fkazu, kter\u00fd m\u011bli v minulosti, tedy TP, <span class=\"highlight\">ZTP<\/span> \u010di <span class=\"highlight\">ZTP<\/span>\/P.<\/p>\n<p>Na pr\u016fkazu by nov\u011b nem\u011blo b\u00fdt rodn\u00e9 \u010d\u00edslo, ale jen datum narozen\u00ed. Symboly n\u011bkter\u00fdch <span class=\"highlight\">posti\u017een\u00ed<\/span> jako hluchota \u010di hluchoslepota by na n\u00ed byly jen na po\u017e\u00e1d\u00e1n\u00ed.<\/p>\n<p>Podm\u00ednkou p\u0159id\u011blen\u00ed p\u0159\u00edsp\u011bvku na mobilitu by u\u017e tak\u00e9 nem\u011blo b\u00fdt dr\u017een\u00ed pr\u016fkazu, ale n\u00e1rok na ni. Lid\u00e9 se tak dostanou k d\u00e1vce d\u0159\u00edve, st\u00e1t ji bude moci oproti dosavdn\u00ed praxi za\u010d\u00edt vypl\u00e1cet je\u0161t\u011b p\u0159edt\u00edm, ne\u017e dostanou pr\u016fkaz.<\/p>\n<p>invArena<\/p>\n","protected":false},"excerpt":{"rendered":"<div class=\"mh-excerpt\"><p>Zdravotn\u011b posti\u017een\u00ed, kte\u0159\u00ed maj\u00ed pr\u016fkazy pro handicapovan\u00e9 vydan\u00e9 do konce leto\u0161n\u00edho roku, budou z\u0159ejm\u011b dost\u00e1vat nov\u00e9 pr\u016fkazy automaticky. \u00da\u0159ady by jim je mohly vym\u011bnit bez <a class=\"mh-excerpt-more\" href=\"https:\/\/www.invarena.cz\/?p=18036\" title=\"Nov\u00e9 pr\u016fkazy ZTP maj\u00ed b\u00fdt i bez l\u00e9ka\u0159e\">[&#8230;]<\/a><\/p>\n<\/div>","protected":false},"author":1,"featured_media":13767,"comment_status":"open","ping_status":"closed","sticky":false,"template":"","format":"standard","meta":{"footnotes":""},"categories":[7],"tags":[],"class_list":["post-18036","post","type-post","status-publish","format-standard","has-post-thumbnail","hentry","category-spolecnost"],"_links":{"self":[{"href":"https:\/\/www.invarena.cz\/index.php?rest_route=\/wp\/v2\/posts\/18036","targetHints":{"allow":["GET"]}}],"collection":[{"href":"https:\/\/www.invarena.cz\/index.php?rest_route=\/wp\/v2\/posts"}],"about":[{"href":"https:\/\/www.invarena.cz\/index.php?rest_route=\/wp\/v2\/types\/post"}],"author":[{"embeddable":true,"href":"https:\/\/www.invarena.cz\/index.php?rest_route=\/wp\/v2\/users\/1"}],"replies":[{"embeddable":true,"href":"https:\/\/www.invarena.cz\/index.php?rest_route=%2Fwp%2Fv2%2Fcomments&post=18036"}],"version-history":[{"count":0,"href":"https:\/\/www.invarena.cz\/index.php?rest_route=\/wp\/v2\/posts\/18036\/revisions"}],"wp:featuredmedia":[{"embeddable":true,"href":"https:\/\/www.invarena.cz\/index.php?rest_route=\/wp\/v2\/media\/13767"}],"wp:attachment":[{"href":"https:\/\/www.invarena.cz\/index.php?rest_route=%2Fwp%2Fv2%2Fmedia&parent=18036"}],"wp:term":[{"taxonomy":"category","embeddable":true,"href":"https:\/\/www.invarena.cz\/index.php?rest_route=%2Fwp%2Fv2%2Fcategories&post=18036"},{"taxonomy":"post_tag","embeddable":true,"href":"https:\/\/www.invarena.cz\/index.php?rest_route=%2Fwp%2Fv2%2Ftags&post=18036"}],"curies":[{"name":"wp","href":"https:\/\/api.w.org\/{rel}","templated":true}]}}