{"id":18042,"date":"2014-10-23T12:50:20","date_gmt":"2014-10-23T10:50:20","guid":{"rendered":"http:\/\/www.invarena.cz\/?p=18042"},"modified":"2014-10-23T12:50:31","modified_gmt":"2014-10-23T10:50:31","slug":"zname-viteze-souteze-zdravotne-postizeny-zamestnanec-roku-2014","status":"publish","type":"post","link":"https:\/\/www.invarena.cz\/?p=18042","title":{"rendered":"Zn\u00e1me v\u00edt\u011bze sout\u011b\u017ee Zdravotn\u011b posti\u017een\u00fd Zam\u011bstnanec roku 2014"},"content":{"rendered":"<p><strong>Tituly Zam\u011bstnanec roku byly rozd\u00e1ny osob\u00e1m se zdravotn\u00edm posti\u017een\u00edm.\u00a0V\u00a0konkurenci 24 finalist\u016f letos usp\u011bli Petra Helebrantov\u00e1 (foto) z\u00a0OZP Akademie a Roman Pi\u0161n\u00fd z\u00a0M\u011bstsk\u00e9ho \u00fa\u0159adu Jind\u0159ich\u016fv Hradec.\u00a0<\/strong><\/p>\n<p><!--more-->Zam\u011bstnavatel\u00e9 do poloviny z\u00e1\u0159\u00ed mohli i letos nominovat sv\u00e9 pracovn\u00edky, kte\u0159\u00ed spadaj\u00ed do kategorie osob se zdravotn\u00edm posti\u017een\u00edm. <strong>V\u00a0konkurenci 24 finalist\u016f letos usp\u011bli Petra Helebrantov\u00e1 z\u00a0OZP Akademie a Roman Pi\u0161n\u00fd z\u00a0M\u011bstsk\u00e9ho \u00fa\u0159adu Jind\u0159ich\u016fv Hradec.<\/strong><\/p>\n<p>V\u00fdsledky\u00a0 se v\u0161ichni dozv\u011bd\u011bli na slavnostn\u00edm vyhl\u00e1\u0161en\u00ed 21. \u0159\u00edjna v\u00a0prostor\u00e1ch Starom\u011bstsk\u00e9 radnice.<\/p>\n<p>\u010ctvrt\u00fd ro\u010dn\u00edk presti\u017en\u00ed sout\u011b\u017ee, kterou po\u0159\u00e1d\u00e1 <strong>Nada\u010dn\u00ed fond pro podporu zam\u011bstn\u00e1v\u00e1n\u00ed osob se zdravotn\u00edm posti\u017een\u00edm<\/strong> (NFOZP), prob\u00edhal ve dvou kategori\u00edch: Zam\u011bstnanec roku z\u00a0chr\u00e1n\u011bn\u00e9ho trhu pr\u00e1ce a Zam\u011bstnanec roku z\u00a0b\u011b\u017en\u00e9ho trhu pr\u00e1ce.<\/p>\n<p>\u201eNa my\u0161lenku vyhl\u00e1sit sout\u011b\u017e o nejlep\u0161\u00edho zdravotn\u011b posti\u017een\u00e9ho Zam\u011bstnance roku n\u00e1s p\u0159ivedl fakt, \u017ee stoj\u00ed za to nejenom zviditel\u0148ovat a podporovat samotn\u00e9 kvalitn\u00ed zam\u011bstnavatele osob se zdravotn\u00edm posti\u017een\u00edm a jejich produkty, ale tak\u00e9 jejich zam\u011bstnance, kte\u0159\u00ed se pod\u00edl\u00ed na \u00fasp\u011bchu a rozvoji firmy,\u201c \u0159\u00edk\u00e1 k sout\u011b\u017ei Hana Potm\u011b\u0161ilov\u00e1, \u0159editelka NFOZP.<\/p>\n<h3><strong>Zam\u011bstnanec roku 2014 za chr\u00e1n\u011bn\u00fd trh pr\u00e1ce: Petra Helebrantov\u00e1<\/strong><\/h3>\n<p>P\u0159esto\u017ee je sama nevidom\u00e1, zasv\u011btila Petra svou pr\u00e1ci pomoci druh\u00fdm. Vystudovala psychologii a speci\u00e1ln\u00ed pedagogiku a nyn\u00ed pracuje jako specialistka vzd\u011bl\u00e1v\u00e1n\u00ed a lektorka OZPAkademie.<\/p>\n<p>\u201ePro na\u0161i organizaci je jednozna\u010dn\u011b zam\u011bstnancem roku kolegyn\u011b Petra Helebrantov\u00e1. A\u010dkoliv po\u0161kozen\u00ed nebo ztr\u00e1ta zraku je pro \u010dlov\u011bka velk\u00fdm omezen\u00edm, Petra je d\u016fkazem toho, \u017ee lze pracovat, a dokonce pom\u00e1hat druh\u00fdm i s takov\u00fdmto handicapem,\u201c \u0159\u00edk\u00e1 Mirka Kroupov\u00e1 z OZP Akademie, kter\u00e1 Petru nominovala.<\/p>\n<p>V kurzech OZP Akademie se Petra zam\u011b\u0159uje p\u0159edev\u0161\u00edm na rozvoj m\u011bkk\u00fdch dovednost\u00ed zam\u011bstnanc\u016f \u010di uchaze\u010d\u016f o zam\u011bstn\u00e1n\u00ed. Specializuje se p\u0159ev\u00e1\u017en\u011b na komunikaci, asertivitu, komunikaci s obt\u00ed\u017en\u00fdmi klienty, v\u00fdkonovou motivaci a lektoruje tak\u00e9 rekvalifika\u010dn\u00ed kurzy, nap\u0159. Lektor dal\u0161\u00edho vzd\u011bl\u00e1v\u00e1n\u00ed.<\/p>\n<p><strong>Co pro v\u00e1s znamenala nominace do sout\u011b\u017ee Zam\u011bstnanec roku 2014 za chr\u00e1n\u011bn\u00fd trh pr\u00e1ce?<\/strong><br \/>\nDo sout\u011b\u017ee m\u011b nominovaly kolegyn\u011b, a\u010d jsem nem\u011bla pocit, \u017ee bych m\u011bla b\u00fdt za svoji pr\u00e1ci n\u011bjak zvl\u00e1\u0161\u0165 ocen\u011bn\u00e1. P\u0159ijde mi p\u0159irozen\u00e9 a samoz\u0159ejm\u00e9 v\u0161e, co d\u011bl\u00e1m, proto\u017ee m\u00e1m pr\u00e1ci r\u00e1da a vid\u00edm v n\u00ed smysl a pot\u011b\u0161en\u00ed. Jsem skromn\u011bj\u0161\u00ed \u010dlov\u011bk, na druhou stranu m\u00e1m samoz\u0159ejm\u011b velkou radost z toho, \u017ee jsou v zam\u011bstn\u00e1n\u00ed kolegov\u00e9 s moj\u00ed prac\u00ed spokojen\u00ed.<br \/>\n<strong>Bylo t\u011b\u017ek\u00e9 z\u00edskat se zrakov\u00fdm posti\u017een\u00edm pr\u00e1ci?<\/strong><br \/>\nSna\u017eila jsem se si zprvu naj\u00edt pr\u00e1ci na otev\u0159en\u00e9m trhu pr\u00e1ce, usp\u011bt mezi zdrav\u00fdmi zam\u011bstnanci, ale setk\u00e1vala jsem se s odm\u00edt\u00e1n\u00edm a p\u0159edsudky. Zam\u011bstnavatel\u00e9 v\u011bt\u0161inou nezaj\u00edmaly moje znalosti a dovednosti, ale fakt, \u017ee velmi \u0161patn\u011b vid\u00edm, automaticky sni\u017eoval moj\u00ed \u0161anci na \u00fasp\u011bch p\u0159i pracovn\u00edm pohovoru.<br \/>\n<strong> Jak v\u00e1s zam\u011bstnavatel podporuje p\u0159i pr\u00e1ci?<\/strong><br \/>\nMus\u00edm \u0159\u00edci, \u017ee pr\u00e1ce je pro m\u011b velk\u00fd smysl \u017eivota a OZP Akademie je moje srde\u010dn\u00ed z\u00e1le\u017eitost. D\u011bl\u00e1m v n\u00ed \u0159adu v\u011bc\u00ed, pr\u00e1ce je pestr\u00e1, neust\u00e1le se n\u011bco nov\u00e9ho u\u010d\u00edm. Vzhledem k tomu, \u017ee u n\u00e1s pracuje 100 % lid\u00ed se zdravotn\u00edm posti\u017een\u00edm, ka\u017ed\u00fd zam\u011bstnanec m\u00e1 jin\u00e9 specifick\u00e9 pot\u0159eby, mezi zam\u011bstnanci je c\u00edtit velk\u00e9 porozum\u011bn\u00ed a opora.<br \/>\n<strong> Co byste vzk\u00e1zala zdravotn\u011b posti\u017een\u00fdm lidem, kte\u0159\u00ed st\u00e1le marn\u011b hledaj\u00ed pr\u00e1ci?<\/strong><br \/>\nV\u0161em zdravotn\u011b posti\u017een\u00fdm lidem bych vzk\u00e1zala, a\u0165 vydr\u017e\u00ed a nevzd\u00e1vaj\u00ed se, i kdy\u017e m\u016f\u017ee jejich situace vypadat ji\u017e beznad\u011bjn\u011b. Nad\u011bje je v\u017edy a j\u00e1 v\u011b\u0159\u00edm, \u017ee na ka\u017ed\u00e9ho se ob\u010das \u0161t\u011bst\u00ed usm\u011bje. Samoz\u0159ejm\u011b pro to mus\u00ed \u010dlov\u011bk ud\u011blat maximum, pracovat na sob\u011b, d\u00e1le se sebevzd\u011bl\u00e1vat. I kdy\u017e mus\u00ed \u010dlov\u011bk s \u00a0handicapem vyvinout n\u011bkdy mnohem v\u00edce \u00fasil\u00ed, ne\u017e zdrav\u00fd \u010dlov\u011bk, o to je pak radost z\u00a0\u00fasp\u011bchu v\u011bt\u0161\u00ed.<\/p>\n<h3><strong>Zam\u011bstnanec roku 2014 za otev\u0159en\u00fd trh pr\u00e1ce: Roman Pi\u0161n\u00fd<\/strong><\/h3>\n<p>Roman ji\u017e \u0159adu let bojuje s\u00a0progresivn\u00ed svalovou dystrofi\u00ed Beckerova typu, je kvadruplegikem s\u00a0kontinu\u00e1ln\u00edm napojen\u00edm na plicn\u00ed ventil\u00e1tor. Ani takov\u00e1 diagn\u00f3za mu v\u0161ak nezabr\u00e1nila v tom, aby neust\u00e1le pracoval a v\u011bnoval prakticky ve\u0161ker\u00fd \u010das sv\u00e9 nejv\u011bt\u0161\u00ed z\u00e1lib\u011b \u2013 sportu.<\/p>\n<p>Roman je v Jind\u0159ichov\u011b Hradci zn\u00e1m\u00fdm znalcem sportu a organiz\u00e1torem sportovn\u00edch akc\u00ed. Je extern\u00edm redaktorem Jind\u0159ichohradeck\u00e9ho den\u00edku, dodavatelem obrazov\u00e9ho zpravodajstv\u00ed T\u00fdden\u00edku Jind\u0159ichohradecka \u010di tak\u00e9 extern\u00edm zpravodajem pro okres Jind\u0159ich\u016fv Hradec v port\u00e1lech Jiho\u010desk\u00fd sport a Jiho\u010desk\u00fd fotbal. V neposledn\u00ed \u0159ad\u011b tak\u00e9 kompletn\u011b zpracov\u00e1v\u00e1 sportovn\u00ed rubriku Jind\u0159ichohradeck\u00e9ho zpravodaje.<\/p>\n<p>\u201eRoman je nejen spolehliv\u00fdm, pracovit\u00fdm, precizn\u00edm a nad\u0161en\u00fdm kolegou. Na sv\u016fj osud si nikdy nepost\u011b\u017eoval, ba naopak. Obdivuhodn\u00fdm \u017eivotn\u00edm postojem inspiruje \u0159adu dal\u0161\u00edch (nejen handicapovan\u00fdch) lid\u00ed a je z\u00e1\u0159n\u00fdm p\u0159\u00edkladem toho, \u017ee i \u010dlov\u011bk s tak z\u00e1va\u017en\u00fdm onemocn\u011bn\u00edm m\u00e1 ve spole\u010dnosti sv\u00e9 nezastupiteln\u00e9 m\u00edsto,\u201c \u0159\u00edk\u00e1 \u0161\u00e9fredaktorka Jind\u0159ichohradeck\u00e9ho zpravodaje Marcela Kozlov\u00e1, kter\u00e1 Romana nominovala.<\/p>\n<p><strong>Co pro v\u00e1s znamenala nominace do sout\u011b\u017ee Zam\u011bstnanec roku 2014 za otev\u0159en\u00fd trh pr\u00e1ce?<\/strong><br \/>\nUm\u00edm i neum\u00edm to, co osoby bez handicapu. Podle m\u00e9ho n\u00e1zoru by lid\u00e9 nem\u011bli b\u00fdt rozd\u011blov\u00e1ni na zdrav\u00e9 a nemocn\u00e9, n\u00fdbr\u017e posuzov\u00e1ni dle sv\u00fdch schopnost\u00ed. I tak si nesm\u00edrn\u011b v\u00e1\u017e\u00edm kolektivu, s\u00a0n\u00edm\u017e spolupracuji. I touto nominac\u00ed mi dal najevo, \u017ee si m\u00e9 pr\u00e1ce cen\u00ed.<\/p>\n<p><strong>Bylo t\u011b\u017ek\u00e9 z\u00edskat se zdravotn\u00edm posti\u017een\u00edm pr\u00e1ci?<\/strong><br \/>\nPsal jsem inzer\u00e1ty, odpov\u00eddal na n\u011b, pos\u00edlal motiva\u010dn\u00ed dopisy, tak jako to d\u011blaj\u00ed lid\u00e9, kte\u0159\u00ed cht\u011bj\u00ed doopravdy pracovat. Jsem z nevelk\u00e9ho m\u011bsta, kde u\u017e jsem si sv\u00fdmi \u010dinnostmi ud\u011blal n\u011bjak\u00e9 jm\u00e9no, tak\u017ee sehnat pro mne pr\u00e1ci zase nebyl takov\u00fd probl\u00e9m.<\/p>\n<p><strong>\u010c\u00edm je pro v\u00e1s pr\u00e1ce pro Jind\u0159ichohradeck\u00fd zpravodaj v\u00fdjime\u010dn\u00e1?<\/strong><br \/>\nPr\u00e1ce pro zpravodaj je specifick\u00e1 v tom, \u017ee jeho vyd\u00e1n\u00ed m\u00e1 zkr\u00e1cenou uz\u00e1v\u011brku, proto mus\u00edm b\u00fdt neust\u00e1le ve st\u0159ehu, aby to, co vyjde za p\u00e1r dn\u00ed, bylo aktu\u00e1ln\u00ed v tu chv\u00edli, kdy zpravodaj otev\u0159e \u010dten\u00e1\u0159. Zbo\u017e\u0148uji stres, m\u00e1m r\u00e1d, kdy\u017e se n\u011bco vykon\u00e1v\u00e1 na posledn\u00ed chv\u00edli. O to v\u00edc se \u010dlov\u011bk mus\u00ed soust\u0159edit, nic nepopl\u00e9st, na nic nezapomenout. Na ka\u017ed\u00e9m vyd\u00e1n\u00ed je vid\u011bt, \u017ee je vyr\u00e1b\u011bno s radost\u00ed.<\/p>\n<p><strong>Jak v\u00e1s zam\u011bstnavatel podporuje p\u0159i pr\u00e1ci?<\/strong><br \/>\nZam\u011bstnavatel u\u017e v\u00ed, co m\u00e1 ode mne \u010dekat. Zn\u00e1 m\u011b, tak\u017ee mi d\u00e1v\u00e1 volnou ruku. D\u016fv\u011bra v m\u00e9 schopnosti je tou nejlep\u0161\u00ed podporou. Dovol\u00edm si jej t\u00edmto ve\u0159ejn\u011b peskovat za to, \u017ee mne m\u00e1lo vyt\u011b\u017euje. Zvl\u00e1dnu v\u00edc.<\/p>\n<p><a href=\"http:\/\/www.nfozp.cz\/\">Nada\u010dn\u00ed fond pro podporu zam\u011bstn\u00e1v\u00e1n\u00ed osob se zdravotn\u00edm posti\u017een\u00edm<\/a><\/p>\n","protected":false},"excerpt":{"rendered":"<div class=\"mh-excerpt\"><p>Tituly Zam\u011bstnanec roku byly rozd\u00e1ny osob\u00e1m se zdravotn\u00edm posti\u017een\u00edm.\u00a0V\u00a0konkurenci 24 finalist\u016f letos usp\u011bli Petra Helebrantov\u00e1 (foto) z\u00a0OZP Akademie a Roman Pi\u0161n\u00fd z\u00a0M\u011bstsk\u00e9ho \u00fa\u0159adu Jind\u0159ich\u016fv Hradec.\u00a0<\/p>\n<\/div>","protected":false},"author":1,"featured_media":18051,"comment_status":"open","ping_status":"closed","sticky":false,"template":"","format":"standard","meta":{"footnotes":""},"categories":[7],"tags":[],"class_list":["post-18042","post","type-post","status-publish","format-standard","has-post-thumbnail","hentry","category-spolecnost"],"_links":{"self":[{"href":"https:\/\/www.invarena.cz\/index.php?rest_route=\/wp\/v2\/posts\/18042","targetHints":{"allow":["GET"]}}],"collection":[{"href":"https:\/\/www.invarena.cz\/index.php?rest_route=\/wp\/v2\/posts"}],"about":[{"href":"https:\/\/www.invarena.cz\/index.php?rest_route=\/wp\/v2\/types\/post"}],"author":[{"embeddable":true,"href":"https:\/\/www.invarena.cz\/index.php?rest_route=\/wp\/v2\/users\/1"}],"replies":[{"embeddable":true,"href":"https:\/\/www.invarena.cz\/index.php?rest_route=%2Fwp%2Fv2%2Fcomments&post=18042"}],"version-history":[{"count":0,"href":"https:\/\/www.invarena.cz\/index.php?rest_route=\/wp\/v2\/posts\/18042\/revisions"}],"wp:featuredmedia":[{"embeddable":true,"href":"https:\/\/www.invarena.cz\/index.php?rest_route=\/wp\/v2\/media\/18051"}],"wp:attachment":[{"href":"https:\/\/www.invarena.cz\/index.php?rest_route=%2Fwp%2Fv2%2Fmedia&parent=18042"}],"wp:term":[{"taxonomy":"category","embeddable":true,"href":"https:\/\/www.invarena.cz\/index.php?rest_route=%2Fwp%2Fv2%2Fcategories&post=18042"},{"taxonomy":"post_tag","embeddable":true,"href":"https:\/\/www.invarena.cz\/index.php?rest_route=%2Fwp%2Fv2%2Ftags&post=18042"}],"curies":[{"name":"wp","href":"https:\/\/api.w.org\/{rel}","templated":true}]}}