{"id":18047,"date":"2023-06-06T09:59:51","date_gmt":"2023-06-06T07:59:51","guid":{"rendered":"http:\/\/www.invarena.cz\/?p=18047"},"modified":"2023-06-06T09:59:52","modified_gmt":"2023-06-06T07:59:52","slug":"jak-se-leci-kamenna-tvar","status":"publish","type":"post","link":"https:\/\/www.invarena.cz\/?p=18047","title":{"rendered":"Jak se l\u00e9\u010d\u00ed kamenn\u00e1 tv\u00e1\u0159"},"content":{"rendered":"<h2><\/h2>\n<p>Z ni\u010deho nic nem\u016f\u017eete zav\u0159\u00edt jedno oko a koutek \u00fast v\u00e1m voln\u011b vis\u00ed. Co se to d\u011bje? To v\u00e1m vypov\u011bd\u011bl slu\u017ebu l\u00edcn\u00ed nerv, kter\u00fd h\u00fdbe obli\u010dejov\u00fdmi svaly. Hlavn\u011b klid! P\u016fjde to napravit.<\/p>\n<p>V\u00e1\u0161 probl\u00e9m m\u00e1 n\u00e1zev Bellova obrna a ned\u00e1 se p\u0159ehl\u00e9dnout. Polovina tv\u00e1\u0159e toti\u017e pr\u00e1v\u011b bez varov\u00e1n\u00ed zkamen\u011bla\u2026 Jako dnes si pamatuju r\u00e1no, kdy ke mn\u011b moje dvacetilet\u00e1 dcera p\u0159i\u0161la s kart\u00e1\u010dkem na zuby v ruce, vyd\u011b\u0161en\u00e1. Polovina pusy ji p\u0159i \u010di\u0161t\u011bn\u00ed odm\u00edtla poslouchat \u2013 a v zrcadle zjistila, \u017ee to nen\u00ed jedin\u00fd probl\u00e9m. P\u0159izn\u00e1v\u00e1m, \u017ee jsem o t\u00e9hle obrn\u011b do t\u00e9 doby sly\u0161ela jen letmo. I kdy\u017e jsem se, mysl\u00edm, docela dr\u017eela, bylo mi mizern\u011b. Nev\u011bd\u011bla jsem, jak\u00fd m\u016f\u017ee b\u00fdt rozsah ochrnut\u00ed, co dal\u0161\u00edho je\u0161t\u011b hroz\u00ed. A tak\u00e9 jsem si neum\u011bla p\u0159edstavit, \u017ee by to tak z\u016fstalo\u2026 Teprve kdy\u017e jsme proch\u00e1zely l\u00e9\u010dbou, s p\u0159ekvapen\u00edm jsem zjistila, kolik m\u00e1 tohle nad\u011blen\u00ed ob\u011bt\u00ed.<\/p>\n<p>Kamenn\u00fd v\u00fdraz&#8230;<\/p>\n<p>Pokud jste jednou z nich, v\u00e1\u0161 l\u00edcn\u00ed nerv pr\u00e1v\u011b p\u0159estal plnit svou funkci a polovina obli\u010deje v\u00e1m znehybn\u011bla. Jen pro \u00faplnost \u2013 l\u00edcn\u00ed nervy vlastn\u00edme dva \u2013 lev\u00fd a prav\u00fd. Spravedliv\u011b se pod\u011blily a ka\u017ed\u00fd ovl\u00e1d\u00e1 polovinu obli\u010deje. Jsou to nervy jako v\u0161echny ostatn\u00ed v t\u011ble. Do sval\u016f obli\u010deje p\u0159en\u00e1\u0161ej\u00ed sign\u00e1ly, kter\u00e9 vyd\u00e1v\u00e1 mozek, a na\u0161e tv\u00e1\u0159 d\u00edky nim kouzl\u00ed \u00fasm\u011bvy, stahuje se k pl\u00e1\u010di, v\u0161elijak se pitvo\u0159\u00ed nebo mra\u010d\u00ed. I sebevypracovan\u011bj\u0161\u00ed svaly jsou bez sv\u00e9ho nervu \u00fapln\u011b bez \u017eivota. Samy sob\u011b poru\u010dit neum\u00ed<\/p>\n<p>Pro\u010d pr\u00e1v\u011b j\u00e1?<\/p>\n<p><span class=\"highlight\">Posti\u017een\u00fdm<\/span> vcelku p\u0159irozen\u011b nasko\u010d\u00ed ty nejhor\u0161\u00ed mo\u017en\u00e9 varianty. Ob\u00e1vaj\u00ed se mozkov\u00e9 mrtvice, do\u017eivotn\u00edho ochrnut\u00ed. Na\u0161t\u011bst\u00ed jde v p\u0159ev\u00e1\u017en\u00e9 v\u011bt\u0161in\u011b p\u0159\u00edpad\u016f o obrnu do\u010dasnou. Je nep\u0159\u00edjemn\u00e1, ale d\u00e1 se \u0159e\u0161it. M\u016f\u017ee se to p\u0159ihodit ka\u017ed\u00e9mu, sta\u010d\u00ed b\u00fdt n\u011bjakou dobu vystaven\u00fd chladu, dostat se do stavu psychick\u00e9ho nebo fyzick\u00e9ho vy\u010derp\u00e1n\u00ed. P\u0159esn\u00e1 p\u0159\u00ed\u010dina ale nen\u00ed zn\u00e1ma.<\/p>\n<p>Nerv v \u00fazk\u00fdch<\/p>\n<p>Co p\u0159esn\u011b se d\u011bje v t\u011ble? V uzav\u0159en\u00e9m kan\u00e1lku, kudy l\u00edcn\u00ed nerv proch\u00e1z\u00ed z mozku p\u0159es lebe\u010dn\u00ed kosti do sval\u016f, dojde k otoku. Ten zp\u016fsob\u00ed sti\u0161t\u011bn\u00ed a nedostate\u010dnou v\u00fd\u017eivu nervu \u2013 a t\u00edm i specifick\u00e9 projevy. L\u00e9ka\u0159-neurolog se sice zept\u00e1 na prochlazen\u00ed a projde z\u00e1kladn\u00ed anamn\u00e9zu, ale z\u00e1kladem pro diagn\u00f3zu je vzhled <span class=\"highlight\">posti\u017een\u00e9ho<\/span>, kter\u00fd je dost typick\u00fd. Zm\u011bny se projev\u00ed p\u0159i takzvan\u00e9m elektromyografick\u00e9m vy\u0161et\u0159en\u00ed, kde se prok\u00e1\u017ee zhor\u0161en\u00e1 vodivost nervu.<\/p>\n<p>Nejv\u00edc trp\u00ed oko<\/p>\n<p>Nejv\u011bt\u0161\u00ed obt\u00ed\u017ee p\u016fsob\u00ed neschopnost spr\u00e1vn\u011b dov\u0159\u00edt o\u010dn\u00ed v\u00ed\u010dko. To zp\u016fsobuje vysych\u00e1n\u00ed o\u010dn\u00ed rohovky a usnad\u0148uje vstup infekce do oka, co\u017e nen\u00ed radno podcenit. Abyste p\u0159ede\u0161li z\u00e1va\u017en\u00fdm o\u010dn\u00edm komplikac\u00edm, aplikujte p\u0159es den co nej\u010dast\u011bji o\u010dn\u00ed kapky a v noci oko kryjte ochrannou mast\u00ed a obvazem.<\/p>\n<p>Cvi\u010dte s profesion\u00e1lem<\/p>\n<p>V\u010dasn\u00e9 zah\u00e1jen\u00ed spr\u00e1vn\u00e9, profesion\u00e1ln\u00ed rehabilitace je u t\u00e9hle nemoci st\u011b\u017eejn\u00ed. Neurolog a rehabilita\u010dn\u00ed pracovn\u00edk v\u00e1m p\u0159izp\u016fsob\u00ed rehabilita\u010dn\u00ed cvi\u010den\u00ed a procedury na m\u00edru, a pomohou v\u00e1m tak vr\u00e1tit ocho\u0159el\u00fd nerv do norm\u00e1ln\u00edho \u017eivota. Nikdy nezkou\u0161ejte cvi\u010dit sami podle internetu nebo knihy!<\/p>\n<p>Chce to klid a teplo<\/p>\n<p>Je bezpodm\u00edne\u010dn\u011b pot\u0159eba, abyste se vyhnuli prochladnut\u00ed a asi t\u00fdden a\u017e deset dn\u00ed z\u016fstali v posteli. Hlavn\u011b tv\u00e1\u0159 pot\u0159ebuje teplo.<br \/>\nL\u00e9ka\u0159 v\u00e1m p\u0159edep\u00ed\u0161e kortikoidy v udr\u017eovac\u00edch d\u00e1vk\u00e1ch na n\u011bkolik t\u00fddn\u016f, pod\u00e1vaj\u00ed se i vitaminy skupiny B \u010cek\u00e1 v\u00e1s i docela nesnadn\u00fd, klidov\u00fd re\u017eim\u2018 &#8211; pokud mo\u017eno se nesm\u00e1t, t\u00e9m\u011b\u0159 nemluvit, ne\u010d\u00edst, nesledovat televizi, nevystavovat se p\u0159\u00edli\u0161n\u00fdm emoc\u00edm psychick\u00e9mu vyp\u011bt\u00ed.<\/p>\n<p>\u2026a dal\u0161\u00ed nesn\u00e1ze Snad \u00fapln\u011b nejn\u00e1padn\u011bj\u0161\u00edm a tak\u00e9 nejnep\u0159\u00edjemn\u011bj\u0161\u00edm p\u0159\u00edznakem je neschopnost po\u0159\u00e1dn\u011b p\u0159iv\u0159\u00edt o\u010dn\u00ed v\u00ed\u010dko na <span class=\"highlight\">posti\u017een\u00e9<\/span> stran\u011b obli\u010deje. K tomu je\u0161t\u011b nav\u00edc doln\u00ed o\u010dn\u00ed v\u00ed\u010dko \u010dasto poklesne, tak\u017ee o\u010dn\u00ed \u0161t\u011brbina nem\u016f\u017ee b\u00fdt p\u0159ikryta. D\u00edky t\u00e9to meze\u0159e m\u016f\u017eete u nemocn\u00e9ho pozorovat jev nazvan\u00fd Bell\u016fv p\u0159\u00edznak. Ten norm\u00e1ln\u011b prob\u00edh\u00e1 u ka\u017ed\u00e9ho \u010dlov\u011bka, jen nen\u00ed skrze zav\u0159en\u00e1 v\u00ed\u010dka viditeln\u00fd. P\u0159i ka\u017ed\u00e9m zav\u0159en\u00ed se ob\u011b o\u010di pod\u00edvaj\u00ed sm\u011brem vzh\u016fru, tak\u017ee p\u0159i nedol\u00e9h\u00e1n\u00ed v\u00ed\u010dek je vid\u011bt jen b\u011blmo. Pom\u011brn\u011b pozitivn\u00ed fakt, \u017ee vr\u00e1sky na <span class=\"highlight\">posti\u017een\u00e9<\/span> polovin\u011b \u010dela se vyhlazuj\u00ed, si za takov\u00fdch okolnost\u00ed rozhodn\u011b v\u0161ichni r\u00e1di odpust\u00edme.<\/p>\n<p>Bellova obrna ne\u0161et\u0159\u00ed ani celebrity<\/p>\n<p>Romana J\u00e1kl V\u00edtov\u00e1 lepila v\u00ed\u010dko n\u00e1plast\u00ed Modelka doplatila na chlad p\u0159i focen\u00ed. B\u011bhem n\u011bkolika hodin, str\u00e1ven\u00fdch ve studen\u00e9m prost\u0159ed\u00ed, nav\u00edc ve velmi lehk\u00e9m \u2013 oble\u010den\u00ed promrzla \u2013 do t\u00e9 m\u00edry, \u017ee j\u00ed \u00ed b\u011bhem chv\u00edle ochrnula \u2013 cel\u00e1 lev\u00e1 strana obli\u010deje. &#8222;U\u017e p\u0159edt\u00edm jsem m\u011bla teplotu a celkov\u011b mi nebylo dob\u0159e. Asi v polovin\u011b focen\u00ed ke mn\u011b p\u0159i\u0161el fotograf s t\u00edm, \u017ee mi pad\u00e1 v\u00ed\u010dko,&#8220; vzpom\u00edn\u00e1 Romana V\u00edtov\u00e1. Nelenila a okam\u017eit\u011b nav\u0161t\u00edvila l\u00e9ka\u0159e. Ten z\u00e1n\u011bt potvrdil. &#8222;Odm\u00edtla jsem ale kortikoidy a chodila na akupunkturu, kde mi nerv napichovali, aby se vzpamatoval. Postupn\u011b se to vyl\u00e9\u010dilo,&#8220; dod\u00e1v\u00e1 blond\u00fdnka, kter\u00e1 si je\u0161t\u011b n\u011bjakou dobu, ne\u017e sedla do auta, pro jistou lepila v\u00ed\u010dko n\u00e1plast\u00ed, aby nepadalo.<\/p>\n<p>Daniel Landa vypadal jako mafi\u00e1n<br \/>\nJak p\u0159i\u0161el k obrn\u011b l\u00edcn\u00edho nervu Daniel Landa? &#8222;Z\u0159ejm\u011b vlivem klimatizace, kdy\u017e mi v letadle proudila st\u00e1le na jedno m\u00edsto. Jel jsem z rallye z It\u00e1lie. Doma jsem \u0161el je\u0161t\u011b v pohod\u011b sp\u00e1t a r\u00e1no jsem zjistil, \u017ee nem\u00e1m pravou p\u016flku obli\u010deje. Kdy\u017e jsem se usm\u00e1l, vypadal jsem jako mafi\u00e1n.&#8220; Aby ned\u011bsil lidi, nevych\u00e1zel rad\u011bji z domu a od r\u00e1na do ve\u010dera pracoval na rockov\u00e9m muzik\u00e1lu Kl\u00ed\u010d kr\u00e1l\u016f. A\u017e na dlouhou rekonvalescenci jeho <span class=\"highlight\">posti\u017een\u00ed<\/span> nem\u011blo \u017e\u00e1dn\u00e9 trval\u00e9 n\u00e1sledky.<\/p>\n","protected":false},"excerpt":{"rendered":"<div class=\"mh-excerpt\"><p>Z ni\u010deho nic nem\u016f\u017eete zav\u0159\u00edt jedno oko a koutek \u00fast v\u00e1m voln\u011b vis\u00ed. Co se to d\u011bje? To v\u00e1m vypov\u011bd\u011bl slu\u017ebu l\u00edcn\u00ed nerv, kter\u00fd h\u00fdbe <a class=\"mh-excerpt-more\" href=\"https:\/\/www.invarena.cz\/?p=18047\" title=\"Jak se l\u00e9\u010d\u00ed kamenn\u00e1 tv\u00e1\u0159\">[&#8230;]<\/a><\/p>\n<\/div>","protected":false},"author":1,"featured_media":40041,"comment_status":"open","ping_status":"closed","sticky":false,"template":"","format":"standard","meta":{"footnotes":""},"categories":[11],"tags":[],"class_list":["post-18047","post","type-post","status-publish","format-standard","has-post-thumbnail","hentry","category-zdravi"],"_links":{"self":[{"href":"https:\/\/www.invarena.cz\/index.php?rest_route=\/wp\/v2\/posts\/18047","targetHints":{"allow":["GET"]}}],"collection":[{"href":"https:\/\/www.invarena.cz\/index.php?rest_route=\/wp\/v2\/posts"}],"about":[{"href":"https:\/\/www.invarena.cz\/index.php?rest_route=\/wp\/v2\/types\/post"}],"author":[{"embeddable":true,"href":"https:\/\/www.invarena.cz\/index.php?rest_route=\/wp\/v2\/users\/1"}],"replies":[{"embeddable":true,"href":"https:\/\/www.invarena.cz\/index.php?rest_route=%2Fwp%2Fv2%2Fcomments&post=18047"}],"version-history":[{"count":0,"href":"https:\/\/www.invarena.cz\/index.php?rest_route=\/wp\/v2\/posts\/18047\/revisions"}],"wp:featuredmedia":[{"embeddable":true,"href":"https:\/\/www.invarena.cz\/index.php?rest_route=\/wp\/v2\/media\/40041"}],"wp:attachment":[{"href":"https:\/\/www.invarena.cz\/index.php?rest_route=%2Fwp%2Fv2%2Fmedia&parent=18047"}],"wp:term":[{"taxonomy":"category","embeddable":true,"href":"https:\/\/www.invarena.cz\/index.php?rest_route=%2Fwp%2Fv2%2Fcategories&post=18047"},{"taxonomy":"post_tag","embeddable":true,"href":"https:\/\/www.invarena.cz\/index.php?rest_route=%2Fwp%2Fv2%2Ftags&post=18047"}],"curies":[{"name":"wp","href":"https:\/\/api.w.org\/{rel}","templated":true}]}}