{"id":18052,"date":"2014-10-23T13:59:05","date_gmt":"2014-10-23T11:59:05","guid":{"rendered":"http:\/\/www.invarena.cz\/?p=18052"},"modified":"2014-10-23T13:59:05","modified_gmt":"2014-10-23T11:59:05","slug":"z-trhu-byly-stazeny-dezerty-s-peroxidem","status":"publish","type":"post","link":"https:\/\/www.invarena.cz\/?p=18052","title":{"rendered":"Z trhu byly sta\u017eeny dezerty s peroxidem"},"content":{"rendered":"<p><strong>Na tuzemsk\u00e9m trhu se objevila \u010dokol\u00e1dovo-vanilkov\u00e1 vaj\u00ed\u010dka s p\u0159ekvapen\u00edm, kter\u00e1 obsahovala stopov\u00e9 mno\u017estv\u00ed peroxidu vod\u00edku.<\/strong><!--more--><\/p>\n<p>\u010cesk\u00e1 veterin\u00e1rn\u00ed spr\u00e1va z tohoto d\u016fvodu na\u0159\u00eddila dezert od n\u011bmeck\u00e9ho v\u00fdrobce st\u00e1hnout z prodeje. \u010cTK to dnes sd\u011blil mluv\u010d\u00ed spr\u00e1vy Petr Pejchal. Podle n\u011bj mno\u017estv\u00ed l\u00e1tky ve v\u00fdrobku bylo zanedbateln\u00e9 a zdrav\u00ed lid\u00ed by neohrozilo.<br \/>\nVeterin\u00e1rn\u00ed spr\u00e1va byla o v\u00fdrobku informov\u00e1na prost\u0159ednictv\u00ed syst\u00e9mu rychl\u00e9ho varov\u00e1n\u00ed a vedle \u010ceska se dostal i do \u0159ady dal\u0161\u00edch zem\u00ed Evropsk\u00e9 unie. Do \u010cesk\u00e9 republiky byly distribuov\u00e1ny konkr\u00e9tn\u011b Little Mole vejce s p\u0159ekvapen\u00edm \u0161ar\u017ee 143761 a 143911 s minim\u00e1ln\u00ed trvanlivost\u00ed do 6. prosince a Kid&#8217;s World vejce s p\u0159ekvapen\u00edm \u0161ar\u017ee 143811 s trvanlivost\u00ed do 6. prosince a \u0161ar\u017ee 143921 a 144011 s trvanlivost\u00ed do 14. prosince.<br \/>\n&#8222;St\u00e1tn\u00ed veterin\u00e1rn\u00ed spr\u00e1va na\u0159\u00eddila distributorovi v \u010cR pozastavit uv\u00e1d\u011bn\u00ed v\u00fdrobku do ob\u011bhu a st\u00e1hnout z\u00e1vadn\u00e9 \u0161ar\u017ee z tr\u017en\u00ed s\u00edt\u011b,&#8220; uvedl mluv\u010d\u00ed a doplnil, \u017ee ti, kdo maj\u00ed uveden\u00e9 v\u00fdrobky doma, je mohou vr\u00e1tit v m\u00edst\u011b, kde je koupili.<\/p>\n","protected":false},"excerpt":{"rendered":"<div class=\"mh-excerpt\"><p>Na tuzemsk\u00e9m trhu se objevila \u010dokol\u00e1dovo-vanilkov\u00e1 vaj\u00ed\u010dka s p\u0159ekvapen\u00edm, kter\u00e1 obsahovala stopov\u00e9 mno\u017estv\u00ed peroxidu vod\u00edku.<\/p>\n<\/div>","protected":false},"author":1,"featured_media":0,"comment_status":"open","ping_status":"closed","sticky":false,"template":"","format":"standard","meta":{"footnotes":""},"categories":[9],"tags":[],"class_list":["post-18052","post","type-post","status-publish","format-standard","hentry","category-zpravy"],"_links":{"self":[{"href":"https:\/\/www.invarena.cz\/index.php?rest_route=\/wp\/v2\/posts\/18052","targetHints":{"allow":["GET"]}}],"collection":[{"href":"https:\/\/www.invarena.cz\/index.php?rest_route=\/wp\/v2\/posts"}],"about":[{"href":"https:\/\/www.invarena.cz\/index.php?rest_route=\/wp\/v2\/types\/post"}],"author":[{"embeddable":true,"href":"https:\/\/www.invarena.cz\/index.php?rest_route=\/wp\/v2\/users\/1"}],"replies":[{"embeddable":true,"href":"https:\/\/www.invarena.cz\/index.php?rest_route=%2Fwp%2Fv2%2Fcomments&post=18052"}],"version-history":[{"count":0,"href":"https:\/\/www.invarena.cz\/index.php?rest_route=\/wp\/v2\/posts\/18052\/revisions"}],"wp:attachment":[{"href":"https:\/\/www.invarena.cz\/index.php?rest_route=%2Fwp%2Fv2%2Fmedia&parent=18052"}],"wp:term":[{"taxonomy":"category","embeddable":true,"href":"https:\/\/www.invarena.cz\/index.php?rest_route=%2Fwp%2Fv2%2Fcategories&post=18052"},{"taxonomy":"post_tag","embeddable":true,"href":"https:\/\/www.invarena.cz\/index.php?rest_route=%2Fwp%2Fv2%2Ftags&post=18052"}],"curies":[{"name":"wp","href":"https:\/\/api.w.org\/{rel}","templated":true}]}}