{"id":18064,"date":"2014-10-25T09:54:43","date_gmt":"2014-10-25T07:54:43","guid":{"rendered":"http:\/\/www.invarena.cz\/?p=18064"},"modified":"2014-10-25T09:54:43","modified_gmt":"2014-10-25T07:54:43","slug":"dokud-telo-drzi-zbrane-neslozim","status":"publish","type":"post","link":"https:\/\/www.invarena.cz\/?p=18064","title":{"rendered":"&#8222;Dokud t\u011blo dr\u017e\u00ed, zbran\u011b neslo\u017e\u00edm&#8220;"},"content":{"rendered":"<p><strong>Handicapovan\u00fd cyklista Michal Stark pl\u00e1nuje necel\u00fd m\u011bs\u00edc po t\u011b\u017ek\u00e9m p\u00e1du n\u00e1vrat do sedla. U\u017e \u0161estkr\u00e1t se z\u00fa\u010dastnil paralympijsk\u00fdch her a nyn\u00ed mysl\u00ed na sedm\u00e9, kter\u00e9 budou v Rio de Janeiru roku 2016.<\/strong><!--more--><\/p>\n<p>V pades\u00e1tikilometrov\u00e9 rychlosti nepatrn\u011b zavadil o p\u0159enosn\u00fd pl\u016ftek. Katapultovalo ho to do v\u00fd\u0161ky, n\u011bkolik metr\u016f nekontrolovan\u011b plachtil vzduchem a n\u00e1sledoval bolestiv\u00fd dopad. V\u00fdsledek? Zlomenina lopaty ky\u010deln\u00ed kosti s dislokac\u00ed, tedy vymknut\u00edm.<\/p>\n<p>&#8222;Hloup\u00e1 chyba. Dote\u010f nech\u00e1pu, co se stalo,&#8220; vzpom\u00edn\u00e1 \u0161estin\u00e1sobn\u00fd paralympionik Michal Stark na posledn\u00ed z\u00e1\u0159ijovou ned\u011bli a &#8222;rozj\u00ed\u017ed\u011bn\u00ed se&#8220; p\u0159ed z\u00e1vodem Evropsk\u00e9ho poh\u00e1ru handicapovan\u00fdch cyklist\u016f v Praze na Strahov\u011b.<\/p>\n<p>&#8222;Z\u0159ejm\u011b jsem byl mali\u010dko p\u0159emotivovan\u00fd, asi u\u017e slepnu. Prost\u011b jsem zvedl hlavu z \u010dasovk\u00e1\u0159sk\u00e9ho posedu a kouk\u00e1m, \u017ee mezera mezi dv\u011bma pl\u016ftky je jinde, ne\u017e jsem \u010dekal,&#8220; l\u00ed\u010d\u00ed dev\u011bta\u010dty\u0159icetilet\u00fd sportovec.<\/p>\n<p>Sotva n\u011bkolik des\u00edtek metr\u016f od m\u00edsta p\u00e1du sledoval z\u00e1vod Stark\u016fv kolega a kamar\u00e1d Ji\u0159\u00ed Je\u017eek. Asi nejv\u011bt\u0161\u00ed hv\u011bzda \u010desk\u00e9 paracyklistiky p\u0159itom na konci srpna p\u0159i spurtu silni\u010dn\u00edho z\u00e1vodu na mistrovstv\u00ed sv\u011bta v americk\u00e9m Greenvillu za\u017eila je\u0161t\u011b tvrd\u0161\u00ed p\u00e1d, po n\u011bm\u017e dokonce n\u011bkolik hodin bojovala o hol\u00fd \u017eivot. &#8222;Taky mi pak Jirka hned psal. Pr\u00fd: A j\u00e1 si myslel, \u017ee jsem to vzal za n\u00e1s za v\u0161echny a alespo\u0148 na p\u011bt let dop\u0159edu,&#8220; vzpom\u00edn\u00e1 Stark, mimochodem nov\u011b zvolen\u00fd zastupitel st\u0159edo\u010desk\u00e9 obce Jene\u010d.<\/p>\n<p>V t\u011ble m\u00e1m dal\u0161\u00ed pam\u00e1tku Je\u0161t\u011b t\u00e9ho\u017e dne ve\u010der si ho vzali do pr\u00e1ce chirurgov\u00e9 v pra\u017esk\u00e9 st\u0159e\u0161ovick\u00e9 nemocnici. &#8222;Pan doktor Kubela odvedl perfektn\u00ed pr\u00e1ci, u\u017e druh\u00fd den jsem se postavil na berle. Srovnali zlomenou p\u00e1nev, zpevnili ji titanov\u00fdmi dlahami a se\u0161roubovali. M\u00e1m v t\u011ble dal\u0161\u00ed pam\u00e1tku,&#8220; konstatuje veter\u00e1n, jeho\u017e v sedmi letech p\u0159ipravil o levou nohu n\u00e1kla\u010f\u00e1k.<\/p>\n<p>A ani ne m\u011bs\u00edc po strahovsk\u00e9m p\u00e1du pl\u00e1nuje n\u00e1vrat na kolo. &#8222;Rychlost regenerace je v m\u00e9m v\u011bku opravdu obdivuhodn\u00e1,&#8220; krout\u00ed hlavou Stark. &#8222;Doktor to vid\u00ed na prosinec, ale j\u00e1 si prvn\u00ed vyj\u00ed\u017e\u010fku napl\u00e1noval u\u017e na listopad. V tomhle jsme s Jirkou Je\u017ekem podobn\u00ed, on se z toho sv\u00e9ho \u0161\u00edlen\u00e9ho karambolu taky dok\u00e1zal vyl\u00edzat rychle.&#8220; Nen\u00ed d\u016fvod skl\u00e1dat zbran\u011b Ke &#8222;sp\u011bchu&#8220; m\u00e1 d\u016fvod &#8211; vedle silni\u010dn\u00ed cyklistiky se toti\u017e v\u011bnuje i t\u00e9 dr\u00e1hov\u00e9. &#8222;Nem\u016f\u017eu si dovolit b\u00fdt del\u0161\u00ed dobu bez z\u00e1p\u0159ahu. T\u011blo by zleniv\u011blo a m\u011b by to bez kola ani nebavilo,&#8220; konstatuje sou\u010dasn\u00fd z\u00e1vodn\u00edk Giant Cycling Teamu, kter\u00fd p\u0159edt\u00edm reprezentoval pra\u017eskou Duklu. &#8222;Tren\u00e9\u0159i mi tam mockr\u00e1t \u0159\u00edkali: \u0160majdo, ty prost\u011b stav\u00ed\u0161 na hlavu v\u0161echna pravidla a metodiky.&#8220;<\/p>\n<p>V p\u0159\u00ed\u0161t\u00ed sezon\u011b m\u00e1 Stark je\u0161t\u011b o motivaci nav\u00edc. Nejen kv\u016fli oslav\u00e1m pades\u00e1tin.<\/p>\n<p>&#8222;V\u00edm, \u017ee jsem po paralympi\u00e1d\u011b v Lond\u00fdn\u011b prohl\u00e1sil, \u017ee nev\u00edm, co bych d\u011blal v jedenapades\u00e1ti letech v brazilsk\u00e9m Riu. Jen\u017ee od t\u00e9 doby u\u017e m\u011b to tro\u0161ku nahlodalo. Za rok je \u0161ance se tam kvalifikovat, a tak si \u0159\u00edk\u00e1m, pro\u010d to nezkusit,&#8220; p\u0159izn\u00e1v\u00e1. Konec v profesion\u00e1ln\u00ed cyklistice zat\u00edm Stark navzdory ned\u00e1vn\u00e9mu p\u00e1du nepl\u00e1nuje. &#8222;Dokud t\u011blo dr\u017e\u00ed a sta\u010d\u00edm mlad\u00fdm, nevid\u00edm d\u016fvod skl\u00e1dat zbran\u011b.&#8220; Poda\u0159\u00ed-li se mu proj\u00edt kvalifikac\u00ed, m\u00e1 p\u0159ed sebou p\u0159inejmen\u0161\u00edm dal\u0161\u00ed dv\u011b sezony.<\/p>\n<p>K\u0159ivokl\u00e1tsk\u00e9 vyj\u00ed\u017e\u010fky A ani pak nepl\u00e1nuje cyklistiku opustit. R\u00e1d by t\u0159eba pokra\u010doval v organizaci K\u0159ivokl\u00e1tsk\u00fdch vyj\u00ed\u017ed\u011bk nebo podpo\u0159e Stark Cycling Teamu. &#8222;Nad\u00e1le se hodl\u00e1m anga\u017eovat i v ob\u010dansk\u00e9m sdru\u017een\u00ed,Ano, ano\u2018, kde jsem garantem projektu,Sport pom\u00e1h\u00e1\u2018. M\u016fj \u00faraz nav\u00edc p\u0159eru\u0161il p\u0159ipraven\u00fd projekt cyklokrou\u017eku pro d\u011bti doma v Jen\u010di. V sousedn\u00ed Hostivici je nov\u011b v zastupitelstvu b\u00fdval\u00fd vynikaj\u00edc\u00ed desetiboja\u0159 a kamar\u00e1d Robert Zm\u011bl\u00edk. T\u0159eba spolu n\u011bco vymysl\u00edme,&#8220; v\u011b\u0159\u00ed Stark.<\/p>\n<p>Pokud se probojuje do Ria, bude to jeho sedm\u00e1 paralympi\u00e1da a to se je\u0161t\u011b \u017e\u00e1dn\u00e9mu <span class=\"highlight\">posti\u017een\u00e9mu<\/span> sportovci nepovedlo.<\/p>\n<p>Mlad\u00e1 fronta DNES<\/p>\n","protected":false},"excerpt":{"rendered":"<div class=\"mh-excerpt\"><p>Handicapovan\u00fd cyklista Michal Stark pl\u00e1nuje necel\u00fd m\u011bs\u00edc po t\u011b\u017ek\u00e9m p\u00e1du n\u00e1vrat do sedla. U\u017e \u0161estkr\u00e1t se z\u00fa\u010dastnil paralympijsk\u00fdch her a nyn\u00ed mysl\u00ed na sedm\u00e9, kter\u00e9 <a class=\"mh-excerpt-more\" href=\"https:\/\/www.invarena.cz\/?p=18064\" title=\"&#8222;Dokud t\u011blo dr\u017e\u00ed, zbran\u011b neslo\u017e\u00edm&#8220;\">[&#8230;]<\/a><\/p>\n<\/div>","protected":false},"author":1,"featured_media":2987,"comment_status":"open","ping_status":"closed","sticky":false,"template":"","format":"standard","meta":{"footnotes":""},"categories":[7],"tags":[],"class_list":["post-18064","post","type-post","status-publish","format-standard","has-post-thumbnail","hentry","category-spolecnost"],"_links":{"self":[{"href":"https:\/\/www.invarena.cz\/index.php?rest_route=\/wp\/v2\/posts\/18064","targetHints":{"allow":["GET"]}}],"collection":[{"href":"https:\/\/www.invarena.cz\/index.php?rest_route=\/wp\/v2\/posts"}],"about":[{"href":"https:\/\/www.invarena.cz\/index.php?rest_route=\/wp\/v2\/types\/post"}],"author":[{"embeddable":true,"href":"https:\/\/www.invarena.cz\/index.php?rest_route=\/wp\/v2\/users\/1"}],"replies":[{"embeddable":true,"href":"https:\/\/www.invarena.cz\/index.php?rest_route=%2Fwp%2Fv2%2Fcomments&post=18064"}],"version-history":[{"count":0,"href":"https:\/\/www.invarena.cz\/index.php?rest_route=\/wp\/v2\/posts\/18064\/revisions"}],"wp:featuredmedia":[{"embeddable":true,"href":"https:\/\/www.invarena.cz\/index.php?rest_route=\/wp\/v2\/media\/2987"}],"wp:attachment":[{"href":"https:\/\/www.invarena.cz\/index.php?rest_route=%2Fwp%2Fv2%2Fmedia&parent=18064"}],"wp:term":[{"taxonomy":"category","embeddable":true,"href":"https:\/\/www.invarena.cz\/index.php?rest_route=%2Fwp%2Fv2%2Fcategories&post=18064"},{"taxonomy":"post_tag","embeddable":true,"href":"https:\/\/www.invarena.cz\/index.php?rest_route=%2Fwp%2Fv2%2Ftags&post=18064"}],"curies":[{"name":"wp","href":"https:\/\/api.w.org\/{rel}","templated":true}]}}