{"id":18097,"date":"2014-10-27T11:04:48","date_gmt":"2014-10-27T10:04:48","guid":{"rendered":"http:\/\/www.invarena.cz\/?p=18097"},"modified":"2014-10-27T11:04:48","modified_gmt":"2014-10-27T10:04:48","slug":"urad-prace-misto-bilkove-povedou-namestci","status":"publish","type":"post","link":"https:\/\/www.invarena.cz\/?p=18097","title":{"rendered":"\u00da\u0159ad pr\u00e1ce m\u00edsto B\u00edlkov\u00e9 povedou n\u00e1m\u011bstci"},"content":{"rendered":"<p><strong>Ministryn\u011b pr\u00e1ce Michaela Marksov\u00e1 (\u010cSSD) chce do konce t\u00fddne vyhl\u00e1sit v\u00fdb\u011brov\u00e9 \u0159\u00edzen\u00ed na nov\u00e9ho gener\u00e1ln\u00edho \u0159editele \u00da\u0159adu pr\u00e1ce \u010cR.\u00a0 Zat\u00edm veden\u00ed \u00fa\u0159adu p\u0159evzali jeho n\u00e1m\u011bstci.<\/strong> <!--more--><\/p>\n<p>Podle Marksov\u00e9 ve veden\u00ed \u00fa\u0159adu v\u00fdrazn\u011b p\u0159ibylo \u00fa\u0159edn\u00edk\u016f, posilovat pr\u00fd m\u011bli ale hlavn\u011b lid\u00e9 v ter\u00e9nu. \u00bbV tuto chv\u00edli se na\u0161e n\u00e1zory na slu\u017eby zam\u011bstnanosti rozch\u00e1zej\u00ed. Posilovat by m\u011bli ti, kte\u0159\u00ed se v\u011bnuj\u00ed nezam\u011bstnan\u00fdm, a v oblasti soci\u00e1ln\u00edch d\u00e1vek ti, co chod\u00ed do ter\u00e9nu. Nemohu souhlasit s t\u00edm, \u017ee ne\u00fam\u011brn\u011b vzrostl po\u010det \u00fa\u0159edn\u00edk\u016f na gener\u00e1ln\u00edm \u0159editelstv\u00ed,\u00ab uvedla Marksov\u00e1.<\/p>\n<p>Podle n\u00ed v roce 2011 m\u011blo veden\u00ed \u00fa\u0159adu \u0161est des\u00edtek zam\u011bstnanc\u016f, nyn\u00ed jich m\u00e1 340.<\/p>\n<p>Podle Marksov\u00e9 o nov\u00e9m \u0161\u00e9fovi \u00daP rozhodne transparentn\u00ed v\u00fdb\u011brov\u00e9 \u0159\u00edzen\u00ed. Do t\u00e9 doby povede gener\u00e1ln\u00ed \u0159editelstv\u00ed bu\u010f n\u00e1m\u011bstkyn\u011b Zde\u0148ka Cibulkov\u00e1, nebo n\u00e1m\u011bstek Josef St\u0159\u00edteck\u00fd.<\/p>\n<p>Hal\u00f3 noviny<\/p>\n","protected":false},"excerpt":{"rendered":"<div class=\"mh-excerpt\"><p>Ministryn\u011b pr\u00e1ce Michaela Marksov\u00e1 (\u010cSSD) chce do konce t\u00fddne vyhl\u00e1sit v\u00fdb\u011brov\u00e9 \u0159\u00edzen\u00ed na nov\u00e9ho gener\u00e1ln\u00edho \u0159editele \u00da\u0159adu pr\u00e1ce \u010cR.\u00a0 Zat\u00edm veden\u00ed \u00fa\u0159adu p\u0159evzali jeho n\u00e1m\u011bstci.<\/p>\n<\/div>","protected":false},"author":1,"featured_media":1077,"comment_status":"open","ping_status":"closed","sticky":false,"template":"","format":"standard","meta":{"footnotes":""},"categories":[6],"tags":[],"class_list":["post-18097","post","type-post","status-publish","format-standard","has-post-thumbnail","hentry","category-politika"],"_links":{"self":[{"href":"https:\/\/www.invarena.cz\/index.php?rest_route=\/wp\/v2\/posts\/18097","targetHints":{"allow":["GET"]}}],"collection":[{"href":"https:\/\/www.invarena.cz\/index.php?rest_route=\/wp\/v2\/posts"}],"about":[{"href":"https:\/\/www.invarena.cz\/index.php?rest_route=\/wp\/v2\/types\/post"}],"author":[{"embeddable":true,"href":"https:\/\/www.invarena.cz\/index.php?rest_route=\/wp\/v2\/users\/1"}],"replies":[{"embeddable":true,"href":"https:\/\/www.invarena.cz\/index.php?rest_route=%2Fwp%2Fv2%2Fcomments&post=18097"}],"version-history":[{"count":0,"href":"https:\/\/www.invarena.cz\/index.php?rest_route=\/wp\/v2\/posts\/18097\/revisions"}],"wp:featuredmedia":[{"embeddable":true,"href":"https:\/\/www.invarena.cz\/index.php?rest_route=\/wp\/v2\/media\/1077"}],"wp:attachment":[{"href":"https:\/\/www.invarena.cz\/index.php?rest_route=%2Fwp%2Fv2%2Fmedia&parent=18097"}],"wp:term":[{"taxonomy":"category","embeddable":true,"href":"https:\/\/www.invarena.cz\/index.php?rest_route=%2Fwp%2Fv2%2Fcategories&post=18097"},{"taxonomy":"post_tag","embeddable":true,"href":"https:\/\/www.invarena.cz\/index.php?rest_route=%2Fwp%2Fv2%2Ftags&post=18097"}],"curies":[{"name":"wp","href":"https:\/\/api.w.org\/{rel}","templated":true}]}}