{"id":18131,"date":"2014-12-02T10:01:17","date_gmt":"2014-12-02T09:01:17","guid":{"rendered":"http:\/\/www.invarena.cz\/?p=18131"},"modified":"2014-12-02T11:01:38","modified_gmt":"2014-12-02T10:01:38","slug":"cerny-domov-duchodcu-o-maminku-se-tady-staraji-lepe-nez-v-tom-legalnim","status":"publish","type":"post","link":"https:\/\/www.invarena.cz\/?p=18131","title":{"rendered":"\u010cern\u00fd domov d\u016fchodc\u016f? O maminku se tady staraj\u00ed l\u00e9pe ne\u017e v tom leg\u00e1ln\u00edm"},"content":{"rendered":"<p><strong>\u00da\u0159ady pot\u00edraj\u00ed neleg\u00e1ln\u00ed domovy pro seniory, p\u0159\u00edbuzn\u00ed v\u0161ak tento byznys podporuj\u00ed. V\u011bt\u0161inou proto, \u017ee st\u00e1t jinou p\u00e9\u010di nenab\u00edz\u00ed bu\u010f v\u016fbec, nebo dokonce v hor\u0161\u00ed kvalit\u011b ne\u017e &#8222;\u010dern\u00e9 domovy&#8220;.<\/strong><!--more--><\/p>\n<p><em>ilustra\u010dn\u00ed foto: PhotoRack<\/em><\/p>\n<p>Matka Petra Dudka z Fr\u00fddku-M\u00edstku, kter\u00e1 se u\u017e pohybuje jen na <span class=\"highlight\">invalidn\u00edm<\/span> voz\u00edku, byla je\u0161t\u011b loni v p\u00e9\u010di registrovan\u00e9ho za\u0159\u00edzen\u00ed v okrese.<br \/>\nKv\u016fli nevyhovuj\u00edc\u00edmu stavu budovy se v\u0161ak musel domov p\u0159est\u011bhovat do hotelov\u00e9ho domu v jin\u00e9m m\u011bst\u011b a nastal probl\u00e9m. &#8222;P\u0159edst\u00edrali, \u017ee se staraj\u00ed, ale maminka tam nebyla spokojen\u00e1. Brali j\u00ed v\u0161echny pen\u00edze, p\u0159itom strava \u0161patn\u00e1, nem\u011bla ani televizi a komunikace s p\u0159\u00edbuzn\u00fdmi taky nest\u00e1la za nic, dodnes n\u00e1m dlu\u017e\u00ed t\u0159i tis\u00edce. Nav\u00edc mamku bez na\u0161eho v\u011bdom\u00ed p\u0159eregistrovali k jin\u00e9 zdravotn\u00ed poji\u0161\u0165ovn\u011b,&#8220; popisuje Dudek.<\/p>\n<p>Proto\u017ee chod\u00ed do pr\u00e1ce a jeho man\u017eelka se star\u00e1 o svou nemohouc\u00ed matku, celodenn\u00ed p\u00e9\u010di o dal\u0161\u00ed seniorku by nezvl\u00e1dli. Mu\u017e se obr\u00e1til na radnici m\u011bste\u010dka, ve kter\u00e9m jeho matka d\u0159\u00edv \u017eila, ale neusp\u011bl. &#8222;Nedok\u00e1zali pomoci. Jen poradili, abych se zeptal v bl\u00edzk\u00fdch Palkovic\u00edch,&#8220; \u0159\u00edk\u00e1 Dudek, kter\u00fd se po n\u00e1v\u0161t\u011bv\u011b tamn\u00edho domova pro dev\u011bt klient\u016f rozhodl maminku p\u0159est\u011bhovat. I kdy\u017e mu po pravd\u011b \u0159ekli, \u017ee ofici\u00e1ln\u011b jde o &#8222;b\u011b\u017en\u00fd&#8220; penzion, kter\u00fd nem\u00e1 registrovanou soci\u00e1ln\u00ed slu\u017ebu. Riskl to a nelituje. Jeho matka spokojen\u011b \u017eije v tomto domov\u011b u\u017e sedm m\u011bs\u00edc\u016f.<\/p>\n<p>&#8222;Jsem r\u00e1d, \u017ee je v klidu a pohod\u011b. Kdy\u017e m\u00e1 dobr\u00e9 dny, sm\u011bje se. Bydl\u00ed v samostatn\u00e9m pokoji s televiz\u00ed, dal\u0161\u00ed je ve spole\u010densk\u00e9 m\u00edstnosti. Z\u016fst\u00e1v\u00e1 j\u00ed \u010d\u00e1st pen\u011bz, p\u0159itom strava, hygiena i celkov\u00e1 p\u00e9\u010de jsou velmi dobr\u00e9. Kdy\u017e pot\u0159ebuje, p\u0159ijede za n\u00ed l\u00e9ka\u0159ka. Person\u00e1l je vst\u0159\u00edcn\u00fd ke klient\u016fm i p\u0159\u00edbuzn\u00fdm. Na n\u00e1v\u0161t\u011bvy chod\u00edm kdykoliv a je\u0161t\u011b jsem se nesetkal s probl\u00e9mem,&#8220; vychvaluje domov Dudek.<\/p>\n<p>Srovn\u00e1v\u00e1 ho i s leg\u00e1ln\u00edm domovem d\u016fchodc\u016f, ve kter\u00e9m \u017eije jeho otec. Netvrd\u00ed, \u017ee je tam vylo\u017een\u011b \u0161patn\u00e1 p\u00e9\u010de. &#8222;Ale rozhodn\u011b tam nen\u00ed takov\u00e9 rodinn\u00e9 prost\u0159ed\u00ed jako v tomhle mal\u00e9m penzionu, kde jsou lid\u00e9 po\u0159\u00e1d pospolu. Otec mnohdy jen sed\u00ed na balkon\u011b a kouk\u00e1, nic se ned\u011bje. V Palkovic\u00edch vym\u00fd\u0161lej\u00ed r\u016fzn\u00e9 aktivity.&#8220;<\/p>\n<p>L\u016f\u017eek pro lidi, kte\u0159\u00ed vy\u017eaduj\u00ed trvalou o\u0161et\u0159ovatelskou p\u00e9\u010di nebo alespo\u0148 dohled, je m\u00e1lo. A senior\u016f, o kter\u00e9 se jejich pracuj\u00edc\u00ed d\u011bti nemohou starat, je st\u00e1le v\u00edc. A to je hlavn\u00ed d\u016fvod, pro\u010d buj\u00ed &#8222;\u010dern\u00fd byznys se st\u00e1\u0159\u00edm&#8220; a p\u0159ib\u00fdv\u00e1 neleg\u00e1ln\u00edch domov\u016f, proti kter\u00fdm broj\u00ed ve\u0159ejn\u00e1 ochr\u00e1nkyn\u011b pr\u00e1v Anna \u0160abatov\u00e1.<\/p>\n<p>&#8222;Nav\u0161t\u00edvili jsme sedm takov\u00fdch za\u0159\u00edzen\u00ed a p\u00e9\u010de o seniory v nich byla ot\u0159esn\u00e1. Byl tam c\u00edtit z\u00e1pach mo\u010di, lid\u00e9 byli p\u0159ivazov\u00e1ni k postel\u00edm a zamykani v pokoj\u00edch, nekvalifikovan\u00fd person\u00e1l jim podle vlastn\u00edho zv\u00e1\u017een\u00ed pod\u00e1val tlum\u00edc\u00ed l\u00e9ky&#8230;&#8220; \u0159\u00edk\u00e1 ombudsmanka s t\u00edm, \u017ee takov\u00e1 za\u0159\u00edzen\u00ed je nutn\u00e9 zav\u0159\u00edt. &#8222;Plat\u00ed jasn\u00e1 pravidla. Nelze p\u0159istoupit na argumenty neleg\u00e1ln\u00edch provozovatel\u016f, \u017ee se o seniory staraj\u00ed dob\u0159e. Pokud se v\u0161ak najdou za\u0159\u00edzen\u00ed, kter\u00e1 poskytuj\u00ed kvalitn\u00ed p\u00e9\u010di, m\u011bla by se zlegalizovat, tedy po\u017e\u00e1dat o registraci,&#8220; \u0159\u00edk\u00e1 \u0160abatov\u00e1 s t\u00edm, \u017ee dohl\u00e9dnout na to maj\u00ed krajsk\u00e9 \u00fa\u0159ady.<br \/>\nV Moravskoslezsk\u00e9m kraji \u00fa\u0159edn\u00edci jen v leto\u0161n\u00edm prvn\u00edm pololet\u00ed odhalili \u0161est neleg\u00e1ln\u00edch domov\u016f asi se stovkou senior\u016f. S provozovateli zah\u00e1jili spr\u00e1vn\u00ed \u0159\u00edzen\u00ed o neopr\u00e1vn\u011bn\u00e9m poskytov\u00e1n\u00ed soci\u00e1ln\u00edch slu\u017eeb, kter\u00e1 mohou skon\u010dit pokutami do v\u00fd\u0161e jednoho milionu korun. Na dva domovy dokonce podali podn\u011bty st\u00e1tn\u00edmu zastupitelstv\u00ed. Pat\u0159\u00ed k nim i ten v Palkovic\u00edch.<\/p>\n<p>Kloudnou radu nikdo nem\u00e1 \u0160\u00e9f moravskoslezsk\u00e9ho soci\u00e1ln\u00edho odboru Daniel Rychlik varuje, \u017ee senio\u0159i mohou p\u0159ij\u00edt o p\u0159\u00edsp\u011bvky na p\u00e9\u010di, kter\u00e9 dost\u00e1vaj\u00ed podle stupn\u011b z\u00e1vislosti na druh\u00fdch v rozmez\u00ed od 800 do 12 tis\u00edc korun m\u011bs\u00ed\u010dn\u011b.<\/p>\n<p>Sm\u016fla je, \u017ee nikdo nem\u00e1 kloudnou radu pro p\u0159\u00edbuzn\u00e9, kte\u0159\u00ed by cht\u011bli p\u0159em\u00edstit sv\u00e9 rodi\u010de z neleg\u00e1ln\u00edch domov\u016f jinam. &#8222;A\u0165 se obr\u00e1t\u00ed na radnici v m\u00edst\u011b bydli\u0161t\u011b seniora, p\u0159\u00edpadn\u011b na krajsk\u00fd \u00fa\u0159ad,&#8220; \u0159\u00edk\u00e1 Rychlik. Jen\u017ee lid\u00e9, kte\u0159\u00ed u\u017e to zkusili, zjistili, \u017ee na m\u00edsto v leg\u00e1ln\u00edm za\u0159\u00edzen\u00ed by museli \u010dekat t\u0159eba rok nebo dva. Rychlik p\u0159ipou\u0161t\u00ed, \u017ee nikdo nev\u00ed, kolik l\u016f\u017eek pro seniory v regionu je a kolik by jich bylo pot\u0159eba. &#8222;Snahou je podpo\u0159it p\u00e9\u010di o seniory v rodinn\u00e9m prost\u0159ed\u00ed, i proto dost\u00e1vaj\u00ed p\u0159\u00edsp\u011bvky,&#8220; vysv\u011btluje.<\/p>\n<p>Ostravsk\u00fd praktick\u00fd l\u00e9ka\u0159 a geriatr Hugo P\u0159ibyl m\u00edn\u00ed, \u017ee probl\u00e9my dom\u00e1c\u00ed p\u00e9\u010de ani neregistrovan\u00fdch pobytov\u00fdch soci\u00e1ln\u00edch slu\u017eeb nelze vn\u00edmat \u010dernob\u00edle. &#8222;V\u011bt\u0161inou jde jen o byznys se st\u00e1\u0159\u00edm a nemohoucnost\u00ed, ale t\u0159eba Palkovice maj\u00ed dobrou pov\u011bst a jejich klienti jsou opravdu spokojen\u00ed. Na druhou stranu existuj\u00ed registrovan\u00e9 domovy, kde p\u00e9\u010de nen\u00ed ide\u00e1ln\u00ed: chyb\u00ed person\u00e1l, klienti nemaj\u00ed dostatek soukrom\u00ed, n\u011bkdy ani vhodnou stravu.&#8220; Registraci ukl\u00e1d\u00e1 z\u00e1kon o soci\u00e1ln\u00edch slu\u017eb\u00e1ch. Neregistrovan\u00e1 za\u0159\u00edzen\u00ed si podle P\u0159ibyla odporuj\u00ed v tom, co deklaruj\u00ed. Ofici\u00e1ln\u011b poskytuj\u00ed jen ubytov\u00e1n\u00ed, ne soci\u00e1ln\u00ed slu\u017eby, ale na webov\u00fdch str\u00e1nk\u00e1ch nab\u00edzej\u00ed komplexn\u00ed p\u00e9\u010di o seniory. V registrovan\u00fdch soukrom\u00fdch domovech, kter\u00e9 se mus\u00ed p\u0159izp\u016fsobit vyhl\u00e1\u0161k\u00e1m, se pro zm\u011bnu mohou n\u00e1klady seniora vy\u0161plhat i na 20 tis\u00edc korun m\u011bs\u00ed\u010dn\u011b bez p\u0159\u00edsp\u011bvku na p\u00e9\u010di a n\u011bkter\u00e9 je\u0161t\u011b vy\u017eaduj\u00ed nap\u0159\u00edklad vlastn\u00ed l\u016f\u017ekoviny.<\/p>\n<p>&#8222;Obecn\u011b samoz\u0159ejm\u011b doporu\u010duji registrovanou slu\u017ebu. Ale co je lep\u0161\u00ed pro \u010dlov\u011bka, kter\u00fd m\u00e1 t\u011b\u017ekou demenci: b\u00fdt v neregistrovan\u00e9m domov\u011b, kde je o n\u011bj alespo\u0148 n\u011bjak postar\u00e1no, nebo p\u0159e\u017e\u00edvat s\u00e1m doma a b\u00fdt rizikem pro sebe i sousedy? Hroz\u00ed t\u0159eba, \u017ee bude bloudit po m\u011bst\u011b, vytop\u00ed d\u016fm nebo pust\u00ed plyn a zavin\u00ed explozi,&#8220; upozornil l\u00e9ka\u0159 P\u0159ibyl.<\/p>\n<p>Ivana Leskov\u00e1, redaktorka <a href=\"http:\/\/www.idnes.cz\/\">MF DNES\u00a0\u00a0\u00a0\u00a0\u00a0\u00a0\u00a0\u00a0\u00a0\u00a0\u00a0\u00a0\u00a0\u00a0\u00a0\u00a0\u00a0\u00a0 http:\/\/www.idnes.cz\/<\/a><\/p>\n","protected":false},"excerpt":{"rendered":"<div class=\"mh-excerpt\"><p>\u00da\u0159ady pot\u00edraj\u00ed neleg\u00e1ln\u00ed domovy pro seniory, p\u0159\u00edbuzn\u00ed v\u0161ak tento byznys podporuj\u00ed. V\u011bt\u0161inou proto, \u017ee st\u00e1t jinou p\u00e9\u010di nenab\u00edz\u00ed bu\u010f v\u016fbec, nebo dokonce v hor\u0161\u00ed kvalit\u011b <a class=\"mh-excerpt-more\" href=\"https:\/\/www.invarena.cz\/?p=18131\" title=\"\u010cern\u00fd domov d\u016fchodc\u016f? O maminku se tady staraj\u00ed l\u00e9pe ne\u017e v tom leg\u00e1ln\u00edm\">[&#8230;]<\/a><\/p>\n<\/div>","protected":false},"author":1,"featured_media":14573,"comment_status":"open","ping_status":"closed","sticky":false,"template":"","format":"standard","meta":{"footnotes":""},"categories":[9],"tags":[],"class_list":["post-18131","post","type-post","status-publish","format-standard","has-post-thumbnail","hentry","category-zpravy"],"_links":{"self":[{"href":"https:\/\/www.invarena.cz\/index.php?rest_route=\/wp\/v2\/posts\/18131","targetHints":{"allow":["GET"]}}],"collection":[{"href":"https:\/\/www.invarena.cz\/index.php?rest_route=\/wp\/v2\/posts"}],"about":[{"href":"https:\/\/www.invarena.cz\/index.php?rest_route=\/wp\/v2\/types\/post"}],"author":[{"embeddable":true,"href":"https:\/\/www.invarena.cz\/index.php?rest_route=\/wp\/v2\/users\/1"}],"replies":[{"embeddable":true,"href":"https:\/\/www.invarena.cz\/index.php?rest_route=%2Fwp%2Fv2%2Fcomments&post=18131"}],"version-history":[{"count":0,"href":"https:\/\/www.invarena.cz\/index.php?rest_route=\/wp\/v2\/posts\/18131\/revisions"}],"wp:featuredmedia":[{"embeddable":true,"href":"https:\/\/www.invarena.cz\/index.php?rest_route=\/wp\/v2\/media\/14573"}],"wp:attachment":[{"href":"https:\/\/www.invarena.cz\/index.php?rest_route=%2Fwp%2Fv2%2Fmedia&parent=18131"}],"wp:term":[{"taxonomy":"category","embeddable":true,"href":"https:\/\/www.invarena.cz\/index.php?rest_route=%2Fwp%2Fv2%2Fcategories&post=18131"},{"taxonomy":"post_tag","embeddable":true,"href":"https:\/\/www.invarena.cz\/index.php?rest_route=%2Fwp%2Fv2%2Ftags&post=18131"}],"curies":[{"name":"wp","href":"https:\/\/api.w.org\/{rel}","templated":true}]}}