{"id":18152,"date":"2014-10-30T07:54:30","date_gmt":"2014-10-30T06:54:30","guid":{"rendered":"http:\/\/www.invarena.cz\/?p=18152"},"modified":"2014-10-30T07:55:45","modified_gmt":"2014-10-30T06:55:45","slug":"nejstarsi-ustav-marianum-se-bude-rusit","status":"publish","type":"post","link":"https:\/\/www.invarena.cz\/?p=18152","title":{"rendered":"Nejstar\u0161\u00ed \u00fastav Marianum se bude ru\u0161it"},"content":{"rendered":"<p><strong>Jeden z nejstar\u0161\u00edch a nejv\u011bt\u0161\u00edch \u00fastav\u016f pro posti\u017een\u00e9 u n\u00e1s m\u00e1 p\u0159ed sebou posledn\u00ed rok existence. Klienti \u00fastavu Marianum v Opav\u011b (foto) se postupn\u011b st\u011bhuj\u00ed do nov\u00fdch byt\u016f chr\u00e1n\u011bn\u00e9ho bydlen\u00ed. Zanikne i n\u00e1zev Marianum, kter\u00fd stejn\u011b jako budova pat\u0159\u00ed kongregaci Dcer Bo\u017esk\u00e9 l\u00e1sky. Co s \u00fastavem bude d\u00e1l, nen\u00ed jasn\u00e9.<\/strong><!--more--><\/p>\n<p><strong>\u010cT 1 &#8211; report\u00e1\u017e<\/strong><\/p>\n<p>&nbsp;<\/p>\n<p>Opustili chladn\u00e9 chodby \u00fastavu a vym\u011bnili je za rodinn\u00fd domek mimo centrum m\u011bsta. Pavel, Roman a Jaroslav pat\u0159\u00ed k t\u011bm lidem s posti\u017een\u00edm, kte\u0159\u00ed se po letech u\u010d\u00ed \u017e\u00edt jinak.<\/p>\n<p>Monika BITOMSK\u00c1, vedouc\u00ed Domova pro osoby se zdravotn\u00edm posti\u017een\u00edm:<br \/>\n\u017de se v\u00edce pod\u00edl\u00ed na r\u016fzn\u00fdch takov\u00fdch dom\u00e1c\u00edch pracech, nemaj\u00ed tady ukl\u00edze\u010dku, tak\u017ee si tady mus\u00ed sami ukl\u00edzet, pod\u00edl\u00ed se i na pran\u00ed pr\u00e1dla a v\u011b\u0161en\u00ed pr\u00e1dla.<br \/>\nV tomto dom\u011b \u017eije 6 klient\u016f mu\u017e\u016f. Hned ve vedlej\u0161\u00edm 6 \u017een. 24 hodin denn\u011b se jim v\u011bnuje soci\u00e1ln\u00ed pracovn\u00edk. Mnoz\u00ed se v \u017eivot\u011b st\u011bhovali v\u016fbec poprv\u00e9. A\u017e dote\u010f \u017eili v jednom z nejstar\u0161\u00edch \u00fastav\u016f u n\u00e1s, v opavsk\u00e9m Marianu. Toto za\u0159\u00edzen\u00ed p\u0159\u00ed\u0161t\u00ed rok kon\u010d\u00ed. A na st\u011bhov\u00e1n\u00ed \u010dek\u00e1 je\u0161t\u011b 70 klient\u016f.<\/p>\n<p>Anton\u00edn JAN\u00dd\u0160KA, \u0159editel, Marianum:<br \/>\nBylo tady 55 klient\u016f na t\u00e9 chodb\u011b, j\u00e1 jsem j\u00ed \u0159\u00edkal chodba hr\u016fzy. A nejv\u011bt\u0161\u00ed lo\u017enice m\u011bla 28 \u017eelezn\u00fdch postel\u00ed a dneska z n\u00ed je centrum denn\u00edch slu\u017eeb. Roman, t\u0159eba t\u00e1mhle, ten bydl\u00ed na chr\u00e1n\u011bn\u00e9m bydlen\u00ed na Dostejovsk\u00fdho ulici, ale do t\u011bch na\u0161ich aktiviza\u010dn\u00edch d\u00edlen chod\u00ed sem.<br \/>\nAnton\u00edn Jan\u00fd\u0161ka stoj\u00ed v \u010dele \u00fastavu u\u017e 10 let. I on v\u00ed, jak d\u016fle\u017eit\u00e9 je p\u0159est\u011bhovat klienty z uzav\u0159en\u00e9ho are\u00e1lu do b\u011b\u017en\u00e9ho \u017eivota.<\/p>\n<p>Anton\u00edn JAN\u00dd\u0160KA\u00a0\u00a0 Je p\u0159ece norm\u00e1ln\u00ed, kdy\u017e bydl\u00edte v byt\u011b, kdy\u017e m\u00e1te sv\u016fj pokoj, kdy\u017e r\u00e1no vstanete a jdete do pr\u00e1ce a z pr\u00e1ce jdete d\u011blat n\u011bjakou svou z\u00e1libu nebo kon\u00ed\u010dek, a pak se vr\u00e1t\u00edte zase dom\u016f a jdete sp\u00e1t. Tak jako v\u00e1m onemocn\u00ed doma babi\u010dka, tak je prost\u011b doma v tom pokoji, kde byla a p\u0159ijde tam o\u0161et\u0159uj\u00edc\u00ed person\u00e1l a postar\u00e1 se o n\u00ed v tom pokoji.<br \/>\nPavel, Jaroslav a Roman si mysleli, \u017ee jsou jen na pr\u00e1zdnin\u00e1ch. Dnes u\u017e poznali, \u017ee maj\u00ed nov\u00fd domov. A chr\u00e1n\u011bn\u00fdch bydlen\u00ed,jako je to jejich, v Moravskoslezsk\u00e9m kraji p\u0159ib\u00fdv\u00e1. Od roku 96 jich bylo otev\u0159eno 53. Nejv\u00edc &#8211; 20 &#8211; pr\u00e1v\u011b v Opav\u011b..<br \/>\n<strong>V telefonick\u00e9m spojen\u00ed jsme s Danielem Rychl\u00edkem, vedouc\u00edm odboru soci\u00e1ln\u00edch v\u011bc\u00ed Krajsk\u00e9ho \u00fa\u0159adu Moravskoslezsk\u00e9ho kraje<\/strong>.<\/p>\n<p><strong>Tak \u00dastav Marianum v Opav\u011b se bude ru\u0161it kv\u016fli p\u0159em\u011bn\u011b syst\u00e9mu poskytov\u00e1n\u00ed soci\u00e1ln\u00edch slu\u017eeb v Moravskoslezsk\u00e9m kraji. Co takov\u00e1 transformace vlastn\u011b v praxi znamen\u00e1, co to znamen\u00e1 pro klienty, co pro spole\u010dnost jako takovou.<\/strong><\/p>\n<p>Daniel RYCHL\u00cdK:<br \/>\n\u00fastav jako takov\u00fd cel\u00fd se neru\u0161\u00ed, my pouze opou\u0161t\u00edme tu budovu, a slu\u017eby v n\u00ed zachov\u00e1v\u00e1me, naopak je\u0161t\u011b j\u00ed roz\u0161i\u0159ujeme. A transformace obecn\u011b p\u0159in\u00e1\u0161\u00ed tu zm\u011bnu ve chv\u00edli, kdy p\u0159est\u00e1v\u00e1me lidi izolovat v takzvan\u00fdch soci\u00e1ln\u00edch v\u011bd, kde \u017eij\u00ed des\u00edtky, mnohdy i stovky lid\u00ed s n\u011bjak\u00fdm handicapem na jednom m\u00edst\u011b, odlou\u010deni od b\u011b\u017en\u00e9ho \u017eivota. A vlastn\u011b p\u0159ich\u00e1zej\u00ed do m\u00edst, kde jich \u017eije na p\u00e1r 2 &#8211; 3, v b\u011b\u017en\u00e9 z\u00e1stavb\u011b maj\u00ed mo\u017enost vytv\u00e1\u0159et norm\u00e1ln\u00ed sousedsk\u00e9 vztahy a \u017e\u00edt \u017eivot, kter\u00fd je v podstat\u011b stejn\u00fd, akor\u00e1t k tomu je pot\u0159eba asistenta, ale z\u00e1zraky se d\u011bj\u00ed a v n\u011bkter\u00fdch p\u0159\u00edpadech lid\u00e9 po letech doch\u00e1zej\u00ed do situace, kdy dokonce m\u016f\u017ee \u00fapln\u011b opustit soci\u00e1ln\u00ed slu\u017eby a obejdou se i bez soci\u00e1ln\u00ed asistence.<br \/>\n<strong>Kolika \u00fastav\u016f, za\u0159\u00edzen\u00ed se ta p\u0159em\u011bna t\u00fdk\u00e1?<\/strong><\/p>\n<p>Daniel RYCHL\u00cdK,<br \/>\nV na\u0161em kraji do\u0161lo k rozhodnut\u00ed, \u017ee se bude tato zm\u011bna t\u00fdkat v\u0161ech 10 za\u0159\u00edzen\u00ed, kter\u00e9 kraj z\u0159izuje, je to zhruba tis\u00edc lid\u00ed, kter\u00fdch se ta celkov\u00e1 zm\u011bna dotkne, p\u0159i\u010dem\u017e v tuto chv\u00edli ji\u017e pro zhruba 800 lid\u00ed je to zm\u011bna bu\u010f v realizaci a nebo v procesu a d\u00e1le m\u00e1me dal\u0161\u00ed poskytovatele soci\u00e1ln\u00edch slu\u017eeb, r\u016fzn\u00e9 nest\u00e1tn\u00ed neziskov\u00e9 organizace nebo i obce a v z\u00e1sad\u011b v\u0161ichni, kte\u0159\u00ed v na\u0161em kraji poskytuj\u00ed slu\u017eby, tak do tohoto procesu jsou v\u00edce \u010di m\u00e9n\u011b zapojeni.<br \/>\n<strong>\u0158\u00edk\u00e1te, \u017ee se to t\u00fdk\u00e1 tis\u00edcovky lid\u00ed, budou sta\u010dit dosavadn\u00ed za\u0159\u00edzen\u00ed?<\/strong><\/p>\n<p>Daniel RYCHL\u00cdK,<br \/>\nmy postupn\u011b\u00a0 opou\u0161t\u00edme za\u0159\u00edzen\u00ed podobn\u00e9 jako jste vid\u011bli v report\u00e1\u017ei Marianum, ty b\u00fdval\u00e9 z\u00e1mky, nap\u0159\u00edklad Nov\u00e1 Horka ve Stud\u00e9nce, u\u017e jsme opustili z\u00e1mek v Ho\u0161\u0165\u00e1lkov\u011b, v Jind\u0159ichov\u011b a pro v\u0161echny tyhle lidi vlastn\u011b se stejnou kapacitou se vytv\u00e1\u0159ej\u00ed ty mal\u00e9 rodinn\u00e9 dom\u00e1cnosti. A obecn\u011b se ve chv\u00edli, kdy pobytov\u00fdch soci\u00e1ln\u00edch slu\u017eeb je m\u00e1lo, ale kraj jako takov\u00fd preferuje dom\u00e1c\u00ed slu\u017eby, ter\u00e9nn\u00ed prost\u0159ed\u00ed a pobytovou soci\u00e1ln\u00ed slu\u017ebu jako nejdra\u017e\u0161\u00ed typ za\u0159\u00edzen\u00ed vlastn\u011b a\u017e pro lidi, kte\u0159\u00ed pot\u0159ebuj\u00ed nejv\u011bt\u0161\u00ed m\u00edru podpory a pomoci.<br \/>\n<strong>je dne\u0161n\u00ed spole\u010dnost p\u0159ipravena na to, \u017ee lid\u00e9 s posti\u017een\u00edm opust\u00ed \u00fastavn\u00ed za\u0159\u00edzen\u00ed a budou v\u00edce sou\u010d\u00e1st\u00ed spole\u010dnosti?<\/strong><\/p>\n<p>Daniel RYCHL\u00cdK:<br \/>\nJ\u00e1 bych \u0159ekl, \u017ee ano, pravdou je, \u017ee i po 25 letech, kdy do\u0161lo k z\u00e1sadn\u00ed zm\u011bn\u011b postaven\u00ed t\u011bchto osob, tak se je\u0161t\u011b st\u00e1le setk\u00e1v\u00e1me s neradostn\u00fdm p\u0159ijet\u00edm velmi \u010dasto t\u011bchto osob, na druhou stranu s radost\u00ed v\u00edt\u00e1m situaci, kdy ty obavy opadnou a nav\u00e1\u017ee se norm\u00e1ln\u00ed vztah, kdy zjist\u00ed, \u017ee se b\u00e1li nezn\u00e1m\u00e9ho, nikoliv n\u011b\u010deho, co je, co je m\u016f\u017ee ohro\u017eovat.<\/p>\n<p><strong>D\u011bkuji. \u010cesk\u00e1 televize<\/strong><\/p>\n","protected":false},"excerpt":{"rendered":"<div class=\"mh-excerpt\"><p>Jeden z nejstar\u0161\u00edch a nejv\u011bt\u0161\u00edch \u00fastav\u016f pro posti\u017een\u00e9 u n\u00e1s m\u00e1 p\u0159ed sebou posledn\u00ed rok existence. Klienti \u00fastavu Marianum v Opav\u011b (foto) se postupn\u011b st\u011bhuj\u00ed <a class=\"mh-excerpt-more\" href=\"https:\/\/www.invarena.cz\/?p=18152\" title=\"Nejstar\u0161\u00ed \u00fastav Marianum se bude ru\u0161it\">[&#8230;]<\/a><\/p>\n<\/div>","protected":false},"author":1,"featured_media":18153,"comment_status":"open","ping_status":"closed","sticky":false,"template":"","format":"standard","meta":{"footnotes":""},"categories":[7],"tags":[],"class_list":["post-18152","post","type-post","status-publish","format-standard","has-post-thumbnail","hentry","category-spolecnost"],"_links":{"self":[{"href":"https:\/\/www.invarena.cz\/index.php?rest_route=\/wp\/v2\/posts\/18152","targetHints":{"allow":["GET"]}}],"collection":[{"href":"https:\/\/www.invarena.cz\/index.php?rest_route=\/wp\/v2\/posts"}],"about":[{"href":"https:\/\/www.invarena.cz\/index.php?rest_route=\/wp\/v2\/types\/post"}],"author":[{"embeddable":true,"href":"https:\/\/www.invarena.cz\/index.php?rest_route=\/wp\/v2\/users\/1"}],"replies":[{"embeddable":true,"href":"https:\/\/www.invarena.cz\/index.php?rest_route=%2Fwp%2Fv2%2Fcomments&post=18152"}],"version-history":[{"count":0,"href":"https:\/\/www.invarena.cz\/index.php?rest_route=\/wp\/v2\/posts\/18152\/revisions"}],"wp:featuredmedia":[{"embeddable":true,"href":"https:\/\/www.invarena.cz\/index.php?rest_route=\/wp\/v2\/media\/18153"}],"wp:attachment":[{"href":"https:\/\/www.invarena.cz\/index.php?rest_route=%2Fwp%2Fv2%2Fmedia&parent=18152"}],"wp:term":[{"taxonomy":"category","embeddable":true,"href":"https:\/\/www.invarena.cz\/index.php?rest_route=%2Fwp%2Fv2%2Fcategories&post=18152"},{"taxonomy":"post_tag","embeddable":true,"href":"https:\/\/www.invarena.cz\/index.php?rest_route=%2Fwp%2Fv2%2Ftags&post=18152"}],"curies":[{"name":"wp","href":"https:\/\/api.w.org\/{rel}","templated":true}]}}