{"id":18174,"date":"2014-11-01T07:15:47","date_gmt":"2014-11-01T06:15:47","guid":{"rendered":"http:\/\/www.invarena.cz\/?p=18174"},"modified":"2014-11-01T07:16:05","modified_gmt":"2014-11-01T06:16:05","slug":"mpsv-planuje-zavedeni-pecovatelske-dovolene","status":"publish","type":"post","link":"https:\/\/www.invarena.cz\/?p=18174","title":{"rendered":"MPSV pl\u00e1nuje zaveden\u00ed &#8222;pe\u010dovatelsk\u00e9 dovolen\u00e9&#8220;"},"content":{"rendered":"<p><strong>Po\u010det lid\u00ed s demenc\u00ed, kterou zp\u016fsobuje Alzheimerova choroba, st\u00e1le roste. Politici, z\u00e1stupci ministerstev, ale tak\u00e9 \u0159editel\u00e9 nemocnic nebo domov\u016f pro seniory proto debatovali o mo\u017en\u00fdch \u0159e\u0161en\u00edch. O nich hovo\u0159ila v \u010cesk\u00e9m rozhlasu Zuzana Jentschke St\u00f6cklov\u00e1 z ministerstva pr\u00e1ce a soci\u00e1ln\u00edch v\u011bc\u00ed.<\/strong><\/p>\n<p><!--more--><\/p>\n<p>ilustra\u010dn\u00ed foto: Tim &amp; Selena Middleton \/ Flickr.com<\/p>\n<p>Do roku 2050 by mohlo b\u00fdt lid\u00ed s Alzheimerovou chorobou podle odhad\u016f a\u017e t\u0159ikr\u00e1t v\u00edce ne\u017e dnes. Te\u010f ve sv\u011bt\u011b tr\u00e1p\u00ed touto nemoc\u00ed asi, ve sv\u011bt\u011b trp\u00ed touto nemoc\u00ed asi 38 milion\u016f lid\u00ed. Politici, z\u00e1stupci ministerstev, ale tak\u00e9 \u0159editel\u00e9 nemocnic nebo domov\u016f pro seniory proto budou dnes debatovat o mo\u017en\u00fdch \u0159e\u0161en\u00edch. V Rann\u00edm interview v\u00edt\u00e1m Zuzanu Jentschke St\u00f6cklovou z ministerstva pr\u00e1ce a soci\u00e1ln\u00edch v\u011bc\u00ed.<\/p>\n<p><strong>Jak\u00e9 jsou ty aktu\u00e1ln\u00ed po\u010dty lid\u00ed nemocn\u00fdch Alzheimerem v \u010cesk\u00e9 republice?<\/strong><\/p>\n<p>Zuzana JENTSCHKE ST\u00d6CKLOV\u00c1, <span class=\"highlight\">MPSV<\/span>:<br \/>\nTak odhady se v sou\u010dasn\u00e9 dob\u011b pohybuj\u00ed mezi 120 a 140 tis\u00edcemi osob jenom v \u010cesk\u00e9 republice a p\u0159edev\u0161\u00edm se tedy jedn\u00e1 o osoby star\u0161\u00ed 80 let. Ale se st\u00e1rnut\u00edm populace bude po\u010det t\u011bchto osob logicky nar\u016fstat.<\/p>\n<p><strong> Jak o n\u011b st\u00e1t pe\u010duje te\u010f? Jsou n\u011bjak\u00e9 speci\u00e1ln\u00ed programy, speci\u00e1ln\u00ed metody?<\/strong><br \/>\nTak j\u00e1 v tuto chv\u00edli mohu hovo\u0159it pouze za ministerstvo pr\u00e1ce a soci\u00e1ln\u00edch v\u011bc\u00ed, kter\u00e9 se touto problematikou intenzivn\u011b zab\u00fdv\u00e1. V na\u0161\u00ed gesci je p\u0159edev\u0161\u00edm zaji\u0161t\u011bn\u00ed soci\u00e1ln\u00ed p\u00e9\u010de pro tyto osoby a tak\u00e9 soci\u00e1ln\u00edho poradenstv\u00ed nejen pro n\u011b, ale tak\u00e9 pro jejich bl\u00edzk\u00e9 pe\u010duj\u00edc\u00ed. My spole\u010dn\u011b s ministerstvem zdravotnictv\u00ed\u00a0 pl\u00e1nujeme v\u011bt\u0161\u00ed prov\u00e1zanost soci\u00e1ln\u00edho a zdravotn\u00edho syst\u00e9mu pr\u00e1v\u011b z t\u00e9to oblasti o p\u00e9\u010de o osoby s Alzheimerovou chorobou, ale i celkov\u011b v oblasti dlouhodob\u00e9 p\u00e9\u010de, abysme se p\u0159ibl\u00ed\u017eili takov\u00e9mu ide\u00e1ln\u00edmu stavu, kdy je \u010dlov\u011bk v\u010das diagnostikov\u00e1n, je zah\u00e1jena jeho l\u00e9\u010dba formou medikace a my ji\u017e se tak\u00e9 postar\u00e1me o tu jeho terapeutickou a pe\u010dovatelskou \u010d\u00e1st pr\u016fb\u011bhu nemoci, proto\u017ee je opravdu \u010dlov\u011bka pot\u0159eba p\u0159ipravit na pr\u016fb\u011bh t\u00e9 nemoci, je pot\u0159eba p\u0159ipravit tak\u00e9 p\u0159edev\u0161\u00edm jeho bl\u00edzk\u00e9, kte\u0159\u00ed se \u010dasto rozhodnou o toho \u010dlov\u011bka pe\u010dovat, a ta p\u00e9\u010de o \u010dlov\u011bka s Alzheimerovou chorobou je velmi psychicky a fyzicky n\u00e1ro\u010dn\u00e1. Tak\u017ee aby ti lid\u00e9 v\u016fbec v\u011bd\u011bli, do \u010deho jdou. ministerstvo pr\u00e1ce a soci\u00e1ln\u00edch v\u011bc\u00ed pl\u00e1nuje podporu t\u011bchto rodin.<\/p>\n<p><strong> Jakou konkr\u00e9tn\u00ed podporu?<\/strong><br \/>\nmy m\u00e1me v pl\u00e1nu takovou v\u011bc jak\u00e1 funguje t\u0159eba nap\u0159\u00edklad v Rakousku, n\u011bco jako takzvanou pe\u010dovatelskou dovolenou, to znamen\u00e1, \u017ee \u010dlov\u011bk, kter\u00fd pe\u010duje o sv\u00e9ho t\u011b\u017ece nemocn\u00e9ho bl\u00edzk\u00e9ho, se m\u016f\u017ee domluvit se sv\u00fdm zam\u011bstnavatelem, \u017ee ho uvoln\u00ed na n\u011bjakou dobu, aby mohl pe\u010dovat o toho sv\u00e9ho bl\u00edzk\u00e9ho nebo se domluv\u00ed na n\u011bjak\u00e9 form\u011b flexibiln\u00edho \u00favazku. Zam\u011bstnavatel m\u00e1 povinnost vyj\u00edt zam\u011bstnanci vst\u0159\u00edc. Tak\u017ee jak to zn\u00e1me u n\u00e1s u rodi\u010dovsk\u00fdch dovolen\u00fdch, tak by to mohlo fungovat u pe\u010dovatelsk\u00fdch dovolen\u00fdch. Samoz\u0159ejm\u011b ale na mnohem krat\u0161\u00ed dobu, nen\u00ed mo\u017en\u00e9, aby byl \u010dlov\u011bk \u010dty\u0159i roky doma. Ale nap\u0159\u00edklad v Rakousku to funguje tak, \u017ee se m\u016f\u017ee prost\u0159\u00eddat cel\u00e1 rodina..Jist\u00e9 p\u0159eklenovac\u00ed obdob\u00ed.<\/p>\n<p><strong> Jak u\u017e jsme \u0159ekli, do roku 2050 by ten po\u010det pacient\u016f mohl b\u00fdt a\u017e t\u0159ikr\u00e1t vy\u0161\u0161\u00ed ne\u017e dnes. Co m\u00e1 napl\u00e1novan\u00e9 ministerstvo, aby p\u00e9\u010di a l\u00e9\u010dbu pacient\u016f zvl\u00e1dlo?<\/strong><br \/>\nu\u017e jsem tady zm\u00ednila tu prov\u00e1zanost s zdravotnick\u00fdm syst\u00e9mem, proto\u017ee ta je velmi d\u016fle\u017eit\u00e1. A my se samoz\u0159ejm\u011b sna\u017e\u00edme p\u0159edev\u0161\u00edm spole\u010dn\u011b s kraji, kter\u00e9 zodpov\u00eddaj\u00ed za s\u00ed\u0165 soci\u00e1ln\u00edch slu\u017eeb ve sv\u00fdch regionech, roz\u0161i\u0159ovat s\u00ed\u0165 soci\u00e1ln\u00edch slu\u017eeb pro osoby s Alzheimerovou chorobou a finan\u010dn\u011b je tak\u00e9 podporovat. V leto\u0161n\u00edm roce byla na provoz pobytov\u00fdch slu\u017eeb, kter\u00e9 pr\u00e1v\u011b pe\u010duj\u00ed o osoby s Alzheimerovou chorobou, poskytnuta st\u00e1tn\u00ed dotace 767 milion\u016f korun, co\u017e je o 160 milion\u016f v\u00edce, jak tomu bylo t\u0159eba nap\u0159\u00edklad v minul\u00fdch letech. V\u00edce pen\u011bz \u0161lo letos tak\u00e9 na ter\u00e9nn\u00ed slu\u017eby a stacion\u00e1\u0159e a vznikaj\u00ed p\u0159edev\u0161\u00edm tak\u00e9 nov\u00e9 kapacity v takzvan\u00fdch domovech se zvl\u00e1\u0161tn\u00edm re\u017eimem. Tyto domovy se zvl\u00e1\u0161tn\u00edm re\u017eimem pe\u010duj\u00ed o osoby s Alzheimerovou chorobou. V sou\u010dasn\u00e9 dob\u011b je v \u010cesk\u00e9 republice registrov\u00e1no asi 255 domov\u016f s kapacitou 12 tis\u00edc l\u016f\u017eek, ale samoz\u0159ejm\u011b ta kapacita je nedostate\u010dn\u00e1 a je pot\u0159eba ji st\u00e1le roz\u0161i\u0159ovat.<\/p>\n<p><strong>Zuzana Jentschke St\u00f6cklov\u00e1 z ministerstva pr\u00e1ce a soci\u00e1ln\u00edch v\u011bc\u00ed te\u010f v Rann\u00edm interview p\u0159ed osmou hodinou. D\u00edky za to, na shledanou.<\/strong><\/p>\n<p>&nbsp;<\/p>\n","protected":false},"excerpt":{"rendered":"<div class=\"mh-excerpt\"><p>Po\u010det lid\u00ed s demenc\u00ed, kterou zp\u016fsobuje Alzheimerova choroba, st\u00e1le roste. Politici, z\u00e1stupci ministerstev, ale tak\u00e9 \u0159editel\u00e9 nemocnic nebo domov\u016f pro seniory proto debatovali o mo\u017en\u00fdch <a class=\"mh-excerpt-more\" href=\"https:\/\/www.invarena.cz\/?p=18174\" title=\"MPSV pl\u00e1nuje zaveden\u00ed &#8222;pe\u010dovatelsk\u00e9 dovolen\u00e9&#8220;\">[&#8230;]<\/a><\/p>\n<\/div>","protected":false},"author":1,"featured_media":17515,"comment_status":"open","ping_status":"closed","sticky":false,"template":"","format":"standard","meta":{"footnotes":""},"categories":[6],"tags":[],"class_list":["post-18174","post","type-post","status-publish","format-standard","has-post-thumbnail","hentry","category-politika"],"_links":{"self":[{"href":"https:\/\/www.invarena.cz\/index.php?rest_route=\/wp\/v2\/posts\/18174","targetHints":{"allow":["GET"]}}],"collection":[{"href":"https:\/\/www.invarena.cz\/index.php?rest_route=\/wp\/v2\/posts"}],"about":[{"href":"https:\/\/www.invarena.cz\/index.php?rest_route=\/wp\/v2\/types\/post"}],"author":[{"embeddable":true,"href":"https:\/\/www.invarena.cz\/index.php?rest_route=\/wp\/v2\/users\/1"}],"replies":[{"embeddable":true,"href":"https:\/\/www.invarena.cz\/index.php?rest_route=%2Fwp%2Fv2%2Fcomments&post=18174"}],"version-history":[{"count":0,"href":"https:\/\/www.invarena.cz\/index.php?rest_route=\/wp\/v2\/posts\/18174\/revisions"}],"wp:featuredmedia":[{"embeddable":true,"href":"https:\/\/www.invarena.cz\/index.php?rest_route=\/wp\/v2\/media\/17515"}],"wp:attachment":[{"href":"https:\/\/www.invarena.cz\/index.php?rest_route=%2Fwp%2Fv2%2Fmedia&parent=18174"}],"wp:term":[{"taxonomy":"category","embeddable":true,"href":"https:\/\/www.invarena.cz\/index.php?rest_route=%2Fwp%2Fv2%2Fcategories&post=18174"},{"taxonomy":"post_tag","embeddable":true,"href":"https:\/\/www.invarena.cz\/index.php?rest_route=%2Fwp%2Fv2%2Ftags&post=18174"}],"curies":[{"name":"wp","href":"https:\/\/api.w.org\/{rel}","templated":true}]}}